{"id":1052,"date":"2013-06-05T16:23:02","date_gmt":"2013-06-05T16:23:02","guid":{"rendered":"http:\/\/www.jurajski-fotoklub.pl\/?p=1052"},"modified":"2013-09-03T15:49:50","modified_gmt":"2013-09-03T15:49:50","slug":"wystawa-czlonkow-jurajskiego-fotoklubu-rp","status":"publish","type":"post","link":"https:\/\/www.jurajski-fotoklub.pl\/index.php\/wystawa-czlonkow-jurajskiego-fotoklubu-rp\/","title":{"rendered":"<center>Wystawa Czlonk\u00f3w Jurajskiego Fotoklubu RP<\/center>"},"content":{"rendered":"<p style=\"text-align: center;\"><a href=\"https:\/\/www.jurajski-fotoklub.pl\/?attachment_id=1169\"><img loading=\"lazy\" decoding=\"async\" class=\"aligncenter size-large wp-image-1053\" alt=\"zapjurfot\" src=\"https:\/\/www.jurajski-fotoklub.pl\/wp-content\/uploads\/2013\/06\/zapjurfot-1024x435.jpg\" width=\"627\" height=\"266\" srcset=\"https:\/\/www.jurajski-fotoklub.pl\/wp-content\/uploads\/2013\/06\/zapjurfot-1024x435.jpg 1024w, https:\/\/www.jurajski-fotoklub.pl\/wp-content\/uploads\/2013\/06\/zapjurfot-300x127.jpg 300w, https:\/\/www.jurajski-fotoklub.pl\/wp-content\/uploads\/2013\/06\/zapjurfot.jpg 1159w\" sizes=\"auto, (max-width: 627px) 100vw, 627px\" \/>Katalog wystawy<br \/>\n<\/a><\/p>\n<p style=\"text-align: center;\">\n<p><span style=\"color: #c0c0c0;\">Kolejna wystawa prac cz\u0142onk\u00f3w Jurajskiego Fotoklubu RP zamyka a jednocze\u015bnie otwiera nowy okres w dzia\u0142alno\u015bci tej organizacji. Prezentowane fotografie s\u0105 autorstwa aktualnych, czynnie dzia\u0142aj\u0105cych cz\u0142onk\u00f3w Fotoklubu jak i fotograf\u00f3w zwi\u0105zanych z Fotoklubem w latach ubieg\u0142ych.<!--more--><\/span><\/p>\n<p><span style=\"color: #c0c0c0;\">W tematyce prezentowanych prac do\u015b\u0107 wyra\u017anie daje si\u0119 zauwa\u017cy\u0107 licznie reprezentowany nurt fotografii podr\u00f3\u017cniczej, kt\u00f3ra do\u015b\u0107 wyra\u017anie zdominowa\u0142a ca\u0142\u0105 prezentacj\u0119. Kilkunastu autor\u00f3w pokaza\u0142o tak\u017ce interesuj\u0105ce, tw\u00f3rcze poszukiwania indywidualnego przekazu artystycznej wypowiedzi eksperymentuj\u0105c z r\u00f3\u017cnymi technikami fotograficznymi. Wielu tw\u00f3rc\u00f3w preferuje tak\u017ce fotografie dla kt\u00f3rych obraz jest intelektualn\u0105 przygod\u0105 z otaczaj\u0105c\u0105 nas rzeczywisto\u015bci\u0105. Inni z kolei pragn\u0105 zainteresowa\u0107 widza aktualnymi problemami spo\u0142ecznymi, wpisuj\u0105c si\u0119 w wypowied\u017a zwi\u0105zan\u0105 z fotografi\u0105 reporta\u017cow\u0105. Ale wszystkie te fotografie znakomicie ilustruj\u0105 s\u0142owa znanego fotografa Roberta Bressona cyt. <i>\u201eFotografuj\u0105c staraj si\u0119 pokaza\u0107 to czego bez ciebie, nikt by nie zobaczy\u0142.\u201d\u00a0 <\/i><\/span><\/p>\n<p><span style=\"color: #c0c0c0;\">Wystawa Jurajskiego Fotoklubu RP w Galerii ART-FOTO jest pierwsz\u0105 wystaw\u0105 w nowych strukturach organizacyjnych. Stali\u015bmy si\u0119 oficjalnie zarejestrowanym stowarzyszeniem posiadaj\u0105cym osobowo\u015b\u0107 prawn\u0105. Jako nowy prezes Fotoklubu wraz z nowym zarz\u0105dem uznali\u015bmy, \u017ce jest to alternatywa w znaczny spos\u00f3b zwi\u0119kszaj\u0105ca mo\u017cliwo\u015bci dzia\u0142alno\u015bci upowszechnieniowej fotografii zar\u00f3wno dla cz\u0142onk\u00f3w jak i mieszka\u0144c\u00f3w naszego miasta oraz subregionu. Spotka\u0142o si\u0119 z akceptacj\u0105 cz\u0142onk\u00f3w nale\u017c\u0105cych ju\u017c do Fotoklubu oraz zaowocowa\u0142o pozyskaniem wielu nowych cz\u0142onk\u00f3w zaczynaj\u0105cych swoja przygod\u0119 z fotografi\u0105. Obecnie Jurajski Fotoklub Rzeczpospolitej Polskiej Stowarzyszenie Tw\u00f3rc\u00f3w liczy 34 cz\u0142onk\u00f3w i ci\u0105gle przybywa nowych kandydat\u00f3w.<\/span><\/p>\n<p><span style=\"color: #c0c0c0;\">Bardzo serdecznie dzi\u0119kuj\u0119 zaanga\u017cowaniu nowemu zarz\u0105dowi, wszystkim tym cz\u0142onkom kt\u00f3rzy aktywnie w\u0142\u0105czyli si\u0119 w dzia\u0142alno\u015b\u0107 Fotoklubu. Dzi\u0119ki ich inicjatywom istnieje strona internetowa Fotoklubu <a href=\"https:\/\/www.jurajski-fotoklub.pl\"><span style=\"color: #c0c0c0;\">www.jurajski-fotoklub.pl<\/span><\/a> bez kt\u00f3rej nie wyobra\u017cam sobie szerokiej dzia\u0142alno\u015bci statutowej, kt\u00f3ra mam nadzieje uda si\u0119 nam w pe\u0142ni realizowa\u0107. Z pewno\u015bci\u0105 nie by\u0142a by mo\u017cliwa nasza dzia\u0142alno\u015b\u0107 bez przychylno\u015bci Pani Anny Operacz, dyrektora Regionalnego O\u015brodka Kultury w Cz\u0119stochowie, gdzie znajduje si\u0119 siedziba naszego stowarzyszenia.<\/span><\/p>\n<p><span style=\"color: #c0c0c0;\">Kiedy sztuka \u0142\u0105czy a nie dzieli a fotografia staje si\u0119 pomostem do nawi\u0105zania ciekawych kontakt\u00f3w mi\u0119dzy lud\u017ami tw\u00f3rczo zaanga\u017cowanych w realizowaniu siebie za pomoc\u0105 obrazu, wydaje si\u0119, \u017ce rodzi si\u0119 sens filozofii istnienia. Istnienia \u015bwiata, istnienia cz\u0142owiecze\u0144stwa a \u015bwiat wbrew pozorom nie jest mia\u0142ki, tandetny i byle jaki.<\/span><\/p>\n<p><span style=\"color: #c0c0c0;\">Zapraszam wszystkich, kt\u00f3rych interesuje fotografia jako zjawisko postrzegania \u015bwiata w spos\u00f3b niebanalny, kt\u00f3rzy szukaj\u0105 swojej drogi tw\u00f3rczej i staraj\u0105 si\u0119 patrze\u0107 bez nienawi\u015bci, z optymizmem na \u00a0otaczaj\u0105c\u0105 nas wielokulturowo\u015b\u0107 i odmienno\u015b\u0107 ideow\u0105.<\/span><\/p>\n<p><span style=\"color: #c0c0c0;\">\u00a0<\/span><\/p>\n<p align=\"right\"><span style=\"color: #c0c0c0;\"><i>S\u0142awomir Jod\u0142owski, art.-fotografik<\/i><\/span><\/p>\n<p align=\"right\"><span style=\"color: #c0c0c0;\">Prezes Jurajskiego Fotoklubu RP<\/span><\/p>\n<p align=\"right\"><span style=\"color: #c0c0c0;\">Stowarzyszenie Tw\u00f3rc\u00f3w<\/span><\/p>\n","protected":false},"excerpt":{"rendered":"<p>Katalog wystawy Kolejna wystawa prac cz\u0142onk\u00f3w Jurajskiego Fotoklubu RP zamyka a jednocze\u015bnie otwiera nowy okres w dzia\u0142alno\u015bci tej organizacji. Prezentowane fotografie s\u0105 autorstwa aktualnych, czynnie dzia\u0142aj\u0105cych cz\u0142onk\u00f3w Fotoklubu jak i fotograf\u00f3w zwi\u0105zanych z Fotoklubem w latach ubieg\u0142ych.<\/p>\n","protected":false},"author":1,"featured_media":0,"comment_status":"open","ping_status":"open","sticky":false,"template":"","format":"standard","meta":{"footnotes":""},"categories":[1],"tags":[],"class_list":["post-1052","post","type-post","status-publish","format-standard","hentry","category-uncategorized"],"_links":{"self":[{"href":"https:\/\/www.jurajski-fotoklub.pl\/index.php\/wp-json\/wp\/v2\/posts\/1052","targetHints":{"allow":["GET"]}}],"collection":[{"href":"https:\/\/www.jurajski-fotoklub.pl\/index.php\/wp-json\/wp\/v2\/posts"}],"about":[{"href":"https:\/\/www.jurajski-fotoklub.pl\/index.php\/wp-json\/wp\/v2\/types\/post"}],"author":[{"embeddable":true,"href":"https:\/\/www.jurajski-fotoklub.pl\/index.php\/wp-json\/wp\/v2\/users\/1"}],"replies":[{"embeddable":true,"href":"https:\/\/www.jurajski-fotoklub.pl\/index.php\/wp-json\/wp\/v2\/comments?post=1052"}],"version-history":[{"count":8,"href":"https:\/\/www.jurajski-fotoklub.pl\/index.php\/wp-json\/wp\/v2\/posts\/1052\/revisions"}],"predecessor-version":[{"id":1055,"href":"https:\/\/www.jurajski-fotoklub.pl\/index.php\/wp-json\/wp\/v2\/posts\/1052\/revisions\/1055"}],"wp:attachment":[{"href":"https:\/\/www.jurajski-fotoklub.pl\/index.php\/wp-json\/wp\/v2\/media?parent=1052"}],"wp:term":[{"taxonomy":"category","embeddable":true,"href":"https:\/\/www.jurajski-fotoklub.pl\/index.php\/wp-json\/wp\/v2\/categories?post=1052"},{"taxonomy":"post_tag","embeddable":true,"href":"https:\/\/www.jurajski-fotoklub.pl\/index.php\/wp-json\/wp\/v2\/tags?post=1052"}],"curies":[{"name":"wp","href":"https:\/\/api.w.org\/{rel}","templated":true}]}}