{"id":1075,"date":"2013-06-06T14:18:35","date_gmt":"2013-06-06T14:18:35","guid":{"rendered":"http:\/\/www.jurajski-fotoklub.pl\/?p=1075"},"modified":"2013-06-06T14:19:10","modified_gmt":"2013-06-06T14:19:10","slug":"fotografie-justyny-janus-w-digital-foto-video","status":"publish","type":"post","link":"https:\/\/www.jurajski-fotoklub.pl\/index.php\/fotografie-justyny-janus-w-digital-foto-video\/","title":{"rendered":"<center>Fotografie Justyny Janus w Digital Foto Video<\/center>"},"content":{"rendered":"<p style=\"text-align: center;\"><span style=\"color: #c0c0c0;\">Fotografie Justyny Janus, naszej klubowej kole\u017canki znalaz\u0142y si\u0119 w Digital Foto Video.<\/span><\/p>\n<p style=\"text-align: center;\"><span style=\"color: #c0c0c0;\">S\u0105 to fotografie z warsztatow Lumix Street Photo.<\/span><\/p>\n<p style=\"text-align: center;\"><span style=\"color: #c0c0c0;\">Gratulujemy publikacji i \u017cyczymy sukces\u00f3w!!!<\/span><\/p>\n<p style=\"text-align: center;\"><a href=\"https:\/\/www.jurajski-fotoklub.pl\/wp-content\/uploads\/2013\/06\/small_justyna_janus.jpg\"><img loading=\"lazy\" decoding=\"async\" class=\"size-medium wp-image-1076 alignleft\" alt=\"small_justyna_janus\" src=\"https:\/\/www.jurajski-fotoklub.pl\/wp-content\/uploads\/2013\/06\/small_justyna_janus-300x225.jpg\" width=\"300\" height=\"225\" srcset=\"https:\/\/www.jurajski-fotoklub.pl\/wp-content\/uploads\/2013\/06\/small_justyna_janus-300x225.jpg 300w, https:\/\/www.jurajski-fotoklub.pl\/wp-content\/uploads\/2013\/06\/small_justyna_janus.jpg 800w\" sizes=\"auto, (max-width: 300px) 100vw, 300px\" \/><\/a><a href=\"https:\/\/www.jurajski-fotoklub.pl\/wp-content\/uploads\/2013\/06\/small_justyna_janus1.jpg\"><img loading=\"lazy\" decoding=\"async\" class=\"aligncenter size-medium wp-image-1077\" alt=\"small_justyna_janus\" src=\"https:\/\/www.jurajski-fotoklub.pl\/wp-content\/uploads\/2013\/06\/small_justyna_janus1-300x281.jpg\" width=\"300\" height=\"281\" srcset=\"https:\/\/www.jurajski-fotoklub.pl\/wp-content\/uploads\/2013\/06\/small_justyna_janus1-300x281.jpg 300w, https:\/\/www.jurajski-fotoklub.pl\/wp-content\/uploads\/2013\/06\/small_justyna_janus1.jpg 800w\" sizes=\"auto, (max-width: 300px) 100vw, 300px\" \/><\/a><\/p>\n","protected":false},"excerpt":{"rendered":"<p>Fotografie Justyny Janus, naszej klubowej kole\u017canki znalaz\u0142y si\u0119 w Digital Foto Video. S\u0105 to fotografie z warsztatow Lumix Street Photo. Gratulujemy publikacji i \u017cyczymy sukces\u00f3w!!!<\/p>\n","protected":false},"author":1,"featured_media":0,"comment_status":"open","ping_status":"open","sticky":false,"template":"","format":"standard","meta":{"footnotes":""},"categories":[1],"tags":[],"class_list":["post-1075","post","type-post","status-publish","format-standard","hentry","category-uncategorized"],"_links":{"self":[{"href":"https:\/\/www.jurajski-fotoklub.pl\/index.php\/wp-json\/wp\/v2\/posts\/1075","targetHints":{"allow":["GET"]}}],"collection":[{"href":"https:\/\/www.jurajski-fotoklub.pl\/index.php\/wp-json\/wp\/v2\/posts"}],"about":[{"href":"https:\/\/www.jurajski-fotoklub.pl\/index.php\/wp-json\/wp\/v2\/types\/post"}],"author":[{"embeddable":true,"href":"https:\/\/www.jurajski-fotoklub.pl\/index.php\/wp-json\/wp\/v2\/users\/1"}],"replies":[{"embeddable":true,"href":"https:\/\/www.jurajski-fotoklub.pl\/index.php\/wp-json\/wp\/v2\/comments?post=1075"}],"version-history":[{"count":3,"href":"https:\/\/www.jurajski-fotoklub.pl\/index.php\/wp-json\/wp\/v2\/posts\/1075\/revisions"}],"predecessor-version":[{"id":1080,"href":"https:\/\/www.jurajski-fotoklub.pl\/index.php\/wp-json\/wp\/v2\/posts\/1075\/revisions\/1080"}],"wp:attachment":[{"href":"https:\/\/www.jurajski-fotoklub.pl\/index.php\/wp-json\/wp\/v2\/media?parent=1075"}],"wp:term":[{"taxonomy":"category","embeddable":true,"href":"https:\/\/www.jurajski-fotoklub.pl\/index.php\/wp-json\/wp\/v2\/categories?post=1075"},{"taxonomy":"post_tag","embeddable":true,"href":"https:\/\/www.jurajski-fotoklub.pl\/index.php\/wp-json\/wp\/v2\/tags?post=1075"}],"curies":[{"name":"wp","href":"https:\/\/api.w.org\/{rel}","templated":true}]}}