{"id":1151,"date":"2013-08-28T17:45:26","date_gmt":"2013-08-28T17:45:26","guid":{"rendered":"http:\/\/www.jurajski-fotoklub.pl\/?p=1151"},"modified":"2013-09-27T17:10:56","modified_gmt":"2013-09-27T17:10:56","slug":"fotomaraton-2013","status":"publish","type":"post","link":"https:\/\/www.jurajski-fotoklub.pl\/index.php\/fotomaraton-2013\/","title":{"rendered":"FOTOMARATON 2013"},"content":{"rendered":"<p><a href=\"https:\/\/www.jurajski-fotoklub.pl\/wp-content\/uploads\/2013\/08\/logo-Fundacja-Festiwal-Sztuki-Fotoreporta\u017cu.jpg\"><img loading=\"lazy\" decoding=\"async\" class=\"size-thumbnail wp-image-1152 alignleft\" alt=\"logo Fundacja Festiwal Sztuki Fotoreporta\u017cu\" src=\"https:\/\/www.jurajski-fotoklub.pl\/wp-content\/uploads\/2013\/08\/logo-Fundacja-Festiwal-Sztuki-Fotoreporta\u017cu-200x200.jpg\" width=\"200\" height=\"200\" \/><\/a> <a href=\"https:\/\/www.jurajski-fotoklub.pl\/wp-content\/uploads\/2013\/08\/logo_fotomaraton.jpg\"><img loading=\"lazy\" decoding=\"async\" class=\"size-thumbnail wp-image-1153 alignright\" alt=\"logo_fotomaraton\" src=\"https:\/\/www.jurajski-fotoklub.pl\/wp-content\/uploads\/2013\/08\/logo_fotomaraton-200x200.jpg\" width=\"152\" height=\"152\" \/><\/a><\/p>\n<p align=\"center\"><span style=\"color: #c0c0c0;\"><b><i>\u201eFOTOMARATON 2013\u201d 1dzie\u0144, 8 godzin, 1 temat, 10 motyw\u00f3w,<br \/>\nTomasz Tomaszewski i Maciek Nabrdalik w Kapitule. Cenne nagrody od Nikon Polska<\/i><\/b><\/span><\/p>\n<p style=\"text-align: center;\"><span style=\"color: #c0c0c0;\"><b><i>Cz\u0119stochowa 28-29 wrzesie\u0144 2013 r.<\/i><\/b><\/span><\/p>\n<p style=\"text-align: center;\"><span style=\"color: #c0c0c0;\">Konkurs jest wsp\u00f3\u0142organiozowany przez naszego klubowego koleg\u0119 <\/span><\/p>\n<p style=\"text-align: center;\"><span style=\"color: #c0c0c0;\">Marcina Szp\u0105drowskiego<\/span><\/p>\n<p style=\"text-align: center;\"><span style=\"color: #c0c0c0;\">\u00a0Oficjalna strona konkursu:<\/span><\/p>\n<p style=\"text-align: center;\"><span style=\"color: #c0c0c0;\"><a href=\"http:\/\/festiwalfotoreportazu.info\/\"><span style=\"color: #c0c0c0;\">http:\/\/festiwalfotoreportazu.info\/<\/span><\/a><\/span><\/p>\n","protected":false},"excerpt":{"rendered":"<p>\u201eFOTOMARATON 2013\u201d 1dzie\u0144, 8 godzin, 1 temat, 10 motyw\u00f3w, Tomasz Tomaszewski i Maciek Nabrdalik w Kapitule. Cenne nagrody od Nikon Polska Cz\u0119stochowa 28-29 wrzesie\u0144 2013 r. Konkurs jest wsp\u00f3\u0142organiozowany przez naszego klubowego koleg\u0119 Marcina Szp\u0105drowskiego \u00a0Oficjalna strona konkursu: http:\/\/festiwalfotoreportazu.info\/<\/p>\n","protected":false},"author":1,"featured_media":0,"comment_status":"open","ping_status":"open","sticky":false,"template":"","format":"standard","meta":{"footnotes":""},"categories":[1],"tags":[],"class_list":["post-1151","post","type-post","status-publish","format-standard","hentry","category-uncategorized"],"_links":{"self":[{"href":"https:\/\/www.jurajski-fotoklub.pl\/index.php\/wp-json\/wp\/v2\/posts\/1151","targetHints":{"allow":["GET"]}}],"collection":[{"href":"https:\/\/www.jurajski-fotoklub.pl\/index.php\/wp-json\/wp\/v2\/posts"}],"about":[{"href":"https:\/\/www.jurajski-fotoklub.pl\/index.php\/wp-json\/wp\/v2\/types\/post"}],"author":[{"embeddable":true,"href":"https:\/\/www.jurajski-fotoklub.pl\/index.php\/wp-json\/wp\/v2\/users\/1"}],"replies":[{"embeddable":true,"href":"https:\/\/www.jurajski-fotoklub.pl\/index.php\/wp-json\/wp\/v2\/comments?post=1151"}],"version-history":[{"count":12,"href":"https:\/\/www.jurajski-fotoklub.pl\/index.php\/wp-json\/wp\/v2\/posts\/1151\/revisions"}],"predecessor-version":[{"id":1157,"href":"https:\/\/www.jurajski-fotoklub.pl\/index.php\/wp-json\/wp\/v2\/posts\/1151\/revisions\/1157"}],"wp:attachment":[{"href":"https:\/\/www.jurajski-fotoklub.pl\/index.php\/wp-json\/wp\/v2\/media?parent=1151"}],"wp:term":[{"taxonomy":"category","embeddable":true,"href":"https:\/\/www.jurajski-fotoklub.pl\/index.php\/wp-json\/wp\/v2\/categories?post=1151"},{"taxonomy":"post_tag","embeddable":true,"href":"https:\/\/www.jurajski-fotoklub.pl\/index.php\/wp-json\/wp\/v2\/tags?post=1151"}],"curies":[{"name":"wp","href":"https:\/\/api.w.org\/{rel}","templated":true}]}}