{"id":1165,"date":"2013-08-30T07:50:07","date_gmt":"2013-08-30T07:50:07","guid":{"rendered":"http:\/\/www.jurajski-fotoklub.pl\/?p=1165"},"modified":"2013-09-12T10:10:32","modified_gmt":"2013-09-12T10:10:32","slug":"nowosc-wyklady-na-temat-fotografii","status":"publish","type":"post","link":"https:\/\/www.jurajski-fotoklub.pl\/index.php\/nowosc-wyklady-na-temat-fotografii\/","title":{"rendered":"NOWO\u015a\u0106 !!! Wyk\u0142ady na temat fotografii"},"content":{"rendered":"<p><a href=\"https:\/\/www.jurajski-fotoklub.pl\/wp-content\/uploads\/2013\/08\/41BE.jpg\"><img loading=\"lazy\" decoding=\"async\" class=\"size-thumbnail wp-image-1164 alignleft\" alt=\"41BE\" src=\"https:\/\/www.jurajski-fotoklub.pl\/wp-content\/uploads\/2013\/08\/41BE-200x200.jpg\" width=\"200\" height=\"200\" \/><\/a><\/p>\n<p align=\"center\"><span style=\"color: #c0c0c0;\"><b>fotografia \u2013 od podstaw do profesjonalizmu<\/b><\/span><\/p>\n<p align=\"center\"><span style=\"color: #c0c0c0;\"><b>podstawy fotografii &#8211; historia i technika.<\/b><\/span><\/p>\n<p><span style=\"color: #c0c0c0;\">Na pierwszym spotkaniu, om\u00f3wiony zosta\u0142 rozw\u00f3j techniki fotograficznej, od pierwszych eksperyment\u00f3w do umocnienia si\u0119 na pozycji lidera procesu negatywowo-pozytywowego. Pierwsze eksperymenty tw\u00f3rcze i poszukiwania to\u017csamo\u015bci fotograficznego medium. Rozw\u00f3j przemys\u0142u optycznego, fototechnicznego do czas\u00f3w popularnego i dzi\u015b systemu \u201eM42\u201d. Prezentacja kilku ciekawych aparat\u00f3w\u00a0 fotograficznych techniki analogowej. A co tak naprawd\u0119 nas mo\u017ce zakr\u0119ci\u0107 w \u201eM42\u201d dowiedzieli\u015bmy si\u0119 od Janusza St\u0119pnia, kt\u00f3ry poprowadzi\u0142 wyk\u0142ad w poniedzia\u0142ek 2-giego wrze\u015bnia, a jest to ponownie praktykuj\u0105cy sympatyk \u201eM42\u201d. Du\u017c\u0105 niespodziank\u0105 by\u0142 wyk\u0142ad by\u0142ego prezesa Oddzia\u0142u Jurajskiego Fotoklubu RP Janusza Mielczarka kt\u00f3ry om\u00f3wi\u0142 technik\u0119 fotografii otworkowej.<br \/>\n<\/span><\/p>\n<p style=\"text-align: center;\">[nggalbum id=9 template=compact]<\/p>\n<p><span style=\"color: #c0c0c0;\">\u00a0<\/span><\/p>\n","protected":false},"excerpt":{"rendered":"<p>fotografia \u2013 od podstaw do profesjonalizmu podstawy fotografii &#8211; historia i technika. Na pierwszym spotkaniu, om\u00f3wiony zosta\u0142 rozw\u00f3j techniki fotograficznej, od pierwszych eksperyment\u00f3w do umocnienia si\u0119 na pozycji lidera procesu negatywowo-pozytywowego. Pierwsze eksperymenty tw\u00f3rcze i poszukiwania to\u017csamo\u015bci fotograficznego medium. Rozw\u00f3j przemys\u0142u optycznego, fototechnicznego do czas\u00f3w popularnego i dzi\u015b systemu \u201eM42\u201d. Prezentacja kilku ciekawych aparat\u00f3w\u00a0 fotograficznych [&hellip;]<\/p>\n","protected":false},"author":1,"featured_media":0,"comment_status":"open","ping_status":"open","sticky":false,"template":"","format":"standard","meta":{"footnotes":""},"categories":[1],"tags":[],"class_list":["post-1165","post","type-post","status-publish","format-standard","hentry","category-uncategorized"],"_links":{"self":[{"href":"https:\/\/www.jurajski-fotoklub.pl\/index.php\/wp-json\/wp\/v2\/posts\/1165","targetHints":{"allow":["GET"]}}],"collection":[{"href":"https:\/\/www.jurajski-fotoklub.pl\/index.php\/wp-json\/wp\/v2\/posts"}],"about":[{"href":"https:\/\/www.jurajski-fotoklub.pl\/index.php\/wp-json\/wp\/v2\/types\/post"}],"author":[{"embeddable":true,"href":"https:\/\/www.jurajski-fotoklub.pl\/index.php\/wp-json\/wp\/v2\/users\/1"}],"replies":[{"embeddable":true,"href":"https:\/\/www.jurajski-fotoklub.pl\/index.php\/wp-json\/wp\/v2\/comments?post=1165"}],"version-history":[{"count":4,"href":"https:\/\/www.jurajski-fotoklub.pl\/index.php\/wp-json\/wp\/v2\/posts\/1165\/revisions"}],"predecessor-version":[{"id":1168,"href":"https:\/\/www.jurajski-fotoklub.pl\/index.php\/wp-json\/wp\/v2\/posts\/1165\/revisions\/1168"}],"wp:attachment":[{"href":"https:\/\/www.jurajski-fotoklub.pl\/index.php\/wp-json\/wp\/v2\/media?parent=1165"}],"wp:term":[{"taxonomy":"category","embeddable":true,"href":"https:\/\/www.jurajski-fotoklub.pl\/index.php\/wp-json\/wp\/v2\/categories?post=1165"},{"taxonomy":"post_tag","embeddable":true,"href":"https:\/\/www.jurajski-fotoklub.pl\/index.php\/wp-json\/wp\/v2\/tags?post=1165"}],"curies":[{"name":"wp","href":"https:\/\/api.w.org\/{rel}","templated":true}]}}