{"id":1208,"date":"2013-09-19T07:48:52","date_gmt":"2013-09-19T07:48:52","guid":{"rendered":"http:\/\/www.jurajski-fotoklub.pl\/?p=1208"},"modified":"2013-09-21T08:48:12","modified_gmt":"2013-09-21T08:48:12","slug":"sympozjum-wklad-polakow-w-rozwoj-swiatowej-fotografii-i-kinematografii","status":"publish","type":"post","link":"https:\/\/www.jurajski-fotoklub.pl\/index.php\/sympozjum-wklad-polakow-w-rozwoj-swiatowej-fotografii-i-kinematografii\/","title":{"rendered":"Sympozjum : Wk\u0142ad Polak\u00f3w w rozw\u00f3j \u015bwiatowej fotografii i kinematografii"},"content":{"rendered":"<p style=\"text-align: center;\">Muzeum Produkcji Zapa\u0142ek i Instytut Sztuk Pi\u0119knych AJD organizuje i zaprasza na sympozjum<\/p>\n<p style=\"text-align: center;\">Wk\u0142ad Polak\u00f3w w rozw\u00f3j \u015bwiatowej fotografii i kinematografii.<\/p>\n<p align=\"center\">Sympozjum zorganizowane z okazji 100 lecia realizacji filmu \u201ePo\u017car zapa\u0142czarni\u201d<\/p>\n<p align=\"center\">poni\u017cej pe\u0142ny program<!--more--><b>Wk\u0142ad Polak\u00f3w w rozw\u00f3j \u015bwiatowej fotografii i kinematografii<\/b><\/p>\n<p align=\"center\">Organizatorzy: Muzeum Produkcji Zapa\u0142ek, Instytut Sztuk Pi\u0119knych AJD<\/p>\n<p align=\"center\">Wsp\u00f3\u0142finansowanie: Urz\u0105d Miasta Cz\u0119stochowy<\/p>\n<p align=\"center\">Patronat honorowy: Stowarzyszenie Historyk\u00f3w Fotografii<\/p>\n<p align=\"center\"><b>\u00a0<\/b><\/p>\n<p align=\"center\">Sympozjum zorganizowane z okazji 100 lecia realizacji filmu \u201ePo\u017car zapa\u0142czarni\u201d<\/p>\n<p align=\"center\"><b>\u00a0<\/b><\/p>\n<p align=\"center\"><b>Program<\/b><\/p>\n<p align=\"center\"><b>Go\u015bcie honorowi: <\/b><\/p>\n<p align=\"center\"><b>Prof. IS PAN Wanda Mossakowska, Prof. Marek Chmielewski, Prof. Stefan Czy\u017cewski Prof. Stefan Wojnecki, <\/b><\/p>\n<p><b>19.09.\u00a02013 r.<\/b><\/p>\n<p>godz. 12.00-13.30 &#8211; zakwaterowanie w Hotelu AJD (Budynek G\u0142\u00f3wny AJD)<\/p>\n<p>13.30-14.30 &#8211; obiad (Budynek G\u0142\u00f3wny AJD)<\/p>\n<p>14.40-15.00 &#8211; przejazd do Muzeum Produkcji\u00a0Zapa\u0142ek<\/p>\n<p>15.00 -15.45 &#8211; zwiedzanie Muzeum<\/p>\n<p>15.45 &#8211; uroczyste otwarcie sympozjum<\/p>\n<p>16.00 &#8211; 17.00 &#8211; I tura obrad<\/p>\n<p>-Aleksander \u017bakowicz (Uniwersytet \u015al\u0105ski, SHF, SHS)<\/p>\n<p><i>\u00a0Leon Warnerke (W\u0142adys\u0142aw Ma\u0142achowski) i jego patenty<\/i><\/p>\n<p>-M. Zi\u0119tkiewicz-Szlendak (Biblioteka Narodowa, SHS)<\/p>\n<p><i>\u00a0Wk\u0142ad Konrada Brandla w rozw\u00f3j polskiej fotografii naukowej<\/i><\/p>\n<p>17.00 -17.30 &#8211; przerwa kawowa<\/p>\n<p>17.30 -18.30 &#8211; II tura obrad<\/p>\n<p>-Wies\u0142aw Hudon (Uniwersytet \u015al\u0105ski)<\/p>\n<p><i>\u00a0Leopold Humnicki &#8211; pierwszy dagerotypista Szwajcarii<\/i><\/p>\n<p>-Marek Maszczak (Muzeum Historii Fotografii, Krak\u00f3w)<\/p>\n<p><i>\u00a0Polskie prototypowe aparaty fotograficzne w zbiorach Muzeum Historii Fotografii<\/i><\/p>\n<p>18.40 -19.30 &#8211; uroczysta kolacja (Budynek G\u0142\u00f3wny AJD)<\/p>\n<p>&nbsp;<\/p>\n<p><b>20.09. 2013 r.<\/b><\/p>\n<p>godz. 8.00 -9.30 &#8211; \u015bniadanie (Budynek G\u0142\u00f3wny AJD)<\/p>\n<p>10.00 &#8211; 11.30 &#8211; I tura obrad (sala Senatu AJD)<\/p>\n<p>-Piotr Nowak (Politechnika Wroc\u0142awska)<\/p>\n<p><i>\u00a0Znaczenie dorobku naukowego Katedry-Zak\u0142adu Fototechniki Politechniki Wroc\u0142awskiej<\/i><\/p>\n<p>-Jerzy Piwowarski (Akademia im. J. D\u0142ugosza, SHF, SHS)<\/p>\n<p><i>\u00a0Profesor Witold Romer i jego wk\u0142ad w rozw\u00f3j fotografii<\/i><\/p>\n<p>10.30 -11.00 &#8211; przerwa kawowa<\/p>\n<p>11.00 -12.00 &#8211; II tura obrad<\/p>\n<p>-Zbigniew Tomaszczuk (Akademia Sztuk Pi\u0119knych, Warszawa)<\/p>\n<p><i>\u00a0Zwi\u0105zki mi\u0119dzy konstrukcja aparat\u00f3w, a estetyka otrzymywanych obraz\u00f3w<\/i><\/p>\n<p>-Grzegorz Banaszkiewicz (Akademia im. J. D\u0142ugosza)<\/p>\n<p><i>\u00a0Fotoplastikon cyfrowy. Cz\u0119stochowska diaporama<\/i><\/p>\n<p>12.00 &#8211; Podsumowanie i zako\u0144czenie sympozjum<\/p>\n","protected":false},"excerpt":{"rendered":"<p>Muzeum Produkcji Zapa\u0142ek i Instytut Sztuk Pi\u0119knych AJD organizuje i zaprasza na sympozjum Wk\u0142ad Polak\u00f3w w rozw\u00f3j \u015bwiatowej fotografii i kinematografii. Sympozjum zorganizowane z okazji 100 lecia realizacji filmu \u201ePo\u017car zapa\u0142czarni\u201d poni\u017cej pe\u0142ny program<\/p>\n","protected":false},"author":1,"featured_media":0,"comment_status":"open","ping_status":"open","sticky":false,"template":"","format":"standard","meta":{"footnotes":""},"categories":[1],"tags":[],"class_list":["post-1208","post","type-post","status-publish","format-standard","hentry","category-uncategorized"],"_links":{"self":[{"href":"https:\/\/www.jurajski-fotoklub.pl\/index.php\/wp-json\/wp\/v2\/posts\/1208","targetHints":{"allow":["GET"]}}],"collection":[{"href":"https:\/\/www.jurajski-fotoklub.pl\/index.php\/wp-json\/wp\/v2\/posts"}],"about":[{"href":"https:\/\/www.jurajski-fotoklub.pl\/index.php\/wp-json\/wp\/v2\/types\/post"}],"author":[{"embeddable":true,"href":"https:\/\/www.jurajski-fotoklub.pl\/index.php\/wp-json\/wp\/v2\/users\/1"}],"replies":[{"embeddable":true,"href":"https:\/\/www.jurajski-fotoklub.pl\/index.php\/wp-json\/wp\/v2\/comments?post=1208"}],"version-history":[{"count":5,"href":"https:\/\/www.jurajski-fotoklub.pl\/index.php\/wp-json\/wp\/v2\/posts\/1208\/revisions"}],"predecessor-version":[{"id":1216,"href":"https:\/\/www.jurajski-fotoklub.pl\/index.php\/wp-json\/wp\/v2\/posts\/1208\/revisions\/1216"}],"wp:attachment":[{"href":"https:\/\/www.jurajski-fotoklub.pl\/index.php\/wp-json\/wp\/v2\/media?parent=1208"}],"wp:term":[{"taxonomy":"category","embeddable":true,"href":"https:\/\/www.jurajski-fotoklub.pl\/index.php\/wp-json\/wp\/v2\/categories?post=1208"},{"taxonomy":"post_tag","embeddable":true,"href":"https:\/\/www.jurajski-fotoklub.pl\/index.php\/wp-json\/wp\/v2\/tags?post=1208"}],"curies":[{"name":"wp","href":"https:\/\/api.w.org\/{rel}","templated":true}]}}