{"id":1252,"date":"2013-09-27T17:21:57","date_gmt":"2013-09-27T17:21:57","guid":{"rendered":"http:\/\/www.jurajski-fotoklub.pl\/?p=1252"},"modified":"2013-09-27T17:22:15","modified_gmt":"2013-09-27T17:22:15","slug":"fotografia-dariusza-gawronskiego-wyrozniona-w-miedzynarodowym-konkursie-tylko-jedno-zdjecie","status":"publish","type":"post","link":"https:\/\/www.jurajski-fotoklub.pl\/index.php\/fotografia-dariusza-gawronskiego-wyrozniona-w-miedzynarodowym-konkursie-tylko-jedno-zdjecie\/","title":{"rendered":"Fotografia Dariusza Gawro\u0144skiego wyr\u00f3zniona w Mi\u0119dzynarodowym Konkursie &#8222;Tylko Jedno Zdj\u0119ci\u0119&#8221;"},"content":{"rendered":"<p style=\"text-align: center;\"><span style=\"color: #c0c0c0;\">Z ogromn\u0105 przyjemno\u015bci\u0105 chcieli\u015bmy Was poinformowa\u0107<\/span><\/p>\n<p style=\"text-align: center;\"><span style=\"color: #c0c0c0;\">i\u017c fotografia naszego klubowego kolegi Dariusza GAWRO\u0143SKIEGO<\/span><\/p>\n<p style=\"text-align: center;\"><span style=\"color: #c0c0c0;\">zosta\u0142a wyr\u00f3\u017cniona w Mi\u0119dzynarodowym Konkursie Fotograficznym &#8222;Tylko Jedno Zdj\u0119ci\u0119&#8221;<\/span><\/p>\n<p style=\"text-align: center;\"><span style=\"color: #c0c0c0;\">Praca pt &#8222;Odwr\u00f3t&#8221; oznaczona zosta\u0142a tzw. Wst\u0105\u017ck\u0105 FIAP (Mi\u0119dzynarodowa Federacja Sztuki Fotograficznej)<\/span><\/p>\n<p style=\"text-align: center;\"><span style=\"color: #c0c0c0;\">Dariuszowi serdecznie gratulujemy i \u017cyczymy dalszych sukces\u00f3w!!!<\/span><\/p>\n<p style=\"text-align: center;\"><span style=\"color: #c0c0c0;\">poni\u017cej nagrodzona fotografia oraz link do protoko\u0142u komisji konkursowej<\/span><\/p>\n<p style=\"text-align: center;\"><span style=\"color: #c0c0c0;\"><a href=\"https:\/\/www.jurajski-fotoklub.pl\/wp-content\/uploads\/2013\/09\/b_8accea5d7c7fcef6fe5e51b4b11f67f6.jpg\"><span style=\"color: #c0c0c0;\"><img loading=\"lazy\" decoding=\"async\" class=\"aligncenter size-medium wp-image-1255\" alt=\"__b_8accea5d7c7fcef6fe5e51b4b11f67f6\" src=\"https:\/\/www.jurajski-fotoklub.pl\/wp-content\/uploads\/2013\/09\/b_8accea5d7c7fcef6fe5e51b4b11f67f6-300x200.jpg\" width=\"300\" height=\"200\" srcset=\"https:\/\/www.jurajski-fotoklub.pl\/wp-content\/uploads\/2013\/09\/b_8accea5d7c7fcef6fe5e51b4b11f67f6-300x200.jpg 300w, https:\/\/www.jurajski-fotoklub.pl\/wp-content\/uploads\/2013\/09\/b_8accea5d7c7fcef6fe5e51b4b11f67f6.jpg 897w\" sizes=\"auto, (max-width: 300px) 100vw, 300px\" \/><\/span><\/a><\/span><\/p>\n<p style=\"text-align: center;\"><span style=\"color: #c0c0c0;\"><a href=\"http:\/\/www.mok-jar.pl\/fotografia\/id783,WYNIKI-TYLKO-JEDNO-ZDJECIE-RESULTS-INTERNATIONAL-PHOTO-CONFRONTATIONS-JUST-ONE-PHOTO.html\" target=\"_blank\"><span style=\"color: #c0c0c0;\">Protok\u00f3\u0142 Konkursowy<\/span><\/a><\/span><\/p>\n","protected":false},"excerpt":{"rendered":"<p>Z ogromn\u0105 przyjemno\u015bci\u0105 chcieli\u015bmy Was poinformowa\u0107 i\u017c fotografia naszego klubowego kolegi Dariusza GAWRO\u0143SKIEGO zosta\u0142a wyr\u00f3\u017cniona w Mi\u0119dzynarodowym Konkursie Fotograficznym &#8222;Tylko Jedno Zdj\u0119ci\u0119&#8221; Praca pt &#8222;Odwr\u00f3t&#8221; oznaczona zosta\u0142a tzw. Wst\u0105\u017ck\u0105 FIAP (Mi\u0119dzynarodowa Federacja Sztuki Fotograficznej) Dariuszowi serdecznie gratulujemy i \u017cyczymy dalszych sukces\u00f3w!!! poni\u017cej nagrodzona fotografia oraz link do protoko\u0142u komisji konkursowej Protok\u00f3\u0142 Konkursowy<\/p>\n","protected":false},"author":1,"featured_media":0,"comment_status":"open","ping_status":"open","sticky":false,"template":"","format":"standard","meta":{"footnotes":""},"categories":[1],"tags":[],"class_list":["post-1252","post","type-post","status-publish","format-standard","hentry","category-uncategorized"],"_links":{"self":[{"href":"https:\/\/www.jurajski-fotoklub.pl\/index.php\/wp-json\/wp\/v2\/posts\/1252","targetHints":{"allow":["GET"]}}],"collection":[{"href":"https:\/\/www.jurajski-fotoklub.pl\/index.php\/wp-json\/wp\/v2\/posts"}],"about":[{"href":"https:\/\/www.jurajski-fotoklub.pl\/index.php\/wp-json\/wp\/v2\/types\/post"}],"author":[{"embeddable":true,"href":"https:\/\/www.jurajski-fotoklub.pl\/index.php\/wp-json\/wp\/v2\/users\/1"}],"replies":[{"embeddable":true,"href":"https:\/\/www.jurajski-fotoklub.pl\/index.php\/wp-json\/wp\/v2\/comments?post=1252"}],"version-history":[{"count":2,"href":"https:\/\/www.jurajski-fotoklub.pl\/index.php\/wp-json\/wp\/v2\/posts\/1252\/revisions"}],"predecessor-version":[{"id":1257,"href":"https:\/\/www.jurajski-fotoklub.pl\/index.php\/wp-json\/wp\/v2\/posts\/1252\/revisions\/1257"}],"wp:attachment":[{"href":"https:\/\/www.jurajski-fotoklub.pl\/index.php\/wp-json\/wp\/v2\/media?parent=1252"}],"wp:term":[{"taxonomy":"category","embeddable":true,"href":"https:\/\/www.jurajski-fotoklub.pl\/index.php\/wp-json\/wp\/v2\/categories?post=1252"},{"taxonomy":"post_tag","embeddable":true,"href":"https:\/\/www.jurajski-fotoklub.pl\/index.php\/wp-json\/wp\/v2\/tags?post=1252"}],"curies":[{"name":"wp","href":"https:\/\/api.w.org\/{rel}","templated":true}]}}