{"id":1476,"date":"2014-01-09T15:12:00","date_gmt":"2014-01-09T15:12:00","guid":{"rendered":"http:\/\/www.jurajski-fotoklub.pl\/?p=1476"},"modified":"2014-01-29T07:48:28","modified_gmt":"2014-01-29T07:48:28","slug":"fotografia-od-podstaw-do-profesjonalizmu-wyklad-nr5-janusz-stepien","status":"publish","type":"post","link":"https:\/\/www.jurajski-fotoklub.pl\/index.php\/fotografia-od-podstaw-do-profesjonalizmu-wyklad-nr5-janusz-stepien\/","title":{"rendered":"\u201eFotografia \u2013 od podstaw do profesjonalizmu\u201d \u2013 wyk\u0142ad nr5 \u2013 Janusz ST\u0118PIE\u0143"},"content":{"rendered":"<p style=\"text-align: center;\"><a href=\"https:\/\/www.jurajski-fotoklub.pl\/wp-content\/uploads\/2014\/01\/b854035cc9292e0df4843cd311b1a5a0.jpg\"><img loading=\"lazy\" decoding=\"async\" class=\"size-medium wp-image-1474 alignleft\" alt=\"plakatst\u0119pien\" src=\"https:\/\/www.jurajski-fotoklub.pl\/wp-content\/uploads\/2014\/01\/b854035cc9292e0df4843cd311b1a5a0-204x300.jpg\" width=\"204\" height=\"300\" srcset=\"https:\/\/www.jurajski-fotoklub.pl\/wp-content\/uploads\/2014\/01\/b854035cc9292e0df4843cd311b1a5a0-204x300.jpg 204w, https:\/\/www.jurajski-fotoklub.pl\/wp-content\/uploads\/2014\/01\/b854035cc9292e0df4843cd311b1a5a0-698x1024.jpg 698w\" sizes=\"auto, (max-width: 204px) 100vw, 204px\" \/><\/a><span style=\"color: #c0c0c0;\">W dniu 13 stycznia 2014 o godz. 19.00 w ROK w Cz\u0119stochowie odb\u0119dzie si\u0119 kolejny wyk\u0142ad z cyklu:<\/span><\/p>\n<p style=\"text-align: center;\"><span style=\"color: #c0c0c0;\"><b>\u201efotografia \u2013 od podstaw do profesjonalizmu\u201d<\/b><\/span><\/p>\n<p style=\"text-align: center;\"><span style=\"color: #c0c0c0;\">wyk\u0142ad 5 \u2013 tajniki poprawnej ekspozycji<br \/>\n<\/span><\/p>\n<p style=\"text-align: center;\"><span style=\"color: #c0c0c0;\">prowadz\u0105cy Janusz ST\u0118PIE\u0143<\/span><\/p>\n","protected":false},"excerpt":{"rendered":"<p>W dniu 13 stycznia 2014 o godz. 19.00 w ROK w Cz\u0119stochowie odb\u0119dzie si\u0119 kolejny wyk\u0142ad z cyklu: \u201efotografia \u2013 od podstaw do profesjonalizmu\u201d wyk\u0142ad 5 \u2013 tajniki poprawnej ekspozycji prowadz\u0105cy Janusz ST\u0118PIE\u0143<\/p>\n","protected":false},"author":1,"featured_media":0,"comment_status":"open","ping_status":"open","sticky":false,"template":"","format":"standard","meta":{"footnotes":""},"categories":[1],"tags":[],"class_list":["post-1476","post","type-post","status-publish","format-standard","hentry","category-uncategorized"],"_links":{"self":[{"href":"https:\/\/www.jurajski-fotoklub.pl\/index.php\/wp-json\/wp\/v2\/posts\/1476","targetHints":{"allow":["GET"]}}],"collection":[{"href":"https:\/\/www.jurajski-fotoklub.pl\/index.php\/wp-json\/wp\/v2\/posts"}],"about":[{"href":"https:\/\/www.jurajski-fotoklub.pl\/index.php\/wp-json\/wp\/v2\/types\/post"}],"author":[{"embeddable":true,"href":"https:\/\/www.jurajski-fotoklub.pl\/index.php\/wp-json\/wp\/v2\/users\/1"}],"replies":[{"embeddable":true,"href":"https:\/\/www.jurajski-fotoklub.pl\/index.php\/wp-json\/wp\/v2\/comments?post=1476"}],"version-history":[{"count":3,"href":"https:\/\/www.jurajski-fotoklub.pl\/index.php\/wp-json\/wp\/v2\/posts\/1476\/revisions"}],"predecessor-version":[{"id":1553,"href":"https:\/\/www.jurajski-fotoklub.pl\/index.php\/wp-json\/wp\/v2\/posts\/1476\/revisions\/1553"}],"wp:attachment":[{"href":"https:\/\/www.jurajski-fotoklub.pl\/index.php\/wp-json\/wp\/v2\/media?parent=1476"}],"wp:term":[{"taxonomy":"category","embeddable":true,"href":"https:\/\/www.jurajski-fotoklub.pl\/index.php\/wp-json\/wp\/v2\/categories?post=1476"},{"taxonomy":"post_tag","embeddable":true,"href":"https:\/\/www.jurajski-fotoklub.pl\/index.php\/wp-json\/wp\/v2\/tags?post=1476"}],"curies":[{"name":"wp","href":"https:\/\/api.w.org\/{rel}","templated":true}]}}