{"id":1550,"date":"2014-01-29T07:47:40","date_gmt":"2014-01-29T07:47:40","guid":{"rendered":"http:\/\/www.jurajski-fotoklub.pl\/?p=1550"},"modified":"2014-01-29T07:47:40","modified_gmt":"2014-01-29T07:47:40","slug":"i-jurajski-festiwal-fotograficzny","status":"publish","type":"post","link":"https:\/\/www.jurajski-fotoklub.pl\/index.php\/i-jurajski-festiwal-fotograficzny\/","title":{"rendered":"I Jurajski Festiwal Fotograficzny"},"content":{"rendered":"<p><a href=\"https:\/\/www.jurajski-fotoklub.pl\/wp-content\/uploads\/2014\/01\/Plakat-JFF-ver-VII.jpg\"><img loading=\"lazy\" decoding=\"async\" class=\"size-medium wp-image-1551 alignleft\" alt=\"Plakat JFF-ver VII\" src=\"https:\/\/www.jurajski-fotoklub.pl\/wp-content\/uploads\/2014\/01\/Plakat-JFF-ver-VII-212x300.jpg\" width=\"212\" height=\"300\" srcset=\"https:\/\/www.jurajski-fotoklub.pl\/wp-content\/uploads\/2014\/01\/Plakat-JFF-ver-VII-212x300.jpg 212w, https:\/\/www.jurajski-fotoklub.pl\/wp-content\/uploads\/2014\/01\/Plakat-JFF-ver-VII-725x1024.jpg 725w, https:\/\/www.jurajski-fotoklub.pl\/wp-content\/uploads\/2014\/01\/Plakat-JFF-ver-VII.jpg 1242w\" sizes=\"auto, (max-width: 212px) 100vw, 212px\" \/><\/a><span style=\"color: #888888;\">I Jurajski Festiwal Fotograficzny odb\u0119dzie si\u0119 w weekend 22-23.02.2014 roku. Organizatorem jest Stowarzyszenie fotograf\u00f3w oraz filmowc\u00f3w Jurassic Photo Team (potocznie Grupa JPT). Miejscem Festiwalu jest Hotel Fajkier Wellness&amp;SPA po\u0142o\u017cony \u00a0w centrum Jury Krakowsko-Cz\u0119stochowskiej w Lgocie Murowanej ko\u0142o Kroczyc. Tematem Festiwalu jest podr\u00f3\u017c \u2013 FOTOTRIP. Wst\u0119p na festiwal jest bezp\u0142atny, decyduje kolejno\u015b\u0107 \u00a0zg\u0142osze\u0144 ( ju\u017c zapisa\u0142em 6 os). Miejsce mo\u017cna zarezerwowa\u0107 pod numerem telefonu 884\u00a0877\u00a0200 w Recepcji Hotelu. Liczba miejsc jest ograniczona.<\/span><\/p>\n<p><span style=\"color: #888888;\">W Programie ca\u0142ego wydarzenia przewidziane s\u0105: prelekcje , warsztaty teoretyczne, praktyczne oraz warsztaty plenerowe. Podczas tego weekendu przeniesiemy si\u0119 w podr\u00f3\u017c historyczn\u0105 z Igorem Stanis\u0142awskim podczas warsztat\u00f3w portretowych, gdzie b\u0119dziemy fotografowa\u0107 Bractwo Rycerskie oraz stroje dawne. B\u0119dzie mo\u017cna nie tylko pos\u0142ucha\u0107, ale tak\u017ce obejrze\u0107 prace fotograf\u00f3w podr\u00f3\u017cnik\u00f3w tj. Marek Wilczek \u201dKadrowanie wg Wilka\u201d , Marek Pi\u0105tkowski \u201e\u00a1<b>No soy gringo<\/b>!\u201d \u2013 1,5 roku podr\u00f3\u017cy po Ameryce Po\u0142udniowej oraz Maciej Radomski \u201e Afryka\u0144skie safari\u201d. Firma Foto Nowa oraz Studio 7 przygotowali warsztaty oraz pokaz sprz\u0119tu fotograficznego. Podsumujemy konkurs fotograficzny organizowany w ramach 1 Jurajskiego Festiwalu Fotograficznego \u201ePodr\u00f3\u017c w obiektywie\u201d, kt\u00f3ry wystartowa\u0142 10 stycznia, a ko\u0144czy si\u0119 10 lutego. Wieczorem przewidziane jest ognisko integracyjne z ma\u0142\u0105 niespodziank\u0105 \u201eRysowaniem \u015bwiat\u0142em\u201d. Kolejny dzie\u0144 rozpoczynamy od wycieczki w teren Rezerwatu G\u00f3ry Zbor\u00f3w oraz do Centrum Dziedzictwa Kulturowego Jury. Skupimy si\u0119 tam na temacie wschodu s\u0142o\u0144ca, fotografii krajobrazowej, tworzenie giga panoram. Nast\u0119pnie przeniesiemy si\u0119 w historyczn\u0105 inscenizacj\u0119 walk Rycerzy \u015aredniowiecznych. Po powrocie z cz\u0119\u015bci praktycznej zako\u0144czymy wydrukami oraz wyk\u0142adami na temat \u201eZarz\u0105dzania barwami\u201d w wykonaniu Marcina B\u00f3jko oraz obr\u00f3bk\u0105 giga panoram Rafa\u0142a Leszczy\u0144skiego. Podczas Festiwalu b\u0119dzie mo\u017cna zobaczy\u0107 tak\u017ce wystaw\u0119 prac Andrzeja Palucha. Celem imprezy jest przede wszystkim edukacja, integracja \u015brodowiska fotograficznego oraz \u00a0\u015bwietna zabawa.\u00a0<\/span><\/p>\n","protected":false},"excerpt":{"rendered":"<p>I Jurajski Festiwal Fotograficzny odb\u0119dzie si\u0119 w weekend 22-23.02.2014 roku. Organizatorem jest Stowarzyszenie fotograf\u00f3w oraz filmowc\u00f3w Jurassic Photo Team (potocznie Grupa JPT). Miejscem Festiwalu jest Hotel Fajkier Wellness&amp;SPA po\u0142o\u017cony \u00a0w centrum Jury Krakowsko-Cz\u0119stochowskiej w Lgocie Murowanej ko\u0142o Kroczyc. Tematem Festiwalu jest podr\u00f3\u017c \u2013 FOTOTRIP. Wst\u0119p na festiwal jest bezp\u0142atny, decyduje kolejno\u015b\u0107 \u00a0zg\u0142osze\u0144 ( ju\u017c zapisa\u0142em [&hellip;]<\/p>\n","protected":false},"author":1,"featured_media":0,"comment_status":"open","ping_status":"open","sticky":false,"template":"","format":"standard","meta":{"footnotes":""},"categories":[1],"tags":[],"class_list":["post-1550","post","type-post","status-publish","format-standard","hentry","category-uncategorized"],"_links":{"self":[{"href":"https:\/\/www.jurajski-fotoklub.pl\/index.php\/wp-json\/wp\/v2\/posts\/1550","targetHints":{"allow":["GET"]}}],"collection":[{"href":"https:\/\/www.jurajski-fotoklub.pl\/index.php\/wp-json\/wp\/v2\/posts"}],"about":[{"href":"https:\/\/www.jurajski-fotoklub.pl\/index.php\/wp-json\/wp\/v2\/types\/post"}],"author":[{"embeddable":true,"href":"https:\/\/www.jurajski-fotoklub.pl\/index.php\/wp-json\/wp\/v2\/users\/1"}],"replies":[{"embeddable":true,"href":"https:\/\/www.jurajski-fotoklub.pl\/index.php\/wp-json\/wp\/v2\/comments?post=1550"}],"version-history":[{"count":2,"href":"https:\/\/www.jurajski-fotoklub.pl\/index.php\/wp-json\/wp\/v2\/posts\/1550\/revisions"}],"predecessor-version":[{"id":1558,"href":"https:\/\/www.jurajski-fotoklub.pl\/index.php\/wp-json\/wp\/v2\/posts\/1550\/revisions\/1558"}],"wp:attachment":[{"href":"https:\/\/www.jurajski-fotoklub.pl\/index.php\/wp-json\/wp\/v2\/media?parent=1550"}],"wp:term":[{"taxonomy":"category","embeddable":true,"href":"https:\/\/www.jurajski-fotoklub.pl\/index.php\/wp-json\/wp\/v2\/categories?post=1550"},{"taxonomy":"post_tag","embeddable":true,"href":"https:\/\/www.jurajski-fotoklub.pl\/index.php\/wp-json\/wp\/v2\/tags?post=1550"}],"curies":[{"name":"wp","href":"https:\/\/api.w.org\/{rel}","templated":true}]}}