{"id":1601,"date":"2014-02-25T09:52:42","date_gmt":"2014-02-25T09:52:42","guid":{"rendered":"http:\/\/www.jurajski-fotoklub.pl\/?p=1601"},"modified":"2014-03-26T07:28:24","modified_gmt":"2014-03-26T07:28:24","slug":"fotografia-od-podstaw-do-profesjonalizmu-wyklad-nr7-slawomir-jodlowski","status":"publish","type":"post","link":"https:\/\/www.jurajski-fotoklub.pl\/index.php\/fotografia-od-podstaw-do-profesjonalizmu-wyklad-nr7-slawomir-jodlowski\/","title":{"rendered":"\u201eFotografia \u2013 od podstaw do profesjonalizmu\u201d \u2013 wyk\u0142ad nr7 \u2013 S\u0142awomir JOD\u0141OWSKI"},"content":{"rendered":"<p><a href=\"https:\/\/www.jurajski-fotoklub.pl\/wp-content\/uploads\/2014\/02\/sjplakatjpgprogramy.jpg\"><img loading=\"lazy\" decoding=\"async\" class=\"alignleft size-medium wp-image-1602\" alt=\"sjplakatjpgprogramy\" src=\"https:\/\/www.jurajski-fotoklub.pl\/wp-content\/uploads\/2014\/02\/sjplakatjpgprogramy-214x300.jpg\" width=\"214\" height=\"300\" srcset=\"https:\/\/www.jurajski-fotoklub.pl\/wp-content\/uploads\/2014\/02\/sjplakatjpgprogramy-214x300.jpg 214w, https:\/\/www.jurajski-fotoklub.pl\/wp-content\/uploads\/2014\/02\/sjplakatjpgprogramy-733x1024.jpg 733w\" sizes=\"auto, (max-width: 214px) 100vw, 214px\" \/><\/a><span style=\"color: #c0c0c0;\">W dniu 3 marca 2014 o godz. 19.00 w ROK w Cz\u0119stochowie odb\u0119dzie si\u0119 kolejny wyk\u0142ad z cyklu:<\/span><\/p>\n<p><span style=\"color: #c0c0c0;\"><b>\u201efotografia \u2013 od podstaw do profesjonalizmu\u201d<\/b><\/span><\/p>\n<p><span style=\"color: #c0c0c0;\">wyk\u0142ad 7 \u2013 &#8222;Programy tematyczne i tryby automatyki w aparatach cyfrowych.&#8221;<\/span><\/p>\n<p><span style=\"color: #c0c0c0;\">prowadz\u0105cy S\u0142awomir JOD\u0141OWSKI<\/span><\/p>\n","protected":false},"excerpt":{"rendered":"<p>W dniu 3 marca 2014 o godz. 19.00 w ROK w Cz\u0119stochowie odb\u0119dzie si\u0119 kolejny wyk\u0142ad z cyklu: \u201efotografia \u2013 od podstaw do profesjonalizmu\u201d wyk\u0142ad 7 \u2013 &#8222;Programy tematyczne i tryby automatyki w aparatach cyfrowych.&#8221; prowadz\u0105cy S\u0142awomir JOD\u0141OWSKI<\/p>\n","protected":false},"author":1,"featured_media":0,"comment_status":"open","ping_status":"open","sticky":false,"template":"","format":"standard","meta":{"footnotes":""},"categories":[1],"tags":[],"class_list":["post-1601","post","type-post","status-publish","format-standard","hentry","category-uncategorized"],"_links":{"self":[{"href":"https:\/\/www.jurajski-fotoklub.pl\/index.php\/wp-json\/wp\/v2\/posts\/1601","targetHints":{"allow":["GET"]}}],"collection":[{"href":"https:\/\/www.jurajski-fotoklub.pl\/index.php\/wp-json\/wp\/v2\/posts"}],"about":[{"href":"https:\/\/www.jurajski-fotoklub.pl\/index.php\/wp-json\/wp\/v2\/types\/post"}],"author":[{"embeddable":true,"href":"https:\/\/www.jurajski-fotoklub.pl\/index.php\/wp-json\/wp\/v2\/users\/1"}],"replies":[{"embeddable":true,"href":"https:\/\/www.jurajski-fotoklub.pl\/index.php\/wp-json\/wp\/v2\/comments?post=1601"}],"version-history":[{"count":4,"href":"https:\/\/www.jurajski-fotoklub.pl\/index.php\/wp-json\/wp\/v2\/posts\/1601\/revisions"}],"predecessor-version":[{"id":1605,"href":"https:\/\/www.jurajski-fotoklub.pl\/index.php\/wp-json\/wp\/v2\/posts\/1601\/revisions\/1605"}],"wp:attachment":[{"href":"https:\/\/www.jurajski-fotoklub.pl\/index.php\/wp-json\/wp\/v2\/media?parent=1601"}],"wp:term":[{"taxonomy":"category","embeddable":true,"href":"https:\/\/www.jurajski-fotoklub.pl\/index.php\/wp-json\/wp\/v2\/categories?post=1601"},{"taxonomy":"post_tag","embeddable":true,"href":"https:\/\/www.jurajski-fotoklub.pl\/index.php\/wp-json\/wp\/v2\/tags?post=1601"}],"curies":[{"name":"wp","href":"https:\/\/api.w.org\/{rel}","templated":true}]}}