{"id":1811,"date":"2014-03-26T07:27:58","date_gmt":"2014-03-26T07:27:58","guid":{"rendered":"http:\/\/www.jurajski-fotoklub.pl\/?p=1811"},"modified":"2014-03-26T07:27:58","modified_gmt":"2014-03-26T07:27:58","slug":"fotografia-od-podstaw-do-profesjonalizmu-wyklad-nr8-marcin-szpadrowski","status":"publish","type":"post","link":"https:\/\/www.jurajski-fotoklub.pl\/index.php\/fotografia-od-podstaw-do-profesjonalizmu-wyklad-nr8-marcin-szpadrowski\/","title":{"rendered":"\u201eFotografia \u2013 od podstaw do profesjonalizmu\u201d \u2013 wyk\u0142ad nr8 \u2013 Marcin SZP\u0104DROWSKI"},"content":{"rendered":"<p style=\"text-align: center;\"><a href=\"https:\/\/www.jurajski-fotoklub.pl\/wp-content\/uploads\/2014\/03\/unnamed3.jpg\"><img loading=\"lazy\" decoding=\"async\" class=\"alignleft size-medium wp-image-1812\" alt=\"unnamed\" src=\"https:\/\/www.jurajski-fotoklub.pl\/wp-content\/uploads\/2014\/03\/unnamed3-191x300.jpg\" width=\"191\" height=\"300\" srcset=\"https:\/\/www.jurajski-fotoklub.pl\/wp-content\/uploads\/2014\/03\/unnamed3-191x300.jpg 191w, https:\/\/www.jurajski-fotoklub.pl\/wp-content\/uploads\/2014\/03\/unnamed3.jpg 632w\" sizes=\"auto, (max-width: 191px) 100vw, 191px\" \/><\/a><\/p>\n<p style=\"text-align: center;\"><span style=\"color: #c0c0c0;\">W dniu 7 kwietnia 2014 o godz. 19.00 w ROK w Cz\u0119stochowie odb\u0119dzie si\u0119 kolejny wyk\u0142ad z cyklu:<\/span><\/p>\n<p style=\"text-align: center;\"><span style=\"color: #c0c0c0;\"><b>\u201efotografia \u2013 od podstaw do profesjonalizmu\u201d<\/b><\/span><\/p>\n<p style=\"text-align: center;\"><span style=\"color: #c0c0c0;\">wyk\u0142ad 8 \u2013 \u201ePodstawy fotografii prasowej i fotoreporta\u017cu\u201d<\/span><\/p>\n<p style=\"text-align: center;\"><span style=\"color: #c0c0c0;\">prowadz\u0105cy\u00a0Marcin SZP\u0104DROWSKI<\/span><\/p>\n","protected":false},"excerpt":{"rendered":"<p>W dniu 7 kwietnia 2014 o godz. 19.00 w ROK w Cz\u0119stochowie odb\u0119dzie si\u0119 kolejny wyk\u0142ad z cyklu: \u201efotografia \u2013 od podstaw do profesjonalizmu\u201d wyk\u0142ad 8 \u2013 \u201ePodstawy fotografii prasowej i fotoreporta\u017cu\u201d prowadz\u0105cy\u00a0Marcin SZP\u0104DROWSKI<\/p>\n","protected":false},"author":1,"featured_media":0,"comment_status":"open","ping_status":"open","sticky":false,"template":"","format":"standard","meta":{"footnotes":""},"categories":[1],"tags":[],"class_list":["post-1811","post","type-post","status-publish","format-standard","hentry","category-uncategorized"],"_links":{"self":[{"href":"https:\/\/www.jurajski-fotoklub.pl\/index.php\/wp-json\/wp\/v2\/posts\/1811","targetHints":{"allow":["GET"]}}],"collection":[{"href":"https:\/\/www.jurajski-fotoklub.pl\/index.php\/wp-json\/wp\/v2\/posts"}],"about":[{"href":"https:\/\/www.jurajski-fotoklub.pl\/index.php\/wp-json\/wp\/v2\/types\/post"}],"author":[{"embeddable":true,"href":"https:\/\/www.jurajski-fotoklub.pl\/index.php\/wp-json\/wp\/v2\/users\/1"}],"replies":[{"embeddable":true,"href":"https:\/\/www.jurajski-fotoklub.pl\/index.php\/wp-json\/wp\/v2\/comments?post=1811"}],"version-history":[{"count":1,"href":"https:\/\/www.jurajski-fotoklub.pl\/index.php\/wp-json\/wp\/v2\/posts\/1811\/revisions"}],"predecessor-version":[{"id":1813,"href":"https:\/\/www.jurajski-fotoklub.pl\/index.php\/wp-json\/wp\/v2\/posts\/1811\/revisions\/1813"}],"wp:attachment":[{"href":"https:\/\/www.jurajski-fotoklub.pl\/index.php\/wp-json\/wp\/v2\/media?parent=1811"}],"wp:term":[{"taxonomy":"category","embeddable":true,"href":"https:\/\/www.jurajski-fotoklub.pl\/index.php\/wp-json\/wp\/v2\/categories?post=1811"},{"taxonomy":"post_tag","embeddable":true,"href":"https:\/\/www.jurajski-fotoklub.pl\/index.php\/wp-json\/wp\/v2\/tags?post=1811"}],"curies":[{"name":"wp","href":"https:\/\/api.w.org\/{rel}","templated":true}]}}