{"id":2309,"date":"2015-03-27T12:33:24","date_gmt":"2015-03-27T12:33:24","guid":{"rendered":"http:\/\/www.jurajski-fotoklub.pl\/?p=2309"},"modified":"2025-01-10T18:23:07","modified_gmt":"2025-01-10T17:23:07","slug":"zyczenia-swiateczne","status":"publish","type":"post","link":"https:\/\/www.jurajski-fotoklub.pl\/index.php\/zyczenia-swiateczne\/","title":{"rendered":"\u017byczenia \u015bwi\u0105teczne 2015"},"content":{"rendered":"<p style=\"text-align: center;\"><a href=\"https:\/\/www.jurajski-fotoklub.pl\/index.php\/zyczenia-swiateczne\/zyczeniawielkanocne2015w2\/\" rel=\"attachment wp-att-2312\"><img loading=\"lazy\" decoding=\"async\" class=\"aligncenter size-large wp-image-2312\" alt=\"\u017cyczenia Wielkanocne\" src=\"https:\/\/www.jurajski-fotoklub.pl\/wp-content\/uploads\/2015\/03\/zyczeniawielkanocne2015w2-1024x655.jpg\" width=\"627\" height=\"401\" srcset=\"https:\/\/www.jurajski-fotoklub.pl\/wp-content\/uploads\/2015\/03\/zyczeniawielkanocne2015w2-1024x655.jpg 1024w, https:\/\/www.jurajski-fotoklub.pl\/wp-content\/uploads\/2015\/03\/zyczeniawielkanocne2015w2-300x192.jpg 300w, https:\/\/www.jurajski-fotoklub.pl\/wp-content\/uploads\/2015\/03\/zyczeniawielkanocne2015w2.jpg 1907w\" sizes=\"auto, (max-width: 627px) 100vw, 627px\" \/><\/a><\/p>\n","protected":false},"excerpt":{"rendered":"","protected":false},"author":11,"featured_media":0,"comment_status":"open","ping_status":"open","sticky":false,"template":"","format":"standard","meta":{"footnotes":""},"categories":[1],"tags":[],"class_list":["post-2309","post","type-post","status-publish","format-standard","hentry","category-uncategorized"],"_links":{"self":[{"href":"https:\/\/www.jurajski-fotoklub.pl\/index.php\/wp-json\/wp\/v2\/posts\/2309","targetHints":{"allow":["GET"]}}],"collection":[{"href":"https:\/\/www.jurajski-fotoklub.pl\/index.php\/wp-json\/wp\/v2\/posts"}],"about":[{"href":"https:\/\/www.jurajski-fotoklub.pl\/index.php\/wp-json\/wp\/v2\/types\/post"}],"author":[{"embeddable":true,"href":"https:\/\/www.jurajski-fotoklub.pl\/index.php\/wp-json\/wp\/v2\/users\/11"}],"replies":[{"embeddable":true,"href":"https:\/\/www.jurajski-fotoklub.pl\/index.php\/wp-json\/wp\/v2\/comments?post=2309"}],"version-history":[{"count":5,"href":"https:\/\/www.jurajski-fotoklub.pl\/index.php\/wp-json\/wp\/v2\/posts\/2309\/revisions"}],"predecessor-version":[{"id":5223,"href":"https:\/\/www.jurajski-fotoklub.pl\/index.php\/wp-json\/wp\/v2\/posts\/2309\/revisions\/5223"}],"wp:attachment":[{"href":"https:\/\/www.jurajski-fotoklub.pl\/index.php\/wp-json\/wp\/v2\/media?parent=2309"}],"wp:term":[{"taxonomy":"category","embeddable":true,"href":"https:\/\/www.jurajski-fotoklub.pl\/index.php\/wp-json\/wp\/v2\/categories?post=2309"},{"taxonomy":"post_tag","embeddable":true,"href":"https:\/\/www.jurajski-fotoklub.pl\/index.php\/wp-json\/wp\/v2\/tags?post=2309"}],"curies":[{"name":"wp","href":"https:\/\/api.w.org\/{rel}","templated":true}]}}