{"id":2508,"date":"2015-08-25T12:19:54","date_gmt":"2015-08-25T12:19:54","guid":{"rendered":"http:\/\/www.jurajski-fotoklub.pl\/?p=2508"},"modified":"2015-08-25T12:23:33","modified_gmt":"2015-08-25T12:23:33","slug":"fotografia-od-podstaw-do-profesjonalizmu-krzysztof-szlapa-spotkanie-autorskie","status":"publish","type":"post","link":"https:\/\/www.jurajski-fotoklub.pl\/index.php\/fotografia-od-podstaw-do-profesjonalizmu-krzysztof-szlapa-spotkanie-autorskie\/","title":{"rendered":"Fotografia \u2013 Od Podstaw Do Profesjonalizmu &#8211; Krzysztof Szlapa &#8211; spotkanie autorskie"},"content":{"rendered":"<p style=\"text-align: center;\"><a href=\"https:\/\/www.jurajski-fotoklub.pl\/wp-content\/uploads\/2015\/08\/sszlapaplakatjpg.jpg\"><img loading=\"lazy\" decoding=\"async\" class=\"aligncenter  wp-image-2509\" alt=\"sszlapaplakatjpg\" src=\"https:\/\/www.jurajski-fotoklub.pl\/wp-content\/uploads\/2015\/08\/sszlapaplakatjpg.jpg\" width=\"700\" height=\"597\" srcset=\"https:\/\/www.jurajski-fotoklub.pl\/wp-content\/uploads\/2015\/08\/sszlapaplakatjpg.jpg 1000w, https:\/\/www.jurajski-fotoklub.pl\/wp-content\/uploads\/2015\/08\/sszlapaplakatjpg-300x255.jpg 300w\" sizes=\"auto, (max-width: 700px) 100vw, 700px\" \/><\/a><\/p>\n<p style=\"text-align: center;\">&#8212;&#8212;&#8212;&#8212;&#8212;&#8212;&#8212;&#8212;&#8212;&#8212;&#8212;&#8212;&#8212;&#8212;&#8212;&#8212;&#8212;&#8212;&#8212;&#8212;&#8212;&#8212;&#8212;&#8212;&#8212;&#8212;&#8212;&#8212;&#8212;&#8212;&#8212;&#8212;&#8212;&#8212;&#8212;&#8212;&#8212;&#8212;&#8212;&#8212;&#8212;&#8212;&#8212;&#8212;&#8212;&#8212;&#8212;&#8212;&#8212;&#8212;&#8212;&#8212;&#8212;&#8212;-<\/p>\n<p><a href=\"https:\/\/www.jurajski-fotoklub.pl\/wp-content\/uploads\/2015\/08\/SzlapaK.png\"><img loading=\"lazy\" decoding=\"async\" class=\" wp-image-2510 alignleft\" style=\"margin-left: 10px; margin-right: 10px;\" alt=\"SzlapaK\" src=\"https:\/\/www.jurajski-fotoklub.pl\/wp-content\/uploads\/2015\/08\/SzlapaK.png\" width=\"146\" height=\"143\" \/><\/a><strong>Krzysztof Szlapa<\/strong> &#8211; ur. 1987, cz\u0142onek Zwi\u0105zku Polskich Artyst\u00f3w Fotografik\u00f3w Okr\u0119g \u015al\u0105ski, autor wystaw indywidualnych i uczestnik wystaw zbiorowych, uczestnik Szko\u0142y Widzenia oraz Grupy 999, cz\u0119sty go\u015b\u0107 w \u017bywym Skansenie Fotografii, kurator w Galerii Pustej cd. w Jaworznie oraz w Galerii ZA SZYB\u0104 w Katowicach, laureat nagrody dla m\u0142odego tw\u00f3rcy imienia Anny Chojnackiej. Organizator warsztat\u00f3w fotograficznych dla dzieci, m\u0142odzie\u017cy i doros\u0142ych we wsp\u00f3\u0142pracy z r\u00f3\u017cnymi instytucjami. Z wykszta\u0142cenia filolog, nauczyciel j\u0119zyka polskiego w szkole podstawowej.<\/p>\n<p>&nbsp;<\/p>\n<p style=\"text-align: center;\">[nggallery id=134]<\/p>\n","protected":false},"excerpt":{"rendered":"<p>&#8212;&#8212;&#8212;&#8212;&#8212;&#8212;&#8212;&#8212;&#8212;&#8212;&#8212;&#8212;&#8212;&#8212;&#8212;&#8212;&#8212;&#8212;&#8212;&#8212;&#8212;&#8212;&#8212;&#8212;&#8212;&#8212;&#8212;&#8212;&#8212;&#8212;&#8212;&#8212;&#8212;&#8212;&#8212;&#8212;&#8212;&#8212;&#8212;&#8212;&#8212;&#8212;&#8212;&#8212;&#8212;&#8212;&#8212;&#8212;&#8212;&#8212;&#8212;&#8212;&#8212;&#8212;- Krzysztof Szlapa &#8211; ur. 1987, cz\u0142onek Zwi\u0105zku Polskich Artyst\u00f3w Fotografik\u00f3w Okr\u0119g \u015al\u0105ski, autor wystaw indywidualnych i uczestnik wystaw zbiorowych, uczestnik Szko\u0142y Widzenia oraz Grupy 999, cz\u0119sty go\u015b\u0107 w \u017bywym Skansenie Fotografii, kurator w Galerii Pustej cd. w Jaworznie oraz w Galerii ZA SZYB\u0104 w Katowicach, laureat nagrody dla m\u0142odego tw\u00f3rcy imienia Anny Chojnackiej. Organizator [&hellip;]<\/p>\n","protected":false},"author":11,"featured_media":0,"comment_status":"open","ping_status":"open","sticky":false,"template":"","format":"standard","meta":{"footnotes":""},"categories":[23],"tags":[],"class_list":["post-2508","post","type-post","status-publish","format-standard","hentry","category-wyklad-2"],"_links":{"self":[{"href":"https:\/\/www.jurajski-fotoklub.pl\/index.php\/wp-json\/wp\/v2\/posts\/2508","targetHints":{"allow":["GET"]}}],"collection":[{"href":"https:\/\/www.jurajski-fotoklub.pl\/index.php\/wp-json\/wp\/v2\/posts"}],"about":[{"href":"https:\/\/www.jurajski-fotoklub.pl\/index.php\/wp-json\/wp\/v2\/types\/post"}],"author":[{"embeddable":true,"href":"https:\/\/www.jurajski-fotoklub.pl\/index.php\/wp-json\/wp\/v2\/users\/11"}],"replies":[{"embeddable":true,"href":"https:\/\/www.jurajski-fotoklub.pl\/index.php\/wp-json\/wp\/v2\/comments?post=2508"}],"version-history":[{"count":3,"href":"https:\/\/www.jurajski-fotoklub.pl\/index.php\/wp-json\/wp\/v2\/posts\/2508\/revisions"}],"predecessor-version":[{"id":2514,"href":"https:\/\/www.jurajski-fotoklub.pl\/index.php\/wp-json\/wp\/v2\/posts\/2508\/revisions\/2514"}],"wp:attachment":[{"href":"https:\/\/www.jurajski-fotoklub.pl\/index.php\/wp-json\/wp\/v2\/media?parent=2508"}],"wp:term":[{"taxonomy":"category","embeddable":true,"href":"https:\/\/www.jurajski-fotoklub.pl\/index.php\/wp-json\/wp\/v2\/categories?post=2508"},{"taxonomy":"post_tag","embeddable":true,"href":"https:\/\/www.jurajski-fotoklub.pl\/index.php\/wp-json\/wp\/v2\/tags?post=2508"}],"curies":[{"name":"wp","href":"https:\/\/api.w.org\/{rel}","templated":true}]}}