{"id":2540,"date":"2015-09-30T13:24:40","date_gmt":"2015-09-30T13:24:40","guid":{"rendered":"http:\/\/www.jurajski-fotoklub.pl\/?p=2540"},"modified":"2015-09-30T13:26:04","modified_gmt":"2015-09-30T13:26:04","slug":"tylko-dzieki-fotografii-spotkanie-autorskie-z-beata-mendrek-mikulska","status":"publish","type":"post","link":"https:\/\/www.jurajski-fotoklub.pl\/index.php\/tylko-dzieki-fotografii-spotkanie-autorskie-z-beata-mendrek-mikulska\/","title":{"rendered":"&#8222;Tylko dzi\u0119ki fotografii&#8230;&#8221; &#8211; Spotkanie autorskie z Beat\u0105 Mendrek-Mikulsk\u0105"},"content":{"rendered":"<p style=\"text-align: center;\"><a href=\"https:\/\/www.jurajski-fotoklub.pl\/wp-content\/uploads\/2015\/09\/Mendrekplakatjpgm.jpg\"><img loading=\"lazy\" decoding=\"async\" class=\"aligncenter  wp-image-2541\" alt=\"Plakat\" src=\"https:\/\/www.jurajski-fotoklub.pl\/wp-content\/uploads\/2015\/09\/Mendrekplakatjpgm.jpg\" width=\"700\" height=\"571\" srcset=\"https:\/\/www.jurajski-fotoklub.pl\/wp-content\/uploads\/2015\/09\/Mendrekplakatjpgm.jpg 1000w, https:\/\/www.jurajski-fotoklub.pl\/wp-content\/uploads\/2015\/09\/Mendrekplakatjpgm-300x244.jpg 300w\" sizes=\"auto, (max-width: 700px) 100vw, 700px\" \/><\/a><\/p>\n<p style=\"text-align: center;\" align=\"justify\">&#8212;&#8212;&#8212;&#8212;&#8212;&#8212;&#8212;&#8212;&#8212;&#8212;&#8212;&#8212;&#8212;&#8212;&#8212;&#8212;&#8212;&#8212;&#8212;&#8212;&#8212;&#8212;&#8212;&#8212;&#8212;&#8212;&#8212;&#8212;&#8212;&#8212;&#8212;&#8212;&#8212;&#8212;&#8212;&#8212;&#8212;&#8212;&#8212;&#8212;&#8212;&#8212;&#8212;&#8212;&#8212;&#8212;-<\/p>\n<p align=\"justify\">Beata Mendrek-Mikulska &#8211; artysta fotografik ZPAF<\/p>\n<p align=\"justify\">Absolwentka Policealnego Studium Fotograficznego oraz Wydzia\u0142u RTV Uniwersytetu \u015al\u0105skiego w Katowicach.<br \/>\nOd 2008 roku cz\u0142onek Zwi\u0105zku Polskich Artyst\u00f3w Fotografik\u00f3w \u2013 obecnie cz\u0142onek Zarz\u0105du ZPAF okr\u0119gu \u015bl\u0105skiego.<br \/>\nOd roku 2009 wyk\u0142adowca w Szkole Fotografii FOTOEDUKACJA w Katowicach w zakresie Kompozycji Obrazu Fotograficznego, Estetyki fotografii oraz Technik Fotograficznych.<br \/>\nOrganizatorka i wyk\u0142adowca kurs\u00f3w i warsztat\u00f3w fotograficznych &#8211; <a href=\"http:\/\/www.fotowarsztaty.eu\">www.fotowarsztaty.eu<\/a><\/p>\n<p align=\"justify\">W latach 2003 \u2013 2006 za\u0142o\u017cycielka i uczestniczka dzia\u0142a\u0144 Grupy Fotograficznej NATECHWILE.<br \/>\nAktualnie od 2014 \u2013 kuratorka NATECHWILE PROJEKT \u2013 program promocji \u201em\u0142odej fotografii\u201d.<br \/>\nOd roku 2002 organizatorka i wsp\u00f3\u0142organizatorka wielu wystaw i projekt\u00f3w artystycznych, m.in. wsp\u00f3\u0142praca z Galeri\u0105 Szyb Wilson, Galeri\u0105 Czakram, Galeri\u0105 Katowice ZPAF w Katowicach.<br \/>\nW 2004 r. wsp\u00f3\u0142organizatorka Mi\u0119dzynarodowego Festiwalu Sztuk Wizualnych EWNS w Katowicach.<\/p>\n<p align=\"justify\">Prace w zbiorach Muzeum \u015al\u0105skiego w Katowicach, \u015al\u0105skiej Kolekcji Fotografii Artystycznej w Katowicach, Muzeum Miejskiego w Sosnowcu oraz w kolekcjach prywatnych.<br \/>\nStrona autorska &#8211; <a href=\"http:\/\/www.horyzonty.net\">www.horyzonty.net<\/a><\/p>\n<p align=\"justify\">Wa\u017cniejsze osi\u0105gni\u0119cia:<\/p>\n<p align=\"justify\">2015 \/ wystawa indywidualna &#8211; 12 MI\u0118DZYNARODOWY FESTIWAL FOTOGRAFII \u2013 Rybnik<br \/>\nprezentacja &#8211; DIALOG &#8211; Planet Cinema &#8211; Katowice<\/p>\n<p align=\"justify\">2014 \/ Wsp\u00f3\u0142odczuwanie \u2013 wystawa indywidualna wsp\u00f3\u0142towarzysz\u0105ca wystawie Antoniego Kreisa &#8211; Muzeum Miejskie &#8211; Siemianowice \u015al\u0105skie\/<br \/>\nINTER NOS &#8211; sesja pokaz\u00f3w multimedialnych &#8211; Centrum Kultury \u015al\u0105skiej &#8211; Nak\u0142o \u015al\u0105skie \/<br \/>\nDALEJ &#8211; wystawa zbiorowa &#8211; Galeria Katowice \/<br \/>\nPOLSKA W OBIEKTYWIE &#8211; wystawa zbiorowa &#8211; Centrum Kultury i Informacji &#8211; Skopje \u2013 Macedonia \/<\/p>\n<p align=\"justify\">2013 \/ Notatki &#8211; wystawa indywidualna &#8211; Galeria Katowice \/<br \/>\nNagroda &#8222;dla m\u0142odego tw\u00f3rcy&#8221; im. Anny Chojnackiej \/<br \/>\nprezentacja zbiorowa cz\u0142onk\u00f3w ZPAF okr\u0119g \u015bl\u0105ski &#8211; MIPE 2013 \u2013 Francja \/<br \/>\nBli\u017cej &#8211; wystawa zbiorowa &#8211; Galeria Katowice \/<\/p>\n<p align=\"justify\">2012 \/ Dope\u0142nienie konieczne. \u015al\u0105skie fotografki \u2013 Muzeum \u015al\u0105skie \u2013 Katowice \/<br \/>\nWsp\u00f3\u0142odczuwanie &#8211; wystawa indywidualna &#8211; Galeria ZPAF \u2013 Katowice \/<br \/>\nWystawa zbiorowa cz\u0142onk\u00f3w ZPAF okr\u0119g \u015bl\u0105ski &#8211; Galeria ZPAF \u2013 Katowice \/<br \/>\nAkt m\u0119ski &#8211; happening fotograficzny &#8211; Galeria ZPAF \u2013 Katowice, Pszczyna<\/p>\n<p align=\"justify\">2011 \/ Przestrzenie natury &#8211; wystawa poplenerowa Rogacz 2011 &#8211; Muzeum Miejskie SZTYGARKA &#8211; D\u0105browa G\u00f3rnicza \/<br \/>\nPonad podzia\u0142ami &#8211; wystawa zbiorowa &#8211; Saint Etienne &#8211; Francja \/<br \/>\nPrzestrzenie prywatne &#8211; wystawa zbiorowa &#8211; Galeria Za Szaf\u0105 ZPAF &#8211; Wroc\u0142aw \/<br \/>\nKOPALNIA OBRAZU &#8211; Intymno\u015bc &#8211; wystawa zbiorowa &#8211; Galeria ZPAF &#8211; Katowice \/<br \/>\nPonad podzia\u0142ami &#8211; wystawa zbiorowa &#8211; Galeria Sztuki KOK- K\u0142odzko<\/p>\n<p align=\"justify\">2010 \/ Cmentarz \u017cydowski w Katowicach &#8211; wystawa zbiorowa &#8211; Galeria ZPAF \u2013 Katowice \/<br \/>\nPonad podzia\u0142ami &#8211; wystawa zbiorowa &#8211; Galeria Pusta \u2013 Katowice \/<br \/>\nKOPALNIA OBRAZU &#8211; Klatki ze snu &#8211; wystawa zbiorowa &#8211; Galeria ZPAF \u2013 Katowice \/<br \/>\nCisza &#8211; wystawa indywidualna &#8211; Galeria Fotografii DeKa \u2013 Rybnik<\/p>\n<p align=\"justify\">2009 \/ Galeria Katowice-Impresje &#8211; wystawa zbiorowa &#8211; Galeria ZPAF &#8211; Katowice \/ Plener fotograficzny 2009 &#8211; wystawa zbiorowa &#8211; Sosnowieckie Centrum Sztuki &#8211; Zamek Sielecki \/ Nikiszowiec &#8211; wystawa zbiorowa &#8211; Galeria ZPAF &#8211; XII Spotkania Artystyczne Sosnowiec 2009 \/ prezentacja indywidualna \u2013 IV \u015al\u0105ski Fotomaraton \u2013 Fotoedukacja &#8211; Katowice<\/p>\n<p align=\"justify\">2008 \/ wystawa indywidualna \u2013 Galeria NOS \u2013 Katowice \/ cz\u0142onek Zwi\u0105zku Polskich Artyst\u00f3w Fotografik\u00f3w<\/p>\n<p align=\"justify\">2007 \/ Korzenie &#8211; wystawa indywidualna &#8211; Galeria Czakram \u2013 Katowice; wyr\u00f3\u017cnienie w I \u015awiatowym Konkursie Fotograficznym &#8222;Wiary i Wierni Tego \u015awiata&#8221; &#8211; \u015aSAFITA (\u015awiatowe Stowarzyszenie Artyst\u00f3w Fotografik\u00f3w i Tw\u00f3rc\u00f3w Audiowizualnych) \u2013 Wroc\u0142aw;<\/p>\n<p style=\"text-align: justify;\">2006 \/ Kontrasty &#8211; wystawa indywidualna &#8211; Galeria Fotografii \u2013 \u015awidnica; Uwewn\u0119trznienie &#8211; dialog &#8211; wystawa zbiorowa &#8211; Galeria Czakram &#8211; Katowice \/organizator; Uwewn\u0119trznienie &#8211; wystawa indywidualna &#8211; Galeria Czakram \u2013 Katowice;<\/p>\n","protected":false},"excerpt":{"rendered":"<p>&#8212;&#8212;&#8212;&#8212;&#8212;&#8212;&#8212;&#8212;&#8212;&#8212;&#8212;&#8212;&#8212;&#8212;&#8212;&#8212;&#8212;&#8212;&#8212;&#8212;&#8212;&#8212;&#8212;&#8212;&#8212;&#8212;&#8212;&#8212;&#8212;&#8212;&#8212;&#8212;&#8212;&#8212;&#8212;&#8212;&#8212;&#8212;&#8212;&#8212;&#8212;&#8212;&#8212;&#8212;&#8212;&#8212;- Beata Mendrek-Mikulska &#8211; artysta fotografik ZPAF Absolwentka Policealnego Studium Fotograficznego oraz Wydzia\u0142u RTV Uniwersytetu \u015al\u0105skiego w Katowicach. Od 2008 roku cz\u0142onek Zwi\u0105zku Polskich Artyst\u00f3w Fotografik\u00f3w \u2013 obecnie cz\u0142onek Zarz\u0105du ZPAF okr\u0119gu \u015bl\u0105skiego. Od roku 2009 wyk\u0142adowca w Szkole Fotografii FOTOEDUKACJA w Katowicach w zakresie Kompozycji Obrazu Fotograficznego, Estetyki fotografii oraz Technik Fotograficznych. Organizatorka i [&hellip;]<\/p>\n","protected":false},"author":11,"featured_media":0,"comment_status":"open","ping_status":"open","sticky":false,"template":"","format":"standard","meta":{"footnotes":""},"categories":[23],"tags":[],"class_list":["post-2540","post","type-post","status-publish","format-standard","hentry","category-wyklad-2"],"_links":{"self":[{"href":"https:\/\/www.jurajski-fotoklub.pl\/index.php\/wp-json\/wp\/v2\/posts\/2540","targetHints":{"allow":["GET"]}}],"collection":[{"href":"https:\/\/www.jurajski-fotoklub.pl\/index.php\/wp-json\/wp\/v2\/posts"}],"about":[{"href":"https:\/\/www.jurajski-fotoklub.pl\/index.php\/wp-json\/wp\/v2\/types\/post"}],"author":[{"embeddable":true,"href":"https:\/\/www.jurajski-fotoklub.pl\/index.php\/wp-json\/wp\/v2\/users\/11"}],"replies":[{"embeddable":true,"href":"https:\/\/www.jurajski-fotoklub.pl\/index.php\/wp-json\/wp\/v2\/comments?post=2540"}],"version-history":[{"count":3,"href":"https:\/\/www.jurajski-fotoklub.pl\/index.php\/wp-json\/wp\/v2\/posts\/2540\/revisions"}],"predecessor-version":[{"id":2543,"href":"https:\/\/www.jurajski-fotoklub.pl\/index.php\/wp-json\/wp\/v2\/posts\/2540\/revisions\/2543"}],"wp:attachment":[{"href":"https:\/\/www.jurajski-fotoklub.pl\/index.php\/wp-json\/wp\/v2\/media?parent=2540"}],"wp:term":[{"taxonomy":"category","embeddable":true,"href":"https:\/\/www.jurajski-fotoklub.pl\/index.php\/wp-json\/wp\/v2\/categories?post=2540"},{"taxonomy":"post_tag","embeddable":true,"href":"https:\/\/www.jurajski-fotoklub.pl\/index.php\/wp-json\/wp\/v2\/tags?post=2540"}],"curies":[{"name":"wp","href":"https:\/\/api.w.org\/{rel}","templated":true}]}}