{"id":2564,"date":"2015-10-22T07:28:50","date_gmt":"2015-10-22T07:28:50","guid":{"rendered":"http:\/\/www.jurajski-fotoklub.pl\/?p=2564"},"modified":"2015-10-22T07:28:50","modified_gmt":"2015-10-22T07:28:50","slug":"photo-art-medica-2015-wreczenie-nagrod-i-wernisaz","status":"publish","type":"post","link":"https:\/\/www.jurajski-fotoklub.pl\/index.php\/photo-art-medica-2015-wreczenie-nagrod-i-wernisaz\/","title":{"rendered":"Photo Art Medica 2015 &#8211; wr\u0119czenie nagr\u00f3d i wernisa\u017c"},"content":{"rendered":"<p><a href=\"https:\/\/www.jurajski-fotoklub.pl\/wp-content\/uploads\/2015\/10\/zapr_photo.png\"><img loading=\"lazy\" decoding=\"async\" class=\"aligncenter size-full wp-image-2565\" alt=\"zapr_photo\" src=\"https:\/\/www.jurajski-fotoklub.pl\/wp-content\/uploads\/2015\/10\/zapr_photo.png\" width=\"1000\" height=\"819\" srcset=\"https:\/\/www.jurajski-fotoklub.pl\/wp-content\/uploads\/2015\/10\/zapr_photo.png 1000w, https:\/\/www.jurajski-fotoklub.pl\/wp-content\/uploads\/2015\/10\/zapr_photo-300x245.png 300w\" sizes=\"auto, (max-width: 1000px) 100vw, 1000px\" \/><\/a><\/p>\n","protected":false},"excerpt":{"rendered":"","protected":false},"author":11,"featured_media":0,"comment_status":"open","ping_status":"open","sticky":false,"template":"","format":"standard","meta":{"footnotes":""},"categories":[24],"tags":[],"class_list":["post-2564","post","type-post","status-publish","format-standard","hentry","category-wystawa"],"_links":{"self":[{"href":"https:\/\/www.jurajski-fotoklub.pl\/index.php\/wp-json\/wp\/v2\/posts\/2564","targetHints":{"allow":["GET"]}}],"collection":[{"href":"https:\/\/www.jurajski-fotoklub.pl\/index.php\/wp-json\/wp\/v2\/posts"}],"about":[{"href":"https:\/\/www.jurajski-fotoklub.pl\/index.php\/wp-json\/wp\/v2\/types\/post"}],"author":[{"embeddable":true,"href":"https:\/\/www.jurajski-fotoklub.pl\/index.php\/wp-json\/wp\/v2\/users\/11"}],"replies":[{"embeddable":true,"href":"https:\/\/www.jurajski-fotoklub.pl\/index.php\/wp-json\/wp\/v2\/comments?post=2564"}],"version-history":[{"count":2,"href":"https:\/\/www.jurajski-fotoklub.pl\/index.php\/wp-json\/wp\/v2\/posts\/2564\/revisions"}],"predecessor-version":[{"id":2567,"href":"https:\/\/www.jurajski-fotoklub.pl\/index.php\/wp-json\/wp\/v2\/posts\/2564\/revisions\/2567"}],"wp:attachment":[{"href":"https:\/\/www.jurajski-fotoklub.pl\/index.php\/wp-json\/wp\/v2\/media?parent=2564"}],"wp:term":[{"taxonomy":"category","embeddable":true,"href":"https:\/\/www.jurajski-fotoklub.pl\/index.php\/wp-json\/wp\/v2\/categories?post=2564"},{"taxonomy":"post_tag","embeddable":true,"href":"https:\/\/www.jurajski-fotoklub.pl\/index.php\/wp-json\/wp\/v2\/tags?post=2564"}],"curies":[{"name":"wp","href":"https:\/\/api.w.org\/{rel}","templated":true}]}}