{"id":2575,"date":"2015-10-27T09:04:36","date_gmt":"2015-10-27T09:04:36","guid":{"rendered":"http:\/\/www.jurajski-fotoklub.pl\/?p=2575"},"modified":"2015-10-27T09:04:36","modified_gmt":"2015-10-27T09:04:36","slug":"warsztaty-fotografii-studyjnej-akt-i-portret-kreacyjny","status":"publish","type":"post","link":"https:\/\/www.jurajski-fotoklub.pl\/index.php\/warsztaty-fotografii-studyjnej-akt-i-portret-kreacyjny\/","title":{"rendered":"Warsztaty fotografii studyjnej &#8222;Akt i portret kreacyjny&#8221;"},"content":{"rendered":"<p style=\"text-align: center;\"><a href=\"https:\/\/www.jurajski-fotoklub.pl\/wp-content\/uploads\/2015\/10\/andrzejewska_warsztaty.png\"><img loading=\"lazy\" decoding=\"async\" class=\"aligncenter size-large wp-image-2576\" alt=\"andrzejewska_warsztaty\" src=\"https:\/\/www.jurajski-fotoklub.pl\/wp-content\/uploads\/2015\/10\/andrzejewska_warsztaty-791x1024.png\" width=\"627\" height=\"811\" srcset=\"https:\/\/www.jurajski-fotoklub.pl\/wp-content\/uploads\/2015\/10\/andrzejewska_warsztaty-791x1024.png 791w, https:\/\/www.jurajski-fotoklub.pl\/wp-content\/uploads\/2015\/10\/andrzejewska_warsztaty-231x300.png 231w, https:\/\/www.jurajski-fotoklub.pl\/wp-content\/uploads\/2015\/10\/andrzejewska_warsztaty.png 1121w\" sizes=\"auto, (max-width: 627px) 100vw, 627px\" \/><\/a><\/p>\n<p style=\"text-align: left;\">Do pobrania:<\/p>\n<p style=\"text-align: left;\"><a href=\"https:\/\/www.jurajski-fotoklub.pl\/wp-content\/uploads\/2015\/10\/karta_zgloszenia.doc\" target=\"_blank\">Karta zg\u0142oszenia<\/a><\/p>\n<p style=\"text-align: center;\">&#8212;&#8212;&#8212;&#8212;&#8212;&#8212;&#8212;&#8212;&#8212;&#8212;&#8212;&#8212;&#8212;&#8212;&#8212;&#8212;&#8212;&#8212;&#8212;&#8212;&#8212;&#8212;&#8212;&#8212;&#8212;&#8212;&#8212;&#8212;&#8212;&#8212;&#8212;&#8212;&#8212;&#8212;&#8212;&#8212;&#8212;&#8212;&#8212;&#8212;&#8212;&#8212;&#8212;&#8212;&#8212;&#8212;&#8212;&#8212;&#8212;&#8212;&#8212;&#8211;<\/p>\n<p align=\"justify\"><strong><span style=\"font-size: large;\">Anna 66 Andrzejewska<\/span><\/strong><\/p>\n<p align=\"justify\">Urodzona w 1977 roku w B\u0119dzinie. Cz\u0142onek Zwi\u0105zku Polskich Artyst\u00f3w Fotografik\u00f3w. Doktorantka Akademii Sztuk Pi\u0119knych w Katowicach w Pracowni prof. Ewy Zawadzkiej. Form\u0105 wypowiedzi fotograficznej, kt\u00f3r\u0105 si\u0119 pos\u0142uguje jest fotografia kreacyjna. Od pocz\u0105tku swojej przygody z fotografi\u0105 w jej centrum zainteresowania jest cz\u0142owiek. Inspiracje czerpie z \u017cycia codziennego. Jest obserwatorem \u017cycia swojego i innych. Interesuj\u0105 j\u0105 relacje mi\u0119dzyludzkie z pe\u0142n\u0105 palet\u0105 odcieni. Du\u017c\u0105 uwag\u0119 przywi\u0105zuje do fotografii kolorowej jak i czarno-bia\u0142y minimalizm jest jej bliski. Cech\u0105 charakterystyczn\u0105 jej zdj\u0119\u0107 jest \u201epi\u0119kna brzydota\u201d i balansowanie na granicy kiczu. W fotografii ceni sobie mo\u017cliwo\u015b\u0107 kreowania rzeczywistego \u015bwiata o nierealnej strukturze, a inspiracje czerpie z obserwacji \u017cycia realnego jak i ze snu. Przyuwa\u017cone zachowania, sytuacje przenosi na fotografie oraz kr\u00f3tkie formy filmowe. Jest wsp\u00f3\u0142autork\u0105 kr\u00f3tkometra\u017cowych film\u00f3w poklatkowych. Laureatka wielu konkurs\u00f3w polskich i zagranicznych. Jej prace znajduj\u0105 si\u0119 w zbiorach Sosnowieckiego Centrum Sztuki w Sosnowcu.<\/p>\n<p align=\"justify\"><strong>Wa\u017cniejsze wystawy indywidualne:<\/strong><\/p>\n<table summary=\"\" width=\"900\" border=\"0\" cellspacing=\"0\" cellpadding=\"0\">\n<tbody>\n<tr>\n<td valign=\"top\" width=\"201\">Bielsko-Bia\u0142a <strong>2009<\/strong><strong>r<\/strong><\/td>\n<td valign=\"top\" width=\"407\">\u201eBallada o morderstwie\u201d<\/td>\n<\/tr>\n<tr>\n<td valign=\"top\" width=\"201\">Katowice <strong>2011r<\/strong><\/td>\n<td valign=\"top\" width=\"407\">\u201eHumantria\u201d<\/td>\n<\/tr>\n<tr>\n<td valign=\"top\" width=\"201\">B\u0119dzin <strong>2011<\/strong><strong>r<br \/>\n<\/strong>Rybnik <strong>2014r<br \/>\n<\/strong>Katowice<strong> 2014r<br \/>\n<\/strong>Sosnowiec<strong> 2014r<\/strong><\/td>\n<td valign=\"top\" width=\"407\">\u201eHumantria\u201d<br \/>\n\u201eMieszczanie. W kadrze i poza nim\u201d MFF Rybnik<br \/>\n\u201eMieszczanie w kadrze i poza nim\u201d Galeria Miasta Ogrodow<br \/>\n\u201eMieszczanie w kadrze i poza nim\u201d Galeria MJ \u0141akomscy<\/td>\n<\/tr>\n<\/tbody>\n<\/table>\n<p align=\"justify\"><strong>Wa\u017cniejsze wystawy zbiorowe:<\/strong><\/p>\n<table width=\"103%\" border=\"0\" cellspacing=\"0\" cellpadding=\"0\">\n<tbody>\n<tr>\n<td valign=\"top\" width=\"33%\">Cz\u0119stochowa <strong>2011r<\/strong><\/td>\n<td valign=\"top\" width=\"550\">\u201eCyberfoto\u201d wystawa pokonkursowa<\/td>\n<\/tr>\n<tr>\n<td valign=\"top\" width=\"33%\">Rawicz <strong>2011r<\/strong><\/td>\n<td valign=\"top\" width=\"550\">Festiwal \u201eForma\u201d 2011<\/td>\n<\/tr>\n<tr>\n<td valign=\"top\" width=\"33%\">Bielska-Bia\u0142a <strong>2011r<\/strong><\/td>\n<td valign=\"top\" width=\"550\">FotoArtFestival wystawa FotoOpen<\/td>\n<\/tr>\n<tr>\n<td valign=\"top\" width=\"33%\">Serbia, Belgrad <strong>2012r<\/strong><\/td>\n<td valign=\"top\" width=\"550\">\u201eMonochromatski svet\u201d<\/td>\n<\/tr>\n<tr>\n<td valign=\"top\" width=\"33%\">Toru\u0144 <strong>2012r<\/strong><\/td>\n<td valign=\"top\" width=\"550\">\u201eCo si\u0119 kryje na dnie oka\u201d Galeria Wozownia<\/td>\n<\/tr>\n<tr>\n<td valign=\"top\" width=\"33%\">Sosnowiec <strong>2012r<br \/>\n<\/strong>Piotrk\u00f3w Trybunalski <strong>2013r<br \/>\n<\/strong>Bu\u0142garia, Varna <strong>2013r<\/strong><br \/>\nSiemianowice \u015al<strong>. 2014r<br \/>\n<\/strong>Sosnowiec <strong>2014r<\/strong><\/td>\n<td valign=\"top\" width=\"550\">\u201e\u015aladami Jana Kiepury\u201d Wystawa poplenerowa<br \/>\nII Piotrkowskie Biennale Sztuki<br \/>\nWystawa pokonkursowa FIAP Salon Varna<br \/>\n\u201eOpowiem Wam o \u015al\u0105sku\u201d Muzeum Miejskie<br \/>\n\u201eDywersyfikacja sztuki\u201d Galeria Extravagance Sosnowieckie Centrum Sztuki &#8211; Zamek Sielecki<\/td>\n<\/tr>\n<tr>\n<td valign=\"top\" width=\"33%\">Czechy, Moravska Trebova 2014r<\/td>\n<td valign=\"top\" width=\"550\">15 Fotofestiwal Moravska Trebova<\/td>\n<\/tr>\n<\/tbody>\n<\/table>\n<p><strong>Konkursy:<br \/>\n<\/strong>2013 r I miejsce w Mi\u0119dzynarodowym konkursie fotograficznym Salon Varna 2013<br \/>\n2014 r III miejsce w Mi\u0119dzynarodowym konkursie \u201e Cyberfoto\u201d<br \/>\n2014 r III miejsce w Mi\u0119dzynarodowym Konkursie<br \/>\n2014 r PX3, Prix de la Photographie Paris\/ SREBRNY MEDAL<br \/>\n2014 r International Photography Awards competition (IPA)\/ III MIEJSCE BR\u0104ZOWY MEDAL<br \/>\n2014 r International Photography Awards competition (IPA)\/ NOMINACJA DO NAGRODY ( OSCAR FOTOGRAFICZNY) International Moving Image Photographer of the Year 2014\/ Lucie Foundation US<br \/>\n2015 r wyr\u00f3\u017cnienie w International Photography Awards competition (IPA) w kategorii Moving Images<br \/>\n2015 r I miejsce w Moscow International Fotography Awards \u2013 MIFA w kategorii Moving Images<\/p>\n","protected":false},"excerpt":{"rendered":"<p>Do pobrania: Karta zg\u0142oszenia &#8212;&#8212;&#8212;&#8212;&#8212;&#8212;&#8212;&#8212;&#8212;&#8212;&#8212;&#8212;&#8212;&#8212;&#8212;&#8212;&#8212;&#8212;&#8212;&#8212;&#8212;&#8212;&#8212;&#8212;&#8212;&#8212;&#8212;&#8212;&#8212;&#8212;&#8212;&#8212;&#8212;&#8212;&#8212;&#8212;&#8212;&#8212;&#8212;&#8212;&#8212;&#8212;&#8212;&#8212;&#8212;&#8212;&#8212;&#8212;&#8212;&#8212;&#8212;&#8211; Anna 66 Andrzejewska Urodzona w 1977 roku w B\u0119dzinie. Cz\u0142onek Zwi\u0105zku Polskich Artyst\u00f3w Fotografik\u00f3w. Doktorantka Akademii Sztuk Pi\u0119knych w Katowicach w Pracowni prof. Ewy Zawadzkiej. Form\u0105 wypowiedzi fotograficznej, kt\u00f3r\u0105 si\u0119 pos\u0142uguje jest fotografia kreacyjna. Od pocz\u0105tku swojej przygody z fotografi\u0105 w jej centrum zainteresowania jest cz\u0142owiek. Inspiracje czerpie z \u017cycia [&hellip;]<\/p>\n","protected":false},"author":11,"featured_media":0,"comment_status":"open","ping_status":"open","sticky":false,"template":"","format":"standard","meta":{"footnotes":""},"categories":[28],"tags":[],"class_list":["post-2575","post","type-post","status-publish","format-standard","hentry","category-warsztaty"],"_links":{"self":[{"href":"https:\/\/www.jurajski-fotoklub.pl\/index.php\/wp-json\/wp\/v2\/posts\/2575","targetHints":{"allow":["GET"]}}],"collection":[{"href":"https:\/\/www.jurajski-fotoklub.pl\/index.php\/wp-json\/wp\/v2\/posts"}],"about":[{"href":"https:\/\/www.jurajski-fotoklub.pl\/index.php\/wp-json\/wp\/v2\/types\/post"}],"author":[{"embeddable":true,"href":"https:\/\/www.jurajski-fotoklub.pl\/index.php\/wp-json\/wp\/v2\/users\/11"}],"replies":[{"embeddable":true,"href":"https:\/\/www.jurajski-fotoklub.pl\/index.php\/wp-json\/wp\/v2\/comments?post=2575"}],"version-history":[{"count":2,"href":"https:\/\/www.jurajski-fotoklub.pl\/index.php\/wp-json\/wp\/v2\/posts\/2575\/revisions"}],"predecessor-version":[{"id":2579,"href":"https:\/\/www.jurajski-fotoklub.pl\/index.php\/wp-json\/wp\/v2\/posts\/2575\/revisions\/2579"}],"wp:attachment":[{"href":"https:\/\/www.jurajski-fotoklub.pl\/index.php\/wp-json\/wp\/v2\/media?parent=2575"}],"wp:term":[{"taxonomy":"category","embeddable":true,"href":"https:\/\/www.jurajski-fotoklub.pl\/index.php\/wp-json\/wp\/v2\/categories?post=2575"},{"taxonomy":"post_tag","embeddable":true,"href":"https:\/\/www.jurajski-fotoklub.pl\/index.php\/wp-json\/wp\/v2\/tags?post=2575"}],"curies":[{"name":"wp","href":"https:\/\/api.w.org\/{rel}","templated":true}]}}