{"id":2580,"date":"2015-10-27T09:50:48","date_gmt":"2015-10-27T09:50:48","guid":{"rendered":"http:\/\/www.jurajski-fotoklub.pl\/?p=2580"},"modified":"2015-10-27T09:50:48","modified_gmt":"2015-10-27T09:50:48","slug":"otwarcie-wystawy-fotografii-czlonkow-jurajskiego-fotoklubu-czestochowa-beskidy-odslona-druga","status":"publish","type":"post","link":"https:\/\/www.jurajski-fotoklub.pl\/index.php\/otwarcie-wystawy-fotografii-czlonkow-jurajskiego-fotoklubu-czestochowa-beskidy-odslona-druga\/","title":{"rendered":"Otwarcie wystawy fotografii cz\u0142onk\u00f3w Jurajskiego Fotoklubu Cz\u0119stochowa &#8211; Beskidy \/ods\u0142ona druga\/"},"content":{"rendered":"<p style=\"text-align: center;\"><a href=\"https:\/\/www.jurajski-fotoklub.pl\/wp-content\/uploads\/2015\/10\/wystawaPieninycz2.jpg\"><img loading=\"lazy\" decoding=\"async\" class=\"aligncenter size-large wp-image-2581\" alt=\"wystawaPieninycz2\" src=\"https:\/\/www.jurajski-fotoklub.pl\/wp-content\/uploads\/2015\/10\/wystawaPieninycz2-1024x491.jpg\" width=\"627\" height=\"300\" srcset=\"https:\/\/www.jurajski-fotoklub.pl\/wp-content\/uploads\/2015\/10\/wystawaPieninycz2-1024x491.jpg 1024w, https:\/\/www.jurajski-fotoklub.pl\/wp-content\/uploads\/2015\/10\/wystawaPieninycz2-300x144.jpg 300w, https:\/\/www.jurajski-fotoklub.pl\/wp-content\/uploads\/2015\/10\/wystawaPieninycz2.jpg 2035w\" sizes=\"auto, (max-width: 627px) 100vw, 627px\" \/><\/a><\/p>\n","protected":false},"excerpt":{"rendered":"","protected":false},"author":11,"featured_media":0,"comment_status":"open","ping_status":"open","sticky":false,"template":"","format":"standard","meta":{"footnotes":""},"categories":[24],"tags":[],"class_list":["post-2580","post","type-post","status-publish","format-standard","hentry","category-wystawa"],"_links":{"self":[{"href":"https:\/\/www.jurajski-fotoklub.pl\/index.php\/wp-json\/wp\/v2\/posts\/2580","targetHints":{"allow":["GET"]}}],"collection":[{"href":"https:\/\/www.jurajski-fotoklub.pl\/index.php\/wp-json\/wp\/v2\/posts"}],"about":[{"href":"https:\/\/www.jurajski-fotoklub.pl\/index.php\/wp-json\/wp\/v2\/types\/post"}],"author":[{"embeddable":true,"href":"https:\/\/www.jurajski-fotoklub.pl\/index.php\/wp-json\/wp\/v2\/users\/11"}],"replies":[{"embeddable":true,"href":"https:\/\/www.jurajski-fotoklub.pl\/index.php\/wp-json\/wp\/v2\/comments?post=2580"}],"version-history":[{"count":1,"href":"https:\/\/www.jurajski-fotoklub.pl\/index.php\/wp-json\/wp\/v2\/posts\/2580\/revisions"}],"predecessor-version":[{"id":2582,"href":"https:\/\/www.jurajski-fotoklub.pl\/index.php\/wp-json\/wp\/v2\/posts\/2580\/revisions\/2582"}],"wp:attachment":[{"href":"https:\/\/www.jurajski-fotoklub.pl\/index.php\/wp-json\/wp\/v2\/media?parent=2580"}],"wp:term":[{"taxonomy":"category","embeddable":true,"href":"https:\/\/www.jurajski-fotoklub.pl\/index.php\/wp-json\/wp\/v2\/categories?post=2580"},{"taxonomy":"post_tag","embeddable":true,"href":"https:\/\/www.jurajski-fotoklub.pl\/index.php\/wp-json\/wp\/v2\/tags?post=2580"}],"curies":[{"name":"wp","href":"https:\/\/api.w.org\/{rel}","templated":true}]}}