{"id":2822,"date":"2016-03-01T08:47:09","date_gmt":"2016-03-01T08:47:09","guid":{"rendered":"http:\/\/www.jurajski-fotoklub.pl\/?p=2822"},"modified":"2025-01-10T18:25:31","modified_gmt":"2025-01-10T17:25:31","slug":"spotkanie-autorskie-krzysztofa-muskalskiego-sladami-ansela-adamsa","status":"publish","type":"post","link":"https:\/\/www.jurajski-fotoklub.pl\/index.php\/spotkanie-autorskie-krzysztofa-muskalskiego-sladami-ansela-adamsa\/","title":{"rendered":"Spotkanie autorskie Krzysztofa Muskalskiego &#8222;\u015aladami Ansela Adamsa&#8221; 2016"},"content":{"rendered":"<p><a href=\"https:\/\/www.jurajski-fotoklub.pl\/wp-content\/uploads\/2016\/03\/muskalskiplakat.jpg\"><img loading=\"lazy\" decoding=\"async\" class=\"aligncenter size-large wp-image-2823\" alt=\"muskalskiplakat\" src=\"https:\/\/www.jurajski-fotoklub.pl\/wp-content\/uploads\/2016\/03\/muskalskiplakat-892x1024.jpg\" width=\"627\" height=\"719\" srcset=\"https:\/\/www.jurajski-fotoklub.pl\/wp-content\/uploads\/2016\/03\/muskalskiplakat-892x1024.jpg 892w, https:\/\/www.jurajski-fotoklub.pl\/wp-content\/uploads\/2016\/03\/muskalskiplakat-261x300.jpg 261w\" sizes=\"auto, (max-width: 627px) 100vw, 627px\" \/><\/a><\/p>\n<div>\n<p style=\"text-align: center;\"><b>Krzysztof Muskalski<\/b> &#8211; cz\u0119stochowski lekarz okulista. Obok<br \/>\nokulistyki\u00a0jego pasj\u0105 s\u0105 podr\u00f3\u017ce oraz fotografia artystyczna. Jest<br \/>\ncz\u0142onkiem\u00a0rzeczywistym Stowarzyszenia Tw\u00f3rc\u00f3w Fotoklub RP oraz<br \/>\nZwi\u0105zku\u00a0Polskich Artyst\u00f3w Fotografik\u00f3w (i oczywi\u015bcie Jurajskiego<br \/>\nFotoklubu). W ramach swoich podr\u00f3\u017cy\u00a0odwiedzi\u0142\u00a0wiele zak\u0105tk\u00f3w Polski,<br \/>\nEuropy, Ameryki, Afryki, Azji, Australii\u00a0i Oceanii. Swoje wyprawy<br \/>\nopisuje w licznych artyku\u0142ach, spotkaniach,\u00a0audycjach radiowych<br \/>\ni telewizyjnych. Swoje prace prezentowa\u0142 na\u00a0kilkudziesi\u0119ciu autorskich<br \/>\nzbiorowych wystawach fotograficznych\u00a0w kraju i za granic\u0105. Ma na swoim<br \/>\nkoncie nagrody i wyr\u00f3\u017cnienia\u00a0w konkursach fotograficznych w kraju<\/p>\n<p style=\"text-align: center;\">i zagranic\u0105 oraz autorski album\u00a0fotografii \u201eCzas Podr\u00f3\u017cy&#8221;. Prowadzi<br \/>\nAutorsk\u0105 Galeri\u0119 Fotografii\u00a0w Cz\u0119stochowie oraz jest wsp\u00f3\u0142gospodarzem cyklu<br \/>\nprezentuj\u0105cego autor\u00f3w\u00a0fotografii podr\u00f3\u017cniczej \u201eObrazki z podr\u00f3\u017cy&#8221;<br \/>\nw cz\u0119stochowskim\u00a0O\u015brodku Promocji Kultury \u201eGaude Mater&#8221;. Jest<br \/>\npomys\u0142odawc\u0105 \u00a0i wsp\u00f3\u0142organizatorem Mi\u0119dzynarodowych Salon\u00f3w<br \/>\nFotografii\u00a0Artystycznej Lekarzy \u201ePhotoArtMedica&#8221; w Cz\u0119stochowie.<\/p>\n<\/div>\n<p style=\"text-align: center;\">.<\/p>\n","protected":false},"excerpt":{"rendered":"<p>Krzysztof Muskalski &#8211; cz\u0119stochowski lekarz okulista. Obok okulistyki\u00a0jego pasj\u0105 s\u0105 podr\u00f3\u017ce oraz fotografia artystyczna. Jest cz\u0142onkiem\u00a0rzeczywistym Stowarzyszenia Tw\u00f3rc\u00f3w Fotoklub RP oraz Zwi\u0105zku\u00a0Polskich Artyst\u00f3w Fotografik\u00f3w (i oczywi\u015bcie Jurajskiego Fotoklubu). W ramach swoich podr\u00f3\u017cy\u00a0odwiedzi\u0142\u00a0wiele zak\u0105tk\u00f3w Polski, Europy, Ameryki, Afryki, Azji, Australii\u00a0i Oceanii. Swoje wyprawy opisuje w licznych artyku\u0142ach, spotkaniach,\u00a0audycjach radiowych i telewizyjnych. Swoje prace prezentowa\u0142 na\u00a0kilkudziesi\u0119ciu autorskich [&hellip;]<\/p>\n","protected":false},"author":11,"featured_media":0,"comment_status":"open","ping_status":"open","sticky":false,"template":"","format":"standard","meta":{"footnotes":""},"categories":[23,46],"tags":[],"class_list":["post-2822","post","type-post","status-publish","format-standard","hentry","category-wyklad-2","category-wykl-2016"],"_links":{"self":[{"href":"https:\/\/www.jurajski-fotoklub.pl\/index.php\/wp-json\/wp\/v2\/posts\/2822","targetHints":{"allow":["GET"]}}],"collection":[{"href":"https:\/\/www.jurajski-fotoklub.pl\/index.php\/wp-json\/wp\/v2\/posts"}],"about":[{"href":"https:\/\/www.jurajski-fotoklub.pl\/index.php\/wp-json\/wp\/v2\/types\/post"}],"author":[{"embeddable":true,"href":"https:\/\/www.jurajski-fotoklub.pl\/index.php\/wp-json\/wp\/v2\/users\/11"}],"replies":[{"embeddable":true,"href":"https:\/\/www.jurajski-fotoklub.pl\/index.php\/wp-json\/wp\/v2\/comments?post=2822"}],"version-history":[{"count":5,"href":"https:\/\/www.jurajski-fotoklub.pl\/index.php\/wp-json\/wp\/v2\/posts\/2822\/revisions"}],"predecessor-version":[{"id":5229,"href":"https:\/\/www.jurajski-fotoklub.pl\/index.php\/wp-json\/wp\/v2\/posts\/2822\/revisions\/5229"}],"wp:attachment":[{"href":"https:\/\/www.jurajski-fotoklub.pl\/index.php\/wp-json\/wp\/v2\/media?parent=2822"}],"wp:term":[{"taxonomy":"category","embeddable":true,"href":"https:\/\/www.jurajski-fotoklub.pl\/index.php\/wp-json\/wp\/v2\/categories?post=2822"},{"taxonomy":"post_tag","embeddable":true,"href":"https:\/\/www.jurajski-fotoklub.pl\/index.php\/wp-json\/wp\/v2\/tags?post=2822"}],"curies":[{"name":"wp","href":"https:\/\/api.w.org\/{rel}","templated":true}]}}