{"id":2843,"date":"2016-03-17T11:59:09","date_gmt":"2016-03-17T11:59:09","guid":{"rendered":"http:\/\/www.jurajski-fotoklub.pl\/?p=2843"},"modified":"2016-06-10T19:53:23","modified_gmt":"2016-06-10T19:53:23","slug":"projekt-industrialna-fotoaranzacja-zadanie-publiczne-um-czestochowa","status":"publish","type":"post","link":"https:\/\/www.jurajski-fotoklub.pl\/index.php\/projekt-industrialna-fotoaranzacja-zadanie-publiczne-um-czestochowa\/","title":{"rendered":"PROJEKT INDUSTRIALNA FOTOARAN\u017bACJA &#8211; zadanie publiczne UM Cz\u0119stochowa"},"content":{"rendered":"<p><a href=\"https:\/\/www.jurajski-fotoklub.pl\/wp-content\/uploads\/2016\/03\/6fd0cb06919361eb2a5928656eb9b1f1.jpg\"><img loading=\"lazy\" decoding=\"async\" class=\"aligncenter size-large wp-image-2845\" alt=\"PLAKAT FOTOARAN\u017bACJA\" src=\"https:\/\/www.jurajski-fotoklub.pl\/wp-content\/uploads\/2016\/03\/6fd0cb06919361eb2a5928656eb9b1f1-1024x685.jpg\" width=\"627\" height=\"419\" srcset=\"https:\/\/www.jurajski-fotoklub.pl\/wp-content\/uploads\/2016\/03\/6fd0cb06919361eb2a5928656eb9b1f1-1024x685.jpg 1024w, https:\/\/www.jurajski-fotoklub.pl\/wp-content\/uploads\/2016\/03\/6fd0cb06919361eb2a5928656eb9b1f1-300x200.jpg 300w\" sizes=\"auto, (max-width: 627px) 100vw, 627px\" \/><\/a><\/p>\n<p align=\"center\">PROJEKT <b><i>INDUSTRIALNA FOTOARAN\u017bACJA<\/i><\/b><\/p>\n<p align=\"center\">Realizacja : Jurajski Fotoklub<\/p>\n<p align=\"center\">\/Projekt dofinansowany z\u00a0 Urz\u0119du Miasta Cz\u0119stochowy\/<\/p>\n<p style=\"text-align: justify;\">Fotografia dawnych zak\u0142ad\u00f3w produkcyjnych Cz\u0119stochowy &#8211; przemys\u0142u w\u0142\u00f3kienniczego i hutniczego CEBA, POLONTEX, ELANTEX, Browar, Zapa\u0142czarnia w nowym kontek\u015bcie. Fotografie b\u0119d\u0105 pokazywa\u0142y\u00a0 aran\u017cacje fotograficzn\u0105 dawnych przestrzeni industrianych wzbogaconych o elementy wsp\u00f3\u0142czesnego designu i fashion \/modele w nowoczesnych stylizacjach\/. Poprzez fotograficzne obrazowanie zachowamy w pami\u0119ci relikty przemys\u0142owej przesz\u0142o\u015bci w nowej ods\u0142onie. Fotografie podkre\u015bla\u0142yby aspekt edukacyjno-historyczny w kontek\u015bcie artystycznej wypowiedzi. Potrzeba przybli\u017cenia spo\u0142ecze\u0144stwu Cz\u0119stochowy dawnych zak\u0142ad\u00f3w przemys\u0142owych z kt\u00f3rych miasto by\u0142o s\u0142ynne i dawa\u0142o zatrudnienie wi\u0119kszo\u015bci mieszka\u0144c\u00f3w Cz\u0119stochowy. Projekt przyczyni\u0142by sie do rozwijania \u015bwiadomo\u015bci fotograficznej w oparciu o aspekt historyczny i wsp\u00f3\u0142czesny. Szerzenie i kszta\u0142towanie w spo\u0142eczno\u015bci zami\u0142owania do fotografii i wiedzy o czasach minionych dla spraw ochrony d\u00f3br kultury.<\/p>\n<p style=\"text-align: justify;\">W zwi\u0105zku z realizacj\u0105 projektu poszukujemy modelek do stylizacji industrialnych. Zapraszamy r\u00f3wnie\u017c zainteresowanych \u00a0fotograf\u00f3w do realizacji projektu. Kontakt z Zarz\u0105dem Jurajskiego Fotoklubu celem wpisania si\u0119 na list\u0119 wykonawc\u00f3w projektu.<\/p>\n<p style=\"text-align: justify;\">Do pobrania\u00a0<a href=\"https:\/\/www.jurajski-fotoklub.pl\/wp-content\/uploads\/2016\/03\/3c45b0ff8e4ff99b11539fbd552c17b6.doc\">karta_zgloszenia Industrialna Fotoaran\u017cacja<\/a><\/p>\n<p>&nbsp;<\/p>\n","protected":false},"excerpt":{"rendered":"<p>PROJEKT INDUSTRIALNA FOTOARAN\u017bACJA Realizacja : Jurajski Fotoklub \/Projekt dofinansowany z\u00a0 Urz\u0119du Miasta Cz\u0119stochowy\/ Fotografia dawnych zak\u0142ad\u00f3w produkcyjnych Cz\u0119stochowy &#8211; przemys\u0142u w\u0142\u00f3kienniczego i hutniczego CEBA, POLONTEX, ELANTEX, Browar, Zapa\u0142czarnia w nowym kontek\u015bcie. Fotografie b\u0119d\u0105 pokazywa\u0142y\u00a0 aran\u017cacje fotograficzn\u0105 dawnych przestrzeni industrianych wzbogaconych o elementy wsp\u00f3\u0142czesnego designu i fashion \/modele w nowoczesnych stylizacjach\/. Poprzez fotograficzne obrazowanie zachowamy w [&hellip;]<\/p>\n","protected":false},"author":11,"featured_media":0,"comment_status":"open","ping_status":"open","sticky":false,"template":"","format":"standard","meta":{"footnotes":""},"categories":[31,28],"tags":[53,52],"class_list":["post-2843","post","type-post","status-publish","format-standard","hentry","category-plener-3","category-warsztaty","tag-czestochowa","tag-industrialna-fotoaranzacja"],"_links":{"self":[{"href":"https:\/\/www.jurajski-fotoklub.pl\/index.php\/wp-json\/wp\/v2\/posts\/2843","targetHints":{"allow":["GET"]}}],"collection":[{"href":"https:\/\/www.jurajski-fotoklub.pl\/index.php\/wp-json\/wp\/v2\/posts"}],"about":[{"href":"https:\/\/www.jurajski-fotoklub.pl\/index.php\/wp-json\/wp\/v2\/types\/post"}],"author":[{"embeddable":true,"href":"https:\/\/www.jurajski-fotoklub.pl\/index.php\/wp-json\/wp\/v2\/users\/11"}],"replies":[{"embeddable":true,"href":"https:\/\/www.jurajski-fotoklub.pl\/index.php\/wp-json\/wp\/v2\/comments?post=2843"}],"version-history":[{"count":9,"href":"https:\/\/www.jurajski-fotoklub.pl\/index.php\/wp-json\/wp\/v2\/posts\/2843\/revisions"}],"predecessor-version":[{"id":2969,"href":"https:\/\/www.jurajski-fotoklub.pl\/index.php\/wp-json\/wp\/v2\/posts\/2843\/revisions\/2969"}],"wp:attachment":[{"href":"https:\/\/www.jurajski-fotoklub.pl\/index.php\/wp-json\/wp\/v2\/media?parent=2843"}],"wp:term":[{"taxonomy":"category","embeddable":true,"href":"https:\/\/www.jurajski-fotoklub.pl\/index.php\/wp-json\/wp\/v2\/categories?post=2843"},{"taxonomy":"post_tag","embeddable":true,"href":"https:\/\/www.jurajski-fotoklub.pl\/index.php\/wp-json\/wp\/v2\/tags?post=2843"}],"curies":[{"name":"wp","href":"https:\/\/api.w.org\/{rel}","templated":true}]}}