{"id":3027,"date":"2016-12-28T11:37:14","date_gmt":"2016-12-28T11:37:14","guid":{"rendered":"http:\/\/www.jurajski-fotoklub.pl\/?p=3027"},"modified":"2025-01-10T18:28:45","modified_gmt":"2025-01-10T17:28:45","slug":"zaproszenie-5","status":"publish","type":"post","link":"https:\/\/www.jurajski-fotoklub.pl\/index.php\/zaproszenie-5\/","title":{"rendered":"Galeria Fotopobudka-wystawa fotografii Niny Mazu\u015b 2017"},"content":{"rendered":"<p><a href=\"https:\/\/www.jurajski-fotoklub.pl\/wp-content\/uploads\/2016\/12\/zapNina.jpg\"><img loading=\"lazy\" decoding=\"async\" class=\"aligncenter size-large wp-image-3028\" alt=\"Zapros\\enie na wystawe Niny Mazu\u015b\" src=\"https:\/\/www.jurajski-fotoklub.pl\/wp-content\/uploads\/2016\/12\/zapNina-1024x482.jpg\" width=\"627\" height=\"295\" srcset=\"https:\/\/www.jurajski-fotoklub.pl\/wp-content\/uploads\/2016\/12\/zapNina-1024x482.jpg 1024w, https:\/\/www.jurajski-fotoklub.pl\/wp-content\/uploads\/2016\/12\/zapNina-300x141.jpg 300w, https:\/\/www.jurajski-fotoklub.pl\/wp-content\/uploads\/2016\/12\/zapNina.jpg 1967w\" sizes=\"auto, (max-width: 627px) 100vw, 627px\" \/><\/a><\/p>\n<p>Urodzona w II po\u0142owie XX wieku, po up\u0142ywie nast\u0119pnego \u0107wier\u0107wiecza, uko\u0144czy\u0142a studia na wydziale Architektury Politechniki \u015al\u0105skiej w Gliwicach. Zaw\u00f3d sw\u00f3j wykonuj\u0119 dotychczas. Jestem cz\u0142onkiem Jurajskiego Fotoklubu w Cz\u0119stochowie.<\/p>\n<p>Fotografia jest dla mnie, mi\u0119dzy innymi, dokumentacj\u0105 u\u0142amka sekundy \u2013 wydarzenia lub emocji, lecz nie tylko. W fotografii intryguje mnie tak\u017ce ten moment, kiedy przestaje by\u0107 ona wy\u0142\u0105cznie odtworzeniem rzeczywisto\u015bci, a zaczyna stanowi\u0107 odr\u0119bny byt, b\u0119d\u0105cy cz\u0119sto abstrakcyjnym terenem, pe\u0142nym meandr\u00f3w naszej \u015bwiadomo\u015bci i pod\u015bwiadomo\u015bci. Ponadto, wydaje mi si\u0119 ona znakomitym narz\u0119dziem dzielenia si\u0119 emocjami z drugim cz\u0142owiekiem. Mam wra\u017cenie, \u017ce warto\u015b\u0107 ka\u017cdego prze\u017cycia pot\u0119guje si\u0119 w momencie pojawienia si\u0119 mo\u017cliwo\u015bci opowiedzenia o nim ka\u017cdemu, kto zechce s\u0142ucha\u0107.<\/p>\n<p>Na razie jestem w fazie poszukiwania swojego \u201emiejsca\u201d, bowiem zbyt wiele mnie jeszcze fascynuje i zbyt wiele pr\u00f3buj\u0119 zatrzyma\u0107, staraj\u0105c si\u0119 dostrzega\u0107 wok\u00f3\u0142 geometri\u0119, dobr\u0105 kompozycj\u0119, nastr\u00f3j oraz barw\u0119.<\/p>\n","protected":false},"excerpt":{"rendered":"<p>Urodzona w II po\u0142owie XX wieku, po up\u0142ywie nast\u0119pnego \u0107wier\u0107wiecza, uko\u0144czy\u0142a studia na wydziale Architektury Politechniki \u015al\u0105skiej w Gliwicach. Zaw\u00f3d sw\u00f3j wykonuj\u0119 dotychczas. Jestem cz\u0142onkiem Jurajskiego Fotoklubu w Cz\u0119stochowie. Fotografia jest dla mnie, mi\u0119dzy innymi, dokumentacj\u0105 u\u0142amka sekundy \u2013 wydarzenia lub emocji, lecz nie tylko. W fotografii intryguje mnie tak\u017ce ten moment, kiedy przestaje by\u0107 [&hellip;]<\/p>\n","protected":false},"author":11,"featured_media":0,"comment_status":"open","ping_status":"open","sticky":false,"template":"","format":"standard","meta":{"footnotes":""},"categories":[24],"tags":[],"class_list":["post-3027","post","type-post","status-publish","format-standard","hentry","category-wystawa"],"_links":{"self":[{"href":"https:\/\/www.jurajski-fotoklub.pl\/index.php\/wp-json\/wp\/v2\/posts\/3027","targetHints":{"allow":["GET"]}}],"collection":[{"href":"https:\/\/www.jurajski-fotoklub.pl\/index.php\/wp-json\/wp\/v2\/posts"}],"about":[{"href":"https:\/\/www.jurajski-fotoklub.pl\/index.php\/wp-json\/wp\/v2\/types\/post"}],"author":[{"embeddable":true,"href":"https:\/\/www.jurajski-fotoklub.pl\/index.php\/wp-json\/wp\/v2\/users\/11"}],"replies":[{"embeddable":true,"href":"https:\/\/www.jurajski-fotoklub.pl\/index.php\/wp-json\/wp\/v2\/comments?post=3027"}],"version-history":[{"count":7,"href":"https:\/\/www.jurajski-fotoklub.pl\/index.php\/wp-json\/wp\/v2\/posts\/3027\/revisions"}],"predecessor-version":[{"id":5237,"href":"https:\/\/www.jurajski-fotoklub.pl\/index.php\/wp-json\/wp\/v2\/posts\/3027\/revisions\/5237"}],"wp:attachment":[{"href":"https:\/\/www.jurajski-fotoklub.pl\/index.php\/wp-json\/wp\/v2\/media?parent=3027"}],"wp:term":[{"taxonomy":"category","embeddable":true,"href":"https:\/\/www.jurajski-fotoklub.pl\/index.php\/wp-json\/wp\/v2\/categories?post=3027"},{"taxonomy":"post_tag","embeddable":true,"href":"https:\/\/www.jurajski-fotoklub.pl\/index.php\/wp-json\/wp\/v2\/tags?post=3027"}],"curies":[{"name":"wp","href":"https:\/\/api.w.org\/{rel}","templated":true}]}}