{"id":3130,"date":"2017-03-29T11:19:01","date_gmt":"2017-03-29T11:19:01","guid":{"rendered":"http:\/\/www.jurajski-fotoklub.pl\/?p=3130"},"modified":"2017-03-29T11:19:01","modified_gmt":"2017-03-29T11:19:01","slug":"zaproszenie-wieczor-autorski-mariusza-broszkiewicza","status":"publish","type":"post","link":"https:\/\/www.jurajski-fotoklub.pl\/index.php\/zaproszenie-wieczor-autorski-mariusza-broszkiewicza\/","title":{"rendered":"Zaproszenie &#8211; wiecz\u00f3r autorski Mariusza Broszkiewicza"},"content":{"rendered":"<p><a href=\"https:\/\/www.jurajski-fotoklub.pl\/wp-content\/uploads\/2017\/03\/broszkiewicz-plakatw4.jpg\"><img loading=\"lazy\" decoding=\"async\" class=\"aligncenter size-large wp-image-3131\" alt=\"broszkiewicz plakatw4\" src=\"https:\/\/www.jurajski-fotoklub.pl\/wp-content\/uploads\/2017\/03\/broszkiewicz-plakatw4-1024x944.jpg\" width=\"627\" height=\"578\" srcset=\"https:\/\/www.jurajski-fotoklub.pl\/wp-content\/uploads\/2017\/03\/broszkiewicz-plakatw4-1024x944.jpg 1024w, https:\/\/www.jurajski-fotoklub.pl\/wp-content\/uploads\/2017\/03\/broszkiewicz-plakatw4-300x276.jpg 300w\" sizes=\"auto, (max-width: 627px) 100vw, 627px\" \/><\/a><\/p>\n<p><a href=\"https:\/\/www.facebook.com\/mariusz.broszkiewicz\">Mariusz Broszkiewicz<\/a> afrp<br \/>\nPasjonat fotografii, artysta kt\u00f3ry dostrzega otaczaj\u0105ce nas \u00a0interesuj\u0105ce tematy tworz\u0105c atrakcyjne, perfekcyjne technicznie fotografie.<\/p>\n<p>\u015awiadomy wizualnego znaczenia koloru i jego oddzia\u0142ywania na lini\u0119 i kszta\u0142t szczeg\u00f3ln\u0105 uwag\u0119 zwraca w\u0142a\u015bnie na kolor \u00a0i \u015bwiat\u0142o jednocze\u015bnie prezentuj\u0105c w\u0142asny punkt widzenia \u015bwiata.<\/p>\n<p>Cz\u0142onek Zarz\u0105du Fotoklubu Rzeczpospolitej Polskiej, Stowarzyszenia Tw\u00f3rc\u00f3w w Warszawie,<\/p>\n<p>Wsp\u00f3\u0142tw\u00f3rca i Cz\u0142onek Og\u00f3lnopolskiej Fotograficznej Grupy Tw\u00f3rczej ART FOKUS 13 ,<\/p>\n<p>Cz\u0142onek Towarzystwa Fotograficznego im. Edmunda Osterloffa w Radomsku,<\/p>\n<p>Cz\u0142onek Be\u0142chatowskiego Towarzystwa Fotograficznego w Be\u0142chatowie,<\/p>\n<p>Honorowy Cz\u0142onek Fotoklubu Rzeczpospolitej Polskiej Stowarzyszenia Tw\u00f3rc\u00f3w &#8211; Region \u015awi\u0119tokrzyski w Kielcach,<\/p>\n<p>Honorowy Cz\u0142onek My\u015blenickiej Grupy Fotograficznej MGfoto w My\u015blenicach,<\/p>\n<p>Organizator warsztat\u00f3w i plener\u00f3w fotograficznych, praca z m\u0142odzie\u017c\u0105 i promowanie m\u0142odych talent\u00f3w.<\/p>\n<p>Autor ponad dwudziestu wystaw indywidualnych i dziesi\u0105tk\u00f3w zbiorowych w kraju i za granica.<\/p>\n<p>Laureat licznych konkurs\u00f3w fotograficznych.<\/p>\n<p>Publikacja prac w albumach i ro\u017cnych miesi\u0119cznikach fotograficznych.<\/p>\n","protected":false},"excerpt":{"rendered":"<p>Mariusz Broszkiewicz afrp Pasjonat fotografii, artysta kt\u00f3ry dostrzega otaczaj\u0105ce nas \u00a0interesuj\u0105ce tematy tworz\u0105c atrakcyjne, perfekcyjne technicznie fotografie. \u015awiadomy wizualnego znaczenia koloru i jego oddzia\u0142ywania na lini\u0119 i kszta\u0142t szczeg\u00f3ln\u0105 uwag\u0119 zwraca w\u0142a\u015bnie na kolor \u00a0i \u015bwiat\u0142o jednocze\u015bnie prezentuj\u0105c w\u0142asny punkt widzenia \u015bwiata. Cz\u0142onek Zarz\u0105du Fotoklubu Rzeczpospolitej Polskiej, Stowarzyszenia Tw\u00f3rc\u00f3w w Warszawie, Wsp\u00f3\u0142tw\u00f3rca i Cz\u0142onek Og\u00f3lnopolskiej [&hellip;]<\/p>\n","protected":false},"author":11,"featured_media":0,"comment_status":"open","ping_status":"open","sticky":false,"template":"","format":"standard","meta":{"footnotes":""},"categories":[23],"tags":[],"class_list":["post-3130","post","type-post","status-publish","format-standard","hentry","category-wyklad-2"],"_links":{"self":[{"href":"https:\/\/www.jurajski-fotoklub.pl\/index.php\/wp-json\/wp\/v2\/posts\/3130","targetHints":{"allow":["GET"]}}],"collection":[{"href":"https:\/\/www.jurajski-fotoklub.pl\/index.php\/wp-json\/wp\/v2\/posts"}],"about":[{"href":"https:\/\/www.jurajski-fotoklub.pl\/index.php\/wp-json\/wp\/v2\/types\/post"}],"author":[{"embeddable":true,"href":"https:\/\/www.jurajski-fotoklub.pl\/index.php\/wp-json\/wp\/v2\/users\/11"}],"replies":[{"embeddable":true,"href":"https:\/\/www.jurajski-fotoklub.pl\/index.php\/wp-json\/wp\/v2\/comments?post=3130"}],"version-history":[{"count":2,"href":"https:\/\/www.jurajski-fotoklub.pl\/index.php\/wp-json\/wp\/v2\/posts\/3130\/revisions"}],"predecessor-version":[{"id":3133,"href":"https:\/\/www.jurajski-fotoklub.pl\/index.php\/wp-json\/wp\/v2\/posts\/3130\/revisions\/3133"}],"wp:attachment":[{"href":"https:\/\/www.jurajski-fotoklub.pl\/index.php\/wp-json\/wp\/v2\/media?parent=3130"}],"wp:term":[{"taxonomy":"category","embeddable":true,"href":"https:\/\/www.jurajski-fotoklub.pl\/index.php\/wp-json\/wp\/v2\/categories?post=3130"},{"taxonomy":"post_tag","embeddable":true,"href":"https:\/\/www.jurajski-fotoklub.pl\/index.php\/wp-json\/wp\/v2\/tags?post=3130"}],"curies":[{"name":"wp","href":"https:\/\/api.w.org\/{rel}","templated":true}]}}