{"id":3157,"date":"2017-04-26T06:43:57","date_gmt":"2017-04-26T06:43:57","guid":{"rendered":"http:\/\/www.jurajski-fotoklub.pl\/?p=3157"},"modified":"2025-01-10T18:29:02","modified_gmt":"2025-01-10T17:29:02","slug":"spotkanie-autorskie-z-krzysztofem-muskalskim-grenlandia","status":"publish","type":"post","link":"https:\/\/www.jurajski-fotoklub.pl\/index.php\/spotkanie-autorskie-z-krzysztofem-muskalskim-grenlandia\/","title":{"rendered":"Spotkanie autorskie z Krzysztofem Muskalskim &#8211; GRENLANDIA 2017"},"content":{"rendered":"<p><a href=\"https:\/\/www.jurajski-fotoklub.pl\/wp-content\/uploads\/2017\/04\/plakat-Muskalski-Grenlandia.jpg\"><img loading=\"lazy\" decoding=\"async\" class=\"aligncenter size-full wp-image-3158\" alt=\"plakat Muskalski Grenlandia\" src=\"https:\/\/www.jurajski-fotoklub.pl\/wp-content\/uploads\/2017\/04\/plakat-Muskalski-Grenlandia.jpg\" width=\"691\" height=\"585\" srcset=\"https:\/\/www.jurajski-fotoklub.pl\/wp-content\/uploads\/2017\/04\/plakat-Muskalski-Grenlandia.jpg 691w, https:\/\/www.jurajski-fotoklub.pl\/wp-content\/uploads\/2017\/04\/plakat-Muskalski-Grenlandia-300x253.jpg 300w\" sizes=\"auto, (max-width: 691px) 100vw, 691px\" \/><\/a><\/p>\n<p align=\"center\"><b>Grenlandia-kolorowy odcie\u0144 bieli<\/b><\/p>\n<p align=\"center\"><i>fotografie Krzysztofa Muskalskiego<\/i><\/p>\n<p>Grenlandia \u2013 \u201ezielona kraina\u201d \u2013 najwi\u0119ksza wyspa naszego globu przez wi\u0119ksz\u0105 cz\u0119\u015b\u0107 roku spowita jest biel\u0105 \u015bniegu i lodu. Jedynie w miesi\u0105cach letnich ods\u0142ania swoje kolorowe oblicze u wybrze\u017cy Morza Baffina. Barwna sw\u0105 flor\u0105 i faun\u0105 arktyczna tundra oraz g\u00f3ry lodowe sk\u0105pane w kolorowych promieniach s\u0142o\u0144ca tworz\u0105 bajeczny klimat Grenlandii zachwycaj\u0105c kolorowymi odcieniami bieli\u2026<\/p>\n<p>I by\u0107 mo\u017ce w\u0142a\u015bnie ten kolorowy klimat wyspy przyczyni\u0142 si\u0119 do nadania nazwy &#8211; Grenlandia \u2013 zach\u0119caj\u0105c osadnik\u00f3w do osiedlania si\u0119 na tej trudnej do \u017cycia wyspie.<\/p>\n<p align=\"right\"><i>Krzysztof Muskalski, <\/i><i>AFIAP, AFRP, ZPAF<\/i><i><\/i><\/p>\n<p>&nbsp;<\/p>\n<p>Fotografie wykonano: Olympus OM-D E-M1, Zuiko 12-40 1:2.8, Zuiko 75-300 1:4.8-6.7<\/p>\n<p><strong>Krzysztof Muskalski<\/strong>\u00a0\u2013 \u0142\u0105czy dwie pasje okulistyk\u0119 i fotografi\u0119 artystyczn\u0105, podkre\u015blaj\u0105c \u017ce oko i aparat fotograficzny maj\u0105 szereg analogii w budowie i funkcjonowaniu. Szuka inspiracji w fotografii podr\u00f3\u017cniczej, kt\u00f3ra stanowi dla niego niezwyk\u0142e wyzwanie, bowiem \u0142\u0105czy w sobie wiele gatunk\u00f3w fotografii. Prowadzi Autorsk\u0105 Galeri\u0119 Fotografii \u201eCzas Podr\u00f3\u017cy\u201d w Cz\u0119stochowie, w kt\u00f3rej prezentuje wystawy fotografii ze swoich podr\u00f3\u017cy \u2013 wybrane pod patronatem medialnym National Geographic Polska. Swoje fotografie prezentowa\u0142 na kilkudziesi\u0119ciu wystawach autorskich i zbiorowych w Polsce i zagranic\u0105. Jest laureatem krajowych i zagranicznych konkurs\u00f3w fotograficznych. Zosta\u0142 uhonorowany tytu\u0142em artysty fotografika przez F\u00e9d\u00e9ration Internationale de l\u2019Art Photographique, Fotoklub Rzeczypospolitej Polskiej oraz Zwi\u0105zek Polskich Artyst\u00f3w Fotografik\u00f3w. Jest pomys\u0142odawc\u0105 i wsp\u00f3\u0142organizatorem Mi\u0119dzynarodowych Salon\u00f3w Fotografii Artystycznej Lekarzy \u201ePhotoArtMedica\u201d w Cz\u0119stochowie.<\/p>\n<p><strong>Ch\u0119tnie odwo\u0142uje si\u0119 do dawnych mistrz\u00f3w fotografii, szukaj\u0105c inspiracji nie tylko w ich fotografiach ale te\u017c i w ich s\u0142owach.<\/strong>\u00a0Mottem jego pasji fotograficznej sta\u0142y si\u0119 s\u0142owa jednego z ulubionych mistrz\u00f3w \u2013 Ansela Adamsa:\u00a0<em>\u201eFotografii nie robisz wy\u0142\u0105cznie aparatem fotograficznym. Do dzie\u0142a fotografii wnosisz wszystkie obrazy jakie widzia\u0142e\u015b, ksi\u0105\u017cki jakie przeczyta\u0142e\u015b, muzyk\u0119 kt\u00f3rej s\u0142ucha\u0142e\u015b, ludzi kt\u00f3rych pokocha\u0142e\u015b\u201d<\/em><\/p>\n","protected":false},"excerpt":{"rendered":"<p>Grenlandia-kolorowy odcie\u0144 bieli fotografie Krzysztofa Muskalskiego Grenlandia \u2013 \u201ezielona kraina\u201d \u2013 najwi\u0119ksza wyspa naszego globu przez wi\u0119ksz\u0105 cz\u0119\u015b\u0107 roku spowita jest biel\u0105 \u015bniegu i lodu. Jedynie w miesi\u0105cach letnich ods\u0142ania swoje kolorowe oblicze u wybrze\u017cy Morza Baffina. Barwna sw\u0105 flor\u0105 i faun\u0105 arktyczna tundra oraz g\u00f3ry lodowe sk\u0105pane w kolorowych promieniach s\u0142o\u0144ca tworz\u0105 bajeczny klimat [&hellip;]<\/p>\n","protected":false},"author":11,"featured_media":0,"comment_status":"open","ping_status":"open","sticky":false,"template":"","format":"standard","meta":{"footnotes":""},"categories":[23],"tags":[],"class_list":["post-3157","post","type-post","status-publish","format-standard","hentry","category-wyklad-2"],"_links":{"self":[{"href":"https:\/\/www.jurajski-fotoklub.pl\/index.php\/wp-json\/wp\/v2\/posts\/3157","targetHints":{"allow":["GET"]}}],"collection":[{"href":"https:\/\/www.jurajski-fotoklub.pl\/index.php\/wp-json\/wp\/v2\/posts"}],"about":[{"href":"https:\/\/www.jurajski-fotoklub.pl\/index.php\/wp-json\/wp\/v2\/types\/post"}],"author":[{"embeddable":true,"href":"https:\/\/www.jurajski-fotoklub.pl\/index.php\/wp-json\/wp\/v2\/users\/11"}],"replies":[{"embeddable":true,"href":"https:\/\/www.jurajski-fotoklub.pl\/index.php\/wp-json\/wp\/v2\/comments?post=3157"}],"version-history":[{"count":3,"href":"https:\/\/www.jurajski-fotoklub.pl\/index.php\/wp-json\/wp\/v2\/posts\/3157\/revisions"}],"predecessor-version":[{"id":5238,"href":"https:\/\/www.jurajski-fotoklub.pl\/index.php\/wp-json\/wp\/v2\/posts\/3157\/revisions\/5238"}],"wp:attachment":[{"href":"https:\/\/www.jurajski-fotoklub.pl\/index.php\/wp-json\/wp\/v2\/media?parent=3157"}],"wp:term":[{"taxonomy":"category","embeddable":true,"href":"https:\/\/www.jurajski-fotoklub.pl\/index.php\/wp-json\/wp\/v2\/categories?post=3157"},{"taxonomy":"post_tag","embeddable":true,"href":"https:\/\/www.jurajski-fotoklub.pl\/index.php\/wp-json\/wp\/v2\/tags?post=3157"}],"curies":[{"name":"wp","href":"https:\/\/api.w.org\/{rel}","templated":true}]}}