{"id":3203,"date":"2017-09-04T08:52:32","date_gmt":"2017-09-04T08:52:32","guid":{"rendered":"http:\/\/www.jurajski-fotoklub.pl\/?p=3203"},"modified":"2017-09-12T21:39:40","modified_gmt":"2017-09-12T21:39:40","slug":"zapraszamy","status":"publish","type":"post","link":"https:\/\/www.jurajski-fotoklub.pl\/index.php\/zapraszamy\/","title":{"rendered":"FOTOPOBUDKA-Magdalena Kmiecik &#8211; Migawki z Szanghaju"},"content":{"rendered":"<p><a href=\"https:\/\/www.jurajski-fotoklub.pl\/wp-content\/uploads\/2017\/09\/zapKmiecik-3logoUMjpg.jpg\"><img loading=\"lazy\" decoding=\"async\" class=\"aligncenter size-large wp-image-3204\" alt=\"zapKmiecik 3logoUMjpg\" src=\"https:\/\/www.jurajski-fotoklub.pl\/wp-content\/uploads\/2017\/09\/zapKmiecik-3logoUMjpg-1024x423.jpg\" width=\"627\" height=\"259\" srcset=\"https:\/\/www.jurajski-fotoklub.pl\/wp-content\/uploads\/2017\/09\/zapKmiecik-3logoUMjpg-1024x423.jpg 1024w, https:\/\/www.jurajski-fotoklub.pl\/wp-content\/uploads\/2017\/09\/zapKmiecik-3logoUMjpg-300x124.jpg 300w\" sizes=\"auto, (max-width: 627px) 100vw, 627px\" \/><\/a><\/p>\n<p>Magdalena Kmiecik<\/p>\n<p>W ci\u0105g\u0142ej podr\u00f3\u017cy odkrywana siebie -tworzy inspirowana zmienno\u015bci\u0105 zjawisk natury i zachodz\u0105cych zdarze\u0144.\u00a0 Swoje projekty realizuje w r\u00f3\u017cnych dzia\u0142aniach artystycznych. Wystr\u00f3j \u00a0wn\u0119trz, instalacje florystyczne, unikatowa odzie\u017c, malarstwo, performans\u00a0 i sztuki wizualne, to g\u0142\u00f3wne kierunki pracy i prezentacji.<\/p>\n<p>Studiowa\u0142a Malarstwo\u00a0 na Wydziale Sztuki AJD w Cz\u0119stochowie. W 2015 r przedstawi\u0142a prac\u0119 dyplomow\u0105 \u201eP\u0142aszczyzna obrazu a przestrze\u0144 publiczna\u201d, kt\u00f3rej integraln\u0105 cz\u0119\u015bci\u0105 by\u0142 performans\u00a0 &#8211; \u201eNie Terroryzmowi\u201d\u00a0 i malarstwo akcji dokumentuj\u0105ce emocje wyzwolone podczas prezentacji\u00a0 swoich dzia\u0142a\u0144 w r\u00f3\u017cnych \u015brodowiskach .Uzyska\u0142a tytu\u0142 mgr sztuki.<\/p>\n<p>W roku 1979 uko\u0144czy\u0142a z wyr\u00f3\u017cnieniem \u00a0studia na Wydziale Budowy Maszyn Politechniki Cz\u0119stochowskiej\u00a0 i otrzyma\u0142a tytu\u0142 mgr in\u017c.\u00a0 w dziedzinie obr\u00f3bki plastycznej metali.<\/p>\n<p>Pasjonuje j\u0105 tak\u017ce muzyka &#8211; uko\u0144czy\u0142a Cz\u0119stochowsk\u0105 Szko\u0142\u0119 Muzyczn\u0105 1-go stopnia .<\/p>\n<p>W I LO im.Juliusza S\u0142owackiego \u015bpiewa\u0142a\u00a0 w Zespole Pie\u015bni Dawnej pod kier.W\u0142.Krawczy\u0144skiego i dzia\u0142a\u0142a w \u017cyciu muzycznym \u00a0Cz\u0119stochowy przy organizacji festiwali Jeunesses Musicales.<\/p>\n<p>By\u0142a wsp\u00f3\u0142za\u0142o\u017cycielem i aktywnym ch\u00f3rzyst\u0105 \u2013 prowadzonego przez Krzysztofa Po\u015bpiecha Cz\u0119stochowskiego Ch\u00f3ru Kameralnego Filharmonii .<\/p>\n<p>Jest cz\u0142onkiem Cz\u0119stochowskiego Stowarzyszenia Plastyk\u00f3w im. Jerzego Dudy-Gracza.<\/p>\n<p>Nale\u017cy do Grupy Tw\u00f3rc\u00f3w Z\u0142ota Linia.<\/p>\n<p>Bra\u0142a udzia\u0142 w wielu prezentacjach florystycznych, zbiorowych i indywidualnych\u00a0 wystawach malarstwa , uczestniczy w plenerach malarskich i otwartych akcjach spo\u0142ecznych promuj\u0105cych sztuk\u0119.<\/p>\n<p>&nbsp;<\/p>\n","protected":false},"excerpt":{"rendered":"<p>Magdalena Kmiecik W ci\u0105g\u0142ej podr\u00f3\u017cy odkrywana siebie -tworzy inspirowana zmienno\u015bci\u0105 zjawisk natury i zachodz\u0105cych zdarze\u0144.\u00a0 Swoje projekty realizuje w r\u00f3\u017cnych dzia\u0142aniach artystycznych. Wystr\u00f3j \u00a0wn\u0119trz, instalacje florystyczne, unikatowa odzie\u017c, malarstwo, performans\u00a0 i sztuki wizualne, to g\u0142\u00f3wne kierunki pracy i prezentacji. Studiowa\u0142a Malarstwo\u00a0 na Wydziale Sztuki AJD w Cz\u0119stochowie. W 2015 r przedstawi\u0142a prac\u0119 dyplomow\u0105 \u201eP\u0142aszczyzna obrazu [&hellip;]<\/p>\n","protected":false},"author":11,"featured_media":0,"comment_status":"open","ping_status":"open","sticky":false,"template":"","format":"standard","meta":{"footnotes":""},"categories":[24],"tags":[],"class_list":["post-3203","post","type-post","status-publish","format-standard","hentry","category-wystawa"],"_links":{"self":[{"href":"https:\/\/www.jurajski-fotoklub.pl\/index.php\/wp-json\/wp\/v2\/posts\/3203","targetHints":{"allow":["GET"]}}],"collection":[{"href":"https:\/\/www.jurajski-fotoklub.pl\/index.php\/wp-json\/wp\/v2\/posts"}],"about":[{"href":"https:\/\/www.jurajski-fotoklub.pl\/index.php\/wp-json\/wp\/v2\/types\/post"}],"author":[{"embeddable":true,"href":"https:\/\/www.jurajski-fotoklub.pl\/index.php\/wp-json\/wp\/v2\/users\/11"}],"replies":[{"embeddable":true,"href":"https:\/\/www.jurajski-fotoklub.pl\/index.php\/wp-json\/wp\/v2\/comments?post=3203"}],"version-history":[{"count":4,"href":"https:\/\/www.jurajski-fotoklub.pl\/index.php\/wp-json\/wp\/v2\/posts\/3203\/revisions"}],"predecessor-version":[{"id":3262,"href":"https:\/\/www.jurajski-fotoklub.pl\/index.php\/wp-json\/wp\/v2\/posts\/3203\/revisions\/3262"}],"wp:attachment":[{"href":"https:\/\/www.jurajski-fotoklub.pl\/index.php\/wp-json\/wp\/v2\/media?parent=3203"}],"wp:term":[{"taxonomy":"category","embeddable":true,"href":"https:\/\/www.jurajski-fotoklub.pl\/index.php\/wp-json\/wp\/v2\/categories?post=3203"},{"taxonomy":"post_tag","embeddable":true,"href":"https:\/\/www.jurajski-fotoklub.pl\/index.php\/wp-json\/wp\/v2\/tags?post=3203"}],"curies":[{"name":"wp","href":"https:\/\/api.w.org\/{rel}","templated":true}]}}