{"id":3399,"date":"2018-01-30T01:19:31","date_gmt":"2018-01-30T00:19:31","guid":{"rendered":"http:\/\/www.jurajski-fotoklub.pl\/?p=3399"},"modified":"2018-05-08T21:48:42","modified_gmt":"2018-05-08T19:48:42","slug":"martwa-natura","status":"publish","type":"post","link":"https:\/\/www.jurajski-fotoklub.pl\/index.php\/martwa-natura\/","title":{"rendered":"Martwa Natura"},"content":{"rendered":"<p>[ngg_images source=&#8221;galleries&#8221; container_ids=&#8221;143&#8243; display_type=&#8221;photocrati-nextgen_basic_slideshow&#8221; gallery_width=&#8221;420&#8243; gallery_height=&#8221;420&#8243; cycle_effect=&#8221;wipe&#8221; cycle_interval=&#8221;4&#8243; show_thumbnail_link=&#8221;0&#8243; thumbnail_link_text=&#8221;[Show picture list]&#8221; order_by=&#8221;sortorder&#8221; order_direction=&#8221;ASC&#8221; returns=&#8221;included&#8221; maximum_entity_count=&#8221;500&#8243;]<\/p>\n<h1 style=\"text-align: center;\">Konkurs Miesi\u0105ca MARTWA NATURA<\/h1>\n<p>W pierwszym tegorocznym konkursie uczestnicy zaprezentowali 26 zdj\u0119\u0107. Zdj\u0119cia by\u0142y bardzo ciekawe i oceniaj\u0105cy mieli spory dylemat nad oddaniem swych g\u0142os\u00f3w. Fotografie przedstawia\u0142y zar\u00f3wno klasyczne spojrzenie na martw\u0105 natur\u0119 (butelki, zestawy przedmiot\u00f3w) jak r\u00f3wnie\u017c bardziej reporterskie \u2013 zdj\u0119cia przedstawiaj\u0105ce dziewczyn\u0119 rysuj\u0105c\u0105 martw\u0105 natur\u0119. Nie zabrak\u0142o elementu humorystycznego jak \u201eMartwa Natura ze szprotkami\u201d (a w\u0142a\u015bciwie z puszk\u0105 szprotek).<br \/>\nWszystkich zachwyci\u0142y zestawy zdj\u0119\u0107 wykonanych przez Magdalen\u0119 Kmicik. I to Ona w\u0142a\u015bnie zosta\u0142a zwyci\u0119\u017cczyni\u0105 pierwszego konkursu w tym roku. Gratulujemy!<\/p>\n<p>W lutym tematem b\u0119dzie AUTOPORTRET. Mamy nadziej\u0119, ze ilo\u015b\u0107 uczestnik\u00f3w konkursu i prezentowanych zdj\u0119\u0107 b\u0119dzie si\u0119 stale zwi\u0119ksza\u0107.<\/p>\n<p>Aktualna lista uczestnik\u00f3w konkursu Fotograf Roku (z punktacj\u0105)<\/p>\n<p>1. Magdalena Kmicik 25 pkt. (20 pkt. za zdj\u0119cia)<br \/>\n2. Dominik Wi\u015bniewski 18 pkt. (7 pkt. za zdj\u0119cia)<br \/>\n3. Agnieszka Duma\u0144ska 15 pkt. (4 pkt. za zdj\u0119cia)<br \/>\n4. Andrzej Szl\u0119zak 12 pkt. (3 pkt. za zdj\u0119cia)<br \/>\n4. Krzysztof \u015awitalski 12 pkt. (3 pkt. za zdj\u0119cia)<br \/>\n6. Olga Cegielska 8 pkt. (2 pkt. za zdj\u0119cia)<br \/>\nJanina Mazu\u015b 1 pkt. (brak punkt\u00f3w za zdj\u0119cia, punkt rankingowy za udzia\u0142 w konkursie)<\/p>\n","protected":false},"excerpt":{"rendered":"<p>[ngg_images source=&#8221;galleries&#8221; container_ids=&#8221;143&#8243; display_type=&#8221;photocrati-nextgen_basic_slideshow&#8221; gallery_width=&#8221;420&#8243; gallery_height=&#8221;420&#8243; cycle_effect=&#8221;wipe&#8221; cycle_interval=&#8221;4&#8243; show_thumbnail_link=&#8221;0&#8243; thumbnail_link_text=&#8221;[Show picture list]&#8221; order_by=&#8221;sortorder&#8221; order_direction=&#8221;ASC&#8221; returns=&#8221;included&#8221; maximum_entity_count=&#8221;500&#8243;] Konkurs Miesi\u0105ca MARTWA NATURA W pierwszym tegorocznym konkursie uczestnicy zaprezentowali 26 zdj\u0119\u0107. Zdj\u0119cia by\u0142y bardzo ciekawe i oceniaj\u0105cy mieli spory dylemat nad oddaniem swych g\u0142os\u00f3w. Fotografie przedstawia\u0142y zar\u00f3wno klasyczne spojrzenie na martw\u0105 natur\u0119 (butelki, zestawy przedmiot\u00f3w) jak r\u00f3wnie\u017c bardziej [&hellip;]<\/p>\n","protected":false},"author":11,"featured_media":0,"comment_status":"open","ping_status":"open","sticky":false,"template":"","format":"standard","meta":{"footnotes":""},"categories":[25],"tags":[],"class_list":["post-3399","post","type-post","status-publish","format-standard","hentry","category-konkurs"],"_links":{"self":[{"href":"https:\/\/www.jurajski-fotoklub.pl\/index.php\/wp-json\/wp\/v2\/posts\/3399","targetHints":{"allow":["GET"]}}],"collection":[{"href":"https:\/\/www.jurajski-fotoklub.pl\/index.php\/wp-json\/wp\/v2\/posts"}],"about":[{"href":"https:\/\/www.jurajski-fotoklub.pl\/index.php\/wp-json\/wp\/v2\/types\/post"}],"author":[{"embeddable":true,"href":"https:\/\/www.jurajski-fotoklub.pl\/index.php\/wp-json\/wp\/v2\/users\/11"}],"replies":[{"embeddable":true,"href":"https:\/\/www.jurajski-fotoklub.pl\/index.php\/wp-json\/wp\/v2\/comments?post=3399"}],"version-history":[{"count":12,"href":"https:\/\/www.jurajski-fotoklub.pl\/index.php\/wp-json\/wp\/v2\/posts\/3399\/revisions"}],"predecessor-version":[{"id":3512,"href":"https:\/\/www.jurajski-fotoklub.pl\/index.php\/wp-json\/wp\/v2\/posts\/3399\/revisions\/3512"}],"wp:attachment":[{"href":"https:\/\/www.jurajski-fotoklub.pl\/index.php\/wp-json\/wp\/v2\/media?parent=3399"}],"wp:term":[{"taxonomy":"category","embeddable":true,"href":"https:\/\/www.jurajski-fotoklub.pl\/index.php\/wp-json\/wp\/v2\/categories?post=3399"},{"taxonomy":"post_tag","embeddable":true,"href":"https:\/\/www.jurajski-fotoklub.pl\/index.php\/wp-json\/wp\/v2\/tags?post=3399"}],"curies":[{"name":"wp","href":"https:\/\/api.w.org\/{rel}","templated":true}]}}