{"id":3535,"date":"2018-02-07T23:47:59","date_gmt":"2018-02-07T22:47:59","guid":{"rendered":"http:\/\/www.jurajski-fotoklub.pl\/?p=3535"},"modified":"2018-10-07T16:17:09","modified_gmt":"2018-10-07T14:17:09","slug":"autoportret","status":"publish","type":"post","link":"https:\/\/www.jurajski-fotoklub.pl\/index.php\/autoportret\/","title":{"rendered":"AUTOPORTRET"},"content":{"rendered":"<h2>Konkurs Miesi\u0105ca &#8211; AUTOPORTRET<\/h2>\n<p class=\"western\">I miejsce zaj\u0119li: Andrzej Szl\u0119zak, Dominik Wi\u015bniewski oraz Krzysztof \u015awitalski, otrzymuj\u0105c za nagrodzone zdj\u0119cie po 8 g\u0142os\u00f3w.<\/p>\n<p class=\"western\">II miejsce zaj\u0119\u0142a Ola Cegielska, otrzymuj\u0105c za nagrodzone zdj\u0119cie 7 g\u0142os\u00f3w.<\/p>\n<p class=\"western\">III miejsce zaj\u0119\u0142y: Magdalena Kmiecik i Nina Mazu\u015b, otrzymuj\u0105c za nagrodzone zdj\u0119cia po 5\u00a0 g\u0142os\u00f3w.<\/p>\n<p class=\"western\"><u>Punktacja do rankingu rocznego, zgodnie z Tabel\u0105 w regulaminie:<br \/>\n<\/u><\/p>\n<p>( w nawiasie ma\u0142e punkty-g\u0142osy za wszystkie zg\u0142oszone zdj\u0119cia )<\/p>\n<p class=\"western\">Andrzej Szl\u0119zak &#8211;\u00a0 25pkt\u00a0 (10p)<\/p>\n<p class=\"western\">Ola Cegielska &#8211;\u00a0 25 pkt\u00a0 (10p)<\/p>\n<p class=\"western\">Nina Mazu\u015b &#8211; 18 pkt\u00a0 (9p)<\/p>\n<p class=\"western\">Magdalena Kmiecik &#8211;\u00a0 15 pkt\u00a0 (8p)<\/p>\n<p class=\"western\">Krzysztof \u015awitalski &#8211;\u00a0 15 pkt\u00a0 (8p)<\/p>\n<p class=\"western\">Dominik Wi\u015bniewski &#8211; 15 pkt (8p)<\/p>\n<p class=\"western\">Ewelina Ko\u0142odziejska-Hajkowicz &#8211; 12 pkt (4p)<\/p>\n<p>(w nawiasie ma\u0142e punkty &#8211; g\u0142osy za wszystkie zg\u0142oszone zdj\u0119cia)<\/p>\n<table style=\"margin: auto; width: 400px;\">\n<tbody>\n<tr>\n<td>Magdalena Kmiecik<\/td>\n<td class=\"ra\">40 pkt<\/td>\n<td class=\"ra\">(28p)<\/td>\n<\/tr>\n<tr>\n<td>Andrzej Szl\u0119zak<\/td>\n<td class=\"ra\">37 pkt<\/td>\n<td class=\"ra\">(13p)<\/td>\n<\/tr>\n<tr>\n<td>Krzysztof \u015awitalski<\/td>\n<td class=\"ra\">27 pkt<\/td>\n<td class=\"ra\">(11p)<\/td>\n<\/tr>\n<tr>\n<td>Dominik Wi\u015bniewski<\/td>\n<td class=\"ra\">33 pkt<\/td>\n<td class=\"ra\">(15p)<\/td>\n<\/tr>\n<tr>\n<td>Ewelina Ko\u0142odziejska-Hajkowicz<\/td>\n<td class=\"ra\">12 pkt<\/td>\n<td class=\"ra\">(4p)<\/td>\n<\/tr>\n<tr>\n<td>Nina Mazu\u015b<\/td>\n<td class=\"ra\">19 pkt<\/td>\n<td class=\"ra\">(9p)<\/td>\n<\/tr>\n<tr>\n<td>Olga Cegielska<\/td>\n<td class=\"ra\">33 pkt<\/td>\n<td class=\"ra\">(12p)<\/td>\n<\/tr>\n<\/tbody>\n<\/table>\n\n\t\t<style type=\"text\/css\">\n\t\t\t#gallery-1 {\n\t\t\t\tmargin: auto;\n\t\t\t}\n\t\t\t#gallery-1 .gallery-item {\n\t\t\t\tfloat: left;\n\t\t\t\tmargin-top: 10px;\n\t\t\t\ttext-align: center;\n\t\t\t\twidth: 33%;\n\t\t\t}\n\t\t\t#gallery-1 img {\n\t\t\t\tborder: 2px solid #cfcfcf;\n\t\t\t}\n\t\t\t#gallery-1 .gallery-caption {\n\t\t\t\tmargin-left: 0;\n\t\t\t}\n\t\t\t\/* see gallery_shortcode() in wp-includes\/media.php *\/\n\t\t<\/style>\n\t\t<div id='gallery-1' class='gallery galleryid-3535 gallery-columns-3 gallery-size-thumbnail'><dl class='gallery-item'>\n\t\t\t<dt class='gallery-icon landscape'>\n\t\t\t\t<a href='https:\/\/www.jurajski-fotoklub.pl\/index.php\/autoportret\/krzysztof-switalski-autoportret\/'><img loading=\"lazy\" decoding=\"async\" width=\"200\" height=\"150\" src=\"https:\/\/www.jurajski-fotoklub.pl\/wp-content\/uploads\/2018\/02\/Krzysztof-\u015awitalski-autoportret-200x150.jpg\" class=\"attachment-thumbnail size-thumbnail\" alt=\"\" aria-describedby=\"gallery-1-3550\" \/><\/a>\n\t\t\t<\/dt>\n\t\t\t\t<dd class='wp-caption-text gallery-caption' id='gallery-1-3550'>\n\t\t\t\tKrzysztof \u015awitalski\n\t\t\t\t<\/dd><\/dl><dl class='gallery-item'>\n\t\t\t<dt class='gallery-icon landscape'>\n\t\t\t\t<a href='https:\/\/www.jurajski-fotoklub.pl\/index.php\/autoportret\/dominik-luty-autoportret\/'><img loading=\"lazy\" decoding=\"async\" width=\"200\" height=\"150\" src=\"https:\/\/www.jurajski-fotoklub.pl\/wp-content\/uploads\/2018\/02\/Dominik-Luty-Autoportret-200x150.jpg\" class=\"attachment-thumbnail size-thumbnail\" alt=\"\" aria-describedby=\"gallery-1-3546\" \/><\/a>\n\t\t\t<\/dt>\n\t\t\t\t<dd class='wp-caption-text gallery-caption' id='gallery-1-3546'>\n\t\t\t\tDominik Wi\u015bniewski\n\t\t\t\t<\/dd><\/dl><dl class='gallery-item'>\n\t\t\t<dt class='gallery-icon landscape'>\n\t\t\t\t<a href='https:\/\/www.jurajski-fotoklub.pl\/index.php\/autoportret\/mk2-1\/'><img loading=\"lazy\" decoding=\"async\" width=\"200\" height=\"150\" src=\"https:\/\/www.jurajski-fotoklub.pl\/wp-content\/uploads\/2018\/02\/MK2-1-200x150.jpg\" class=\"attachment-thumbnail size-thumbnail\" alt=\"\" aria-describedby=\"gallery-1-3539\" \/><\/a>\n\t\t\t<\/dt>\n\t\t\t\t<dd class='wp-caption-text gallery-caption' id='gallery-1-3539'>\n\t\t\t\tMagdalena Kmiecik\n\t\t\t\t<\/dd><\/dl><br style=\"clear: both\" \/><dl class='gallery-item'>\n\t\t\t<dt class='gallery-icon portrait'>\n\t\t\t\t<a href='https:\/\/www.jurajski-fotoklub.pl\/index.php\/autoportret\/mk2-2\/'><img loading=\"lazy\" decoding=\"async\" width=\"200\" height=\"150\" src=\"https:\/\/www.jurajski-fotoklub.pl\/wp-content\/uploads\/2018\/02\/MK2-2-200x150.jpg\" class=\"attachment-thumbnail size-thumbnail\" alt=\"\" aria-describedby=\"gallery-1-3540\" \/><\/a>\n\t\t\t<\/dt>\n\t\t\t\t<dd class='wp-caption-text gallery-caption' id='gallery-1-3540'>\n\t\t\t\tMagdalena Kmiecik\n\t\t\t\t<\/dd><\/dl><dl class='gallery-item'>\n\t\t\t<dt class='gallery-icon portrait'>\n\t\t\t\t<a href='https:\/\/www.jurajski-fotoklub.pl\/index.php\/autoportret\/mk3\/'><img loading=\"lazy\" decoding=\"async\" width=\"200\" height=\"150\" src=\"https:\/\/www.jurajski-fotoklub.pl\/wp-content\/uploads\/2018\/02\/MK3-200x150.jpg\" class=\"attachment-thumbnail size-thumbnail\" alt=\"\" aria-describedby=\"gallery-1-3541\" \/><\/a>\n\t\t\t<\/dt>\n\t\t\t\t<dd class='wp-caption-text gallery-caption' id='gallery-1-3541'>\n\t\t\t\tMagdalena Kmiecik\n\t\t\t\t<\/dd><\/dl><dl class='gallery-item'>\n\t\t\t<dt class='gallery-icon portrait'>\n\t\t\t\t<a href='https:\/\/www.jurajski-fotoklub.pl\/index.php\/autoportret\/olympus-digital-camera-11\/'><img loading=\"lazy\" decoding=\"async\" width=\"200\" height=\"150\" src=\"https:\/\/www.jurajski-fotoklub.pl\/wp-content\/uploads\/2018\/02\/Nina-Autoportret2-200x150.jpg\" class=\"attachment-thumbnail size-thumbnail\" alt=\"\" aria-describedby=\"gallery-1-3554\" \/><\/a>\n\t\t\t<\/dt>\n\t\t\t\t<dd class='wp-caption-text gallery-caption' id='gallery-1-3554'>\n\t\t\t\tNina Mazu\u015b\n\t\t\t\t<\/dd><\/dl><br style=\"clear: both\" \/>\n\t\t<\/div>\n\n","protected":false},"excerpt":{"rendered":"<p>Konkurs Miesi\u0105ca &#8211; AUTOPORTRET I miejsce zaj\u0119li: Andrzej Szl\u0119zak, Dominik Wi\u015bniewski oraz Krzysztof \u015awitalski, otrzymuj\u0105c za nagrodzone zdj\u0119cie po 8 g\u0142os\u00f3w. II miejsce zaj\u0119\u0142a Ola Cegielska, otrzymuj\u0105c za nagrodzone zdj\u0119cie 7 g\u0142os\u00f3w. III miejsce zaj\u0119\u0142y: Magdalena Kmiecik i Nina Mazu\u015b, otrzymuj\u0105c za nagrodzone zdj\u0119cia po 5\u00a0 g\u0142os\u00f3w. Punktacja do rankingu rocznego, zgodnie z Tabel\u0105 w [&hellip;]<\/p>\n","protected":false},"author":11,"featured_media":0,"comment_status":"open","ping_status":"open","sticky":false,"template":"","format":"standard","meta":{"footnotes":""},"categories":[25],"tags":[],"class_list":["post-3535","post","type-post","status-publish","format-standard","hentry","category-konkurs"],"_links":{"self":[{"href":"https:\/\/www.jurajski-fotoklub.pl\/index.php\/wp-json\/wp\/v2\/posts\/3535","targetHints":{"allow":["GET"]}}],"collection":[{"href":"https:\/\/www.jurajski-fotoklub.pl\/index.php\/wp-json\/wp\/v2\/posts"}],"about":[{"href":"https:\/\/www.jurajski-fotoklub.pl\/index.php\/wp-json\/wp\/v2\/types\/post"}],"author":[{"embeddable":true,"href":"https:\/\/www.jurajski-fotoklub.pl\/index.php\/wp-json\/wp\/v2\/users\/11"}],"replies":[{"embeddable":true,"href":"https:\/\/www.jurajski-fotoklub.pl\/index.php\/wp-json\/wp\/v2\/comments?post=3535"}],"version-history":[{"count":5,"href":"https:\/\/www.jurajski-fotoklub.pl\/index.php\/wp-json\/wp\/v2\/posts\/3535\/revisions"}],"predecessor-version":[{"id":3717,"href":"https:\/\/www.jurajski-fotoklub.pl\/index.php\/wp-json\/wp\/v2\/posts\/3535\/revisions\/3717"}],"wp:attachment":[{"href":"https:\/\/www.jurajski-fotoklub.pl\/index.php\/wp-json\/wp\/v2\/media?parent=3535"}],"wp:term":[{"taxonomy":"category","embeddable":true,"href":"https:\/\/www.jurajski-fotoklub.pl\/index.php\/wp-json\/wp\/v2\/categories?post=3535"},{"taxonomy":"post_tag","embeddable":true,"href":"https:\/\/www.jurajski-fotoklub.pl\/index.php\/wp-json\/wp\/v2\/tags?post=3535"}],"curies":[{"name":"wp","href":"https:\/\/api.w.org\/{rel}","templated":true}]}}