{"id":3734,"date":"2018-10-29T23:44:04","date_gmt":"2018-10-29T22:44:04","guid":{"rendered":"http:\/\/www.jurajski-fotoklub.pl\/?p=3734"},"modified":"2018-10-29T23:44:04","modified_gmt":"2018-10-29T22:44:04","slug":"tradycjonalizm-i-eksperyment-plener","status":"publish","type":"post","link":"https:\/\/www.jurajski-fotoklub.pl\/index.php\/tradycjonalizm-i-eksperyment-plener\/","title":{"rendered":"Tradycjonalizm i Eksperyment &#8211; Plener"},"content":{"rendered":"<p style=\"text-align:justify;\">W ramach programu \u201eTradycjonalizm i eksperyment\u201d, w dniach 26 i 27 pa\u017adziernika, o\u015bmioosobowa grupa cz\u0142onk\u00f3w naszego Klubu wzi\u0119\u0142a udzia\u0142 w plenerze fotograficznym, kt\u00f3rego g\u0142\u00f3wnym celem by\u0142o odwiedzenie miejsc lokalizacji bardziej ciekawych grup skalnych, odmiennych ni\u017c wapienne ska\u0142ki Jury Krakowsko-Cz\u0119stochowskiej &#8211; rezerwaty: B\u0142\u0119dne Ska\u0142y niedaleko Kudowy oraz Miasto Skalne w Aderspach w Czechach.<br \/>\nMglista i deszczowa aura nie pozwoli\u0142a na podziwianie panoramy ziemi k\u0142odzkiej z najwy\u017cej po\u0142o\u017conych punkt\u00f3w widokowych B\u0142\u0119dnych Ska\u0142, zlokalizowanych w obr\u0119bie Parku Narodowego G\u00f3r Sto\u0142owych, ale nie uniemo\u017cliwi\u0142a nam przej\u015bcia szlakiem turystycznym, w\u0105skimi korytarzami labiryntu, pomi\u0119dzy niezwykle ciekawymi formacjami skalnymi, kt\u00f3rych wysoko\u015b\u0107 dochodzi\u0142a od 6 do 11 m.<\/p>\n\n\t\t<style type=\"text\/css\">\n\t\t\t#gallery-1 {\n\t\t\t\tmargin: auto;\n\t\t\t}\n\t\t\t#gallery-1 .gallery-item {\n\t\t\t\tfloat: left;\n\t\t\t\tmargin-top: 10px;\n\t\t\t\ttext-align: center;\n\t\t\t\twidth: 33%;\n\t\t\t}\n\t\t\t#gallery-1 img {\n\t\t\t\tborder: 2px solid #cfcfcf;\n\t\t\t}\n\t\t\t#gallery-1 .gallery-caption {\n\t\t\t\tmargin-left: 0;\n\t\t\t}\n\t\t\t\/* see gallery_shortcode() in wp-includes\/media.php *\/\n\t\t<\/style>\n\t\t<div id='gallery-1' class='gallery galleryid-3734 gallery-columns-3 gallery-size-thumbnail'><dl class='gallery-item'>\n\t\t\t<dt class='gallery-icon landscape'>\n\t\t\t\t<a href='https:\/\/www.jurajski-fotoklub.pl\/index.php\/tradycjonalizm-i-eksperyment-plener\/olympus-digital-camera-16\/'><img loading=\"lazy\" decoding=\"async\" width=\"200\" height=\"150\" src=\"https:\/\/www.jurajski-fotoklub.pl\/wp-content\/uploads\/2018\/10\/1a-200x150.jpg\" class=\"attachment-thumbnail size-thumbnail\" alt=\"\" srcset=\"https:\/\/www.jurajski-fotoklub.pl\/wp-content\/uploads\/2018\/10\/1a-200x150.jpg 200w, https:\/\/www.jurajski-fotoklub.pl\/wp-content\/uploads\/2018\/10\/1a-300x225.jpg 300w, https:\/\/www.jurajski-fotoklub.pl\/wp-content\/uploads\/2018\/10\/1a-768x576.jpg 768w, https:\/\/www.jurajski-fotoklub.pl\/wp-content\/uploads\/2018\/10\/1a-1024x768.jpg 1024w, https:\/\/www.jurajski-fotoklub.pl\/wp-content\/uploads\/2018\/10\/1a.jpg 1600w\" sizes=\"auto, (max-width: 200px) 100vw, 200px\" \/><\/a>\n\t\t\t<\/dt><\/dl><dl class='gallery-item'>\n\t\t\t<dt class='gallery-icon landscape'>\n\t\t\t\t<a href='https:\/\/www.jurajski-fotoklub.pl\/index.php\/tradycjonalizm-i-eksperyment-plener\/olympus-digital-camera-17\/'><img loading=\"lazy\" decoding=\"async\" width=\"200\" height=\"150\" src=\"https:\/\/www.jurajski-fotoklub.pl\/wp-content\/uploads\/2018\/10\/2a-200x150.jpg\" class=\"attachment-thumbnail size-thumbnail\" alt=\"\" srcset=\"https:\/\/www.jurajski-fotoklub.pl\/wp-content\/uploads\/2018\/10\/2a-200x150.jpg 200w, https:\/\/www.jurajski-fotoklub.pl\/wp-content\/uploads\/2018\/10\/2a-300x225.jpg 300w, https:\/\/www.jurajski-fotoklub.pl\/wp-content\/uploads\/2018\/10\/2a-768x576.jpg 768w, https:\/\/www.jurajski-fotoklub.pl\/wp-content\/uploads\/2018\/10\/2a-1024x768.jpg 1024w, https:\/\/www.jurajski-fotoklub.pl\/wp-content\/uploads\/2018\/10\/2a.jpg 1600w\" sizes=\"auto, (max-width: 200px) 100vw, 200px\" \/><\/a>\n\t\t\t<\/dt><\/dl><dl class='gallery-item'>\n\t\t\t<dt class='gallery-icon portrait'>\n\t\t\t\t<a href='https:\/\/www.jurajski-fotoklub.pl\/index.php\/tradycjonalizm-i-eksperyment-plener\/olympus-digital-camera-18\/'><img loading=\"lazy\" decoding=\"async\" width=\"200\" height=\"150\" src=\"https:\/\/www.jurajski-fotoklub.pl\/wp-content\/uploads\/2018\/10\/3a-200x150.jpg\" class=\"attachment-thumbnail size-thumbnail\" alt=\"\" \/><\/a>\n\t\t\t<\/dt><\/dl><br style=\"clear: both\" \/><dl class='gallery-item'>\n\t\t\t<dt class='gallery-icon portrait'>\n\t\t\t\t<a href='https:\/\/www.jurajski-fotoklub.pl\/index.php\/tradycjonalizm-i-eksperyment-plener\/olympus-digital-camera-19\/'><img loading=\"lazy\" decoding=\"async\" width=\"200\" height=\"150\" src=\"https:\/\/www.jurajski-fotoklub.pl\/wp-content\/uploads\/2018\/10\/4a-200x150.jpg\" class=\"attachment-thumbnail size-thumbnail\" alt=\"\" \/><\/a>\n\t\t\t<\/dt><\/dl><dl class='gallery-item'>\n\t\t\t<dt class='gallery-icon landscape'>\n\t\t\t\t<a href='https:\/\/www.jurajski-fotoklub.pl\/index.php\/tradycjonalizm-i-eksperyment-plener\/olympus-digital-camera-20\/'><img loading=\"lazy\" decoding=\"async\" width=\"200\" height=\"150\" src=\"https:\/\/www.jurajski-fotoklub.pl\/wp-content\/uploads\/2018\/10\/5a-200x150.jpg\" class=\"attachment-thumbnail size-thumbnail\" alt=\"\" srcset=\"https:\/\/www.jurajski-fotoklub.pl\/wp-content\/uploads\/2018\/10\/5a-200x150.jpg 200w, https:\/\/www.jurajski-fotoklub.pl\/wp-content\/uploads\/2018\/10\/5a-300x225.jpg 300w, https:\/\/www.jurajski-fotoklub.pl\/wp-content\/uploads\/2018\/10\/5a-768x576.jpg 768w, https:\/\/www.jurajski-fotoklub.pl\/wp-content\/uploads\/2018\/10\/5a-1024x768.jpg 1024w, https:\/\/www.jurajski-fotoklub.pl\/wp-content\/uploads\/2018\/10\/5a.jpg 1600w\" sizes=\"auto, (max-width: 200px) 100vw, 200px\" \/><\/a>\n\t\t\t<\/dt><\/dl><dl class='gallery-item'>\n\t\t\t<dt class='gallery-icon landscape'>\n\t\t\t\t<a href='https:\/\/www.jurajski-fotoklub.pl\/index.php\/tradycjonalizm-i-eksperyment-plener\/olympus-digital-camera-21\/'><img loading=\"lazy\" decoding=\"async\" width=\"200\" height=\"150\" src=\"https:\/\/www.jurajski-fotoklub.pl\/wp-content\/uploads\/2018\/10\/6a-200x150.jpg\" class=\"attachment-thumbnail size-thumbnail\" alt=\"\" srcset=\"https:\/\/www.jurajski-fotoklub.pl\/wp-content\/uploads\/2018\/10\/6a-200x150.jpg 200w, https:\/\/www.jurajski-fotoklub.pl\/wp-content\/uploads\/2018\/10\/6a-300x225.jpg 300w, https:\/\/www.jurajski-fotoklub.pl\/wp-content\/uploads\/2018\/10\/6a-768x576.jpg 768w, https:\/\/www.jurajski-fotoklub.pl\/wp-content\/uploads\/2018\/10\/6a-1024x768.jpg 1024w, https:\/\/www.jurajski-fotoklub.pl\/wp-content\/uploads\/2018\/10\/6a.jpg 1600w\" sizes=\"auto, (max-width: 200px) 100vw, 200px\" \/><\/a>\n\t\t\t<\/dt><\/dl><br style=\"clear: both\" \/><dl class='gallery-item'>\n\t\t\t<dt class='gallery-icon portrait'>\n\t\t\t\t<a href='https:\/\/www.jurajski-fotoklub.pl\/index.php\/tradycjonalizm-i-eksperyment-plener\/olympus-digital-camera-22\/'><img loading=\"lazy\" decoding=\"async\" width=\"200\" height=\"150\" src=\"https:\/\/www.jurajski-fotoklub.pl\/wp-content\/uploads\/2018\/10\/7a-200x150.jpg\" class=\"attachment-thumbnail size-thumbnail\" alt=\"\" \/><\/a>\n\t\t\t<\/dt><\/dl><dl class='gallery-item'>\n\t\t\t<dt class='gallery-icon landscape'>\n\t\t\t\t<a href='https:\/\/www.jurajski-fotoklub.pl\/index.php\/tradycjonalizm-i-eksperyment-plener\/olympus-digital-camera-23\/'><img loading=\"lazy\" decoding=\"async\" width=\"200\" height=\"150\" src=\"https:\/\/www.jurajski-fotoklub.pl\/wp-content\/uploads\/2018\/10\/8a-200x150.jpg\" class=\"attachment-thumbnail size-thumbnail\" alt=\"\" srcset=\"https:\/\/www.jurajski-fotoklub.pl\/wp-content\/uploads\/2018\/10\/8a-200x150.jpg 200w, https:\/\/www.jurajski-fotoklub.pl\/wp-content\/uploads\/2018\/10\/8a-300x225.jpg 300w, https:\/\/www.jurajski-fotoklub.pl\/wp-content\/uploads\/2018\/10\/8a-768x576.jpg 768w, https:\/\/www.jurajski-fotoklub.pl\/wp-content\/uploads\/2018\/10\/8a-1024x768.jpg 1024w, https:\/\/www.jurajski-fotoklub.pl\/wp-content\/uploads\/2018\/10\/8a.jpg 1600w\" sizes=\"auto, (max-width: 200px) 100vw, 200px\" \/><\/a>\n\t\t\t<\/dt><\/dl>\n\t\t\t<br style='clear: both' \/>\n\t\t<\/div>\n\n<p style=\"text-align:justify;\">Po noclegu w Kudowie wyruszyli\u015bmy do Skalnego Miasta, z przystankiem po drodze w czeskim mie\u015bcie Nachod. Tu odwiedzili\u015bmy Zamek Nied\u017awiedzi \u2013 du\u017ce za\u0142o\u017cenie na wzg\u00f3rzu, z wieloma wewn\u0119trznymi dziedzi\u0144cami, po\u0142o\u017conymi na r\u00f3\u017cnych poziomach, gdzie spotkali\u015bmy nied\u017awiedzia zamieszkuj\u0105cego samotnie ma\u0142y drewniany domek we fragmencie fosy.<\/p>\n\n\t\t<style type=\"text\/css\">\n\t\t\t#gallery-2 {\n\t\t\t\tmargin: auto;\n\t\t\t}\n\t\t\t#gallery-2 .gallery-item {\n\t\t\t\tfloat: left;\n\t\t\t\tmargin-top: 10px;\n\t\t\t\ttext-align: center;\n\t\t\t\twidth: 33%;\n\t\t\t}\n\t\t\t#gallery-2 img {\n\t\t\t\tborder: 2px solid #cfcfcf;\n\t\t\t}\n\t\t\t#gallery-2 .gallery-caption {\n\t\t\t\tmargin-left: 0;\n\t\t\t}\n\t\t\t\/* see gallery_shortcode() in wp-includes\/media.php *\/\n\t\t<\/style>\n\t\t<div id='gallery-2' class='gallery galleryid-3734 gallery-columns-3 gallery-size-thumbnail'><dl class='gallery-item'>\n\t\t\t<dt class='gallery-icon landscape'>\n\t\t\t\t<a href='https:\/\/www.jurajski-fotoklub.pl\/index.php\/tradycjonalizm-i-eksperyment-plener\/olympus-digital-camera-24\/'><img loading=\"lazy\" decoding=\"async\" width=\"200\" height=\"150\" src=\"https:\/\/www.jurajski-fotoklub.pl\/wp-content\/uploads\/2018\/10\/1b-200x150.jpg\" class=\"attachment-thumbnail size-thumbnail\" alt=\"\" srcset=\"https:\/\/www.jurajski-fotoklub.pl\/wp-content\/uploads\/2018\/10\/1b-200x150.jpg 200w, https:\/\/www.jurajski-fotoklub.pl\/wp-content\/uploads\/2018\/10\/1b-300x225.jpg 300w, https:\/\/www.jurajski-fotoklub.pl\/wp-content\/uploads\/2018\/10\/1b-768x576.jpg 768w, https:\/\/www.jurajski-fotoklub.pl\/wp-content\/uploads\/2018\/10\/1b-1024x768.jpg 1024w, https:\/\/www.jurajski-fotoklub.pl\/wp-content\/uploads\/2018\/10\/1b.jpg 1600w\" sizes=\"auto, (max-width: 200px) 100vw, 200px\" \/><\/a>\n\t\t\t<\/dt><\/dl><dl class='gallery-item'>\n\t\t\t<dt class='gallery-icon landscape'>\n\t\t\t\t<a href='https:\/\/www.jurajski-fotoklub.pl\/index.php\/tradycjonalizm-i-eksperyment-plener\/olympus-digital-camera-25\/'><img loading=\"lazy\" decoding=\"async\" width=\"200\" height=\"150\" src=\"https:\/\/www.jurajski-fotoklub.pl\/wp-content\/uploads\/2018\/10\/2b-200x150.jpg\" class=\"attachment-thumbnail size-thumbnail\" alt=\"\" srcset=\"https:\/\/www.jurajski-fotoklub.pl\/wp-content\/uploads\/2018\/10\/2b-200x150.jpg 200w, https:\/\/www.jurajski-fotoklub.pl\/wp-content\/uploads\/2018\/10\/2b-300x225.jpg 300w, https:\/\/www.jurajski-fotoklub.pl\/wp-content\/uploads\/2018\/10\/2b-768x576.jpg 768w, https:\/\/www.jurajski-fotoklub.pl\/wp-content\/uploads\/2018\/10\/2b-1024x768.jpg 1024w, https:\/\/www.jurajski-fotoklub.pl\/wp-content\/uploads\/2018\/10\/2b.jpg 1600w\" sizes=\"auto, (max-width: 200px) 100vw, 200px\" \/><\/a>\n\t\t\t<\/dt><\/dl><dl class='gallery-item'>\n\t\t\t<dt class='gallery-icon landscape'>\n\t\t\t\t<a href='https:\/\/www.jurajski-fotoklub.pl\/index.php\/tradycjonalizm-i-eksperyment-plener\/olympus-digital-camera-26\/'><img loading=\"lazy\" decoding=\"async\" width=\"200\" height=\"150\" src=\"https:\/\/www.jurajski-fotoklub.pl\/wp-content\/uploads\/2018\/10\/3b-200x150.jpg\" class=\"attachment-thumbnail size-thumbnail\" alt=\"\" srcset=\"https:\/\/www.jurajski-fotoklub.pl\/wp-content\/uploads\/2018\/10\/3b-200x150.jpg 200w, https:\/\/www.jurajski-fotoklub.pl\/wp-content\/uploads\/2018\/10\/3b-300x225.jpg 300w, https:\/\/www.jurajski-fotoklub.pl\/wp-content\/uploads\/2018\/10\/3b-768x576.jpg 768w, https:\/\/www.jurajski-fotoklub.pl\/wp-content\/uploads\/2018\/10\/3b-1024x768.jpg 1024w, https:\/\/www.jurajski-fotoklub.pl\/wp-content\/uploads\/2018\/10\/3b.jpg 1600w\" sizes=\"auto, (max-width: 200px) 100vw, 200px\" \/><\/a>\n\t\t\t<\/dt><\/dl><br style=\"clear: both\" \/><dl class='gallery-item'>\n\t\t\t<dt class='gallery-icon landscape'>\n\t\t\t\t<a href='https:\/\/www.jurajski-fotoklub.pl\/index.php\/tradycjonalizm-i-eksperyment-plener\/4b\/'><img loading=\"lazy\" decoding=\"async\" width=\"200\" height=\"150\" src=\"https:\/\/www.jurajski-fotoklub.pl\/wp-content\/uploads\/2018\/10\/4b-200x150.jpg\" class=\"attachment-thumbnail size-thumbnail\" alt=\"\" \/><\/a>\n\t\t\t<\/dt><\/dl><dl class='gallery-item'>\n\t\t\t<dt class='gallery-icon landscape'>\n\t\t\t\t<a href='https:\/\/www.jurajski-fotoklub.pl\/index.php\/tradycjonalizm-i-eksperyment-plener\/olympus-digital-camera-27\/'><img loading=\"lazy\" decoding=\"async\" width=\"200\" height=\"150\" src=\"https:\/\/www.jurajski-fotoklub.pl\/wp-content\/uploads\/2018\/10\/5b-200x150.jpg\" class=\"attachment-thumbnail size-thumbnail\" alt=\"\" srcset=\"https:\/\/www.jurajski-fotoklub.pl\/wp-content\/uploads\/2018\/10\/5b-200x150.jpg 200w, https:\/\/www.jurajski-fotoklub.pl\/wp-content\/uploads\/2018\/10\/5b-300x226.jpg 300w, https:\/\/www.jurajski-fotoklub.pl\/wp-content\/uploads\/2018\/10\/5b-768x578.jpg 768w, https:\/\/www.jurajski-fotoklub.pl\/wp-content\/uploads\/2018\/10\/5b-1024x771.jpg 1024w, https:\/\/www.jurajski-fotoklub.pl\/wp-content\/uploads\/2018\/10\/5b.jpg 1600w\" sizes=\"auto, (max-width: 200px) 100vw, 200px\" \/><\/a>\n\t\t\t<\/dt><\/dl><dl class='gallery-item'>\n\t\t\t<dt class='gallery-icon portrait'>\n\t\t\t\t<a href='https:\/\/www.jurajski-fotoklub.pl\/index.php\/tradycjonalizm-i-eksperyment-plener\/olympus-digital-camera-28\/'><img loading=\"lazy\" decoding=\"async\" width=\"200\" height=\"150\" src=\"https:\/\/www.jurajski-fotoklub.pl\/wp-content\/uploads\/2018\/10\/6b-200x150.jpg\" class=\"attachment-thumbnail size-thumbnail\" alt=\"\" \/><\/a>\n\t\t\t<\/dt><\/dl><br style=\"clear: both\" \/><dl class='gallery-item'>\n\t\t\t<dt class='gallery-icon portrait'>\n\t\t\t\t<a href='https:\/\/www.jurajski-fotoklub.pl\/index.php\/tradycjonalizm-i-eksperyment-plener\/olympus-digital-camera-29\/'><img loading=\"lazy\" decoding=\"async\" width=\"200\" height=\"150\" src=\"https:\/\/www.jurajski-fotoklub.pl\/wp-content\/uploads\/2018\/10\/7b-200x150.jpg\" class=\"attachment-thumbnail size-thumbnail\" alt=\"\" \/><\/a>\n\t\t\t<\/dt><\/dl><dl class='gallery-item'>\n\t\t\t<dt class='gallery-icon portrait'>\n\t\t\t\t<a href='https:\/\/www.jurajski-fotoklub.pl\/index.php\/tradycjonalizm-i-eksperyment-plener\/olympus-digital-camera-30\/'><img loading=\"lazy\" decoding=\"async\" width=\"200\" height=\"150\" src=\"https:\/\/www.jurajski-fotoklub.pl\/wp-content\/uploads\/2018\/10\/8b-200x150.jpg\" class=\"attachment-thumbnail size-thumbnail\" alt=\"\" \/><\/a>\n\t\t\t<\/dt><\/dl><dl class='gallery-item'>\n\t\t\t<dt class='gallery-icon landscape'>\n\t\t\t\t<a href='https:\/\/www.jurajski-fotoklub.pl\/index.php\/tradycjonalizm-i-eksperyment-plener\/olympus-digital-camera-31\/'><img loading=\"lazy\" decoding=\"async\" width=\"200\" height=\"150\" src=\"https:\/\/www.jurajski-fotoklub.pl\/wp-content\/uploads\/2018\/10\/9b-200x150.jpg\" class=\"attachment-thumbnail size-thumbnail\" alt=\"\" srcset=\"https:\/\/www.jurajski-fotoklub.pl\/wp-content\/uploads\/2018\/10\/9b-200x150.jpg 200w, https:\/\/www.jurajski-fotoklub.pl\/wp-content\/uploads\/2018\/10\/9b-300x225.jpg 300w, https:\/\/www.jurajski-fotoklub.pl\/wp-content\/uploads\/2018\/10\/9b-768x576.jpg 768w, https:\/\/www.jurajski-fotoklub.pl\/wp-content\/uploads\/2018\/10\/9b-1024x768.jpg 1024w, https:\/\/www.jurajski-fotoklub.pl\/wp-content\/uploads\/2018\/10\/9b.jpg 1600w\" sizes=\"auto, (max-width: 200px) 100vw, 200px\" \/><\/a>\n\t\t\t<\/dt><\/dl><br style=\"clear: both\" \/><dl class='gallery-item'>\n\t\t\t<dt class='gallery-icon landscape'>\n\t\t\t\t<a href='https:\/\/www.jurajski-fotoklub.pl\/index.php\/tradycjonalizm-i-eksperyment-plener\/olympus-digital-camera-32\/'><img loading=\"lazy\" decoding=\"async\" width=\"200\" height=\"150\" src=\"https:\/\/www.jurajski-fotoklub.pl\/wp-content\/uploads\/2018\/10\/10b-200x150.jpg\" class=\"attachment-thumbnail size-thumbnail\" alt=\"\" srcset=\"https:\/\/www.jurajski-fotoklub.pl\/wp-content\/uploads\/2018\/10\/10b-200x150.jpg 200w, https:\/\/www.jurajski-fotoklub.pl\/wp-content\/uploads\/2018\/10\/10b-300x225.jpg 300w, https:\/\/www.jurajski-fotoklub.pl\/wp-content\/uploads\/2018\/10\/10b-768x576.jpg 768w, https:\/\/www.jurajski-fotoklub.pl\/wp-content\/uploads\/2018\/10\/10b-1024x768.jpg 1024w, https:\/\/www.jurajski-fotoklub.pl\/wp-content\/uploads\/2018\/10\/10b.jpg 1600w\" sizes=\"auto, (max-width: 200px) 100vw, 200px\" \/><\/a>\n\t\t\t<\/dt><\/dl>\n\t\t\t<br style='clear: both' \/>\n\t\t<\/div>\n\n<p style=\"text-align:justify;\">Dalej jechali\u015bmy przez niewielkie miasteczka (Bukovice), by dotrze\u0107 wreszcie do Aderspach &#8211; przepi\u0119knego, unikalnego Skalnego Miasta, a w nim znale\u017a\u0107 formy skalne, zbudowane z piaskowca p\u0142ytowego, malowniczo i wspaniale wyrze\u017abionego przez Natur\u0119. Gdzie 100 metrowe skalne \u015bciany sprawiaj\u0105 wyj\u0105tkowo monumentalne wra\u017cenie.<\/p>\n\n\t\t<style type=\"text\/css\">\n\t\t\t#gallery-3 {\n\t\t\t\tmargin: auto;\n\t\t\t}\n\t\t\t#gallery-3 .gallery-item {\n\t\t\t\tfloat: left;\n\t\t\t\tmargin-top: 10px;\n\t\t\t\ttext-align: center;\n\t\t\t\twidth: 33%;\n\t\t\t}\n\t\t\t#gallery-3 img {\n\t\t\t\tborder: 2px solid #cfcfcf;\n\t\t\t}\n\t\t\t#gallery-3 .gallery-caption {\n\t\t\t\tmargin-left: 0;\n\t\t\t}\n\t\t\t\/* see gallery_shortcode() in wp-includes\/media.php *\/\n\t\t<\/style>\n\t\t<div id='gallery-3' class='gallery galleryid-3734 gallery-columns-3 gallery-size-thumbnail'><dl class='gallery-item'>\n\t\t\t<dt class='gallery-icon landscape'>\n\t\t\t\t<a href='https:\/\/www.jurajski-fotoklub.pl\/index.php\/tradycjonalizm-i-eksperyment-plener\/olympus-digital-camera-33\/'><img loading=\"lazy\" decoding=\"async\" width=\"200\" height=\"150\" src=\"https:\/\/www.jurajski-fotoklub.pl\/wp-content\/uploads\/2018\/10\/1c-200x150.jpg\" class=\"attachment-thumbnail size-thumbnail\" alt=\"\" srcset=\"https:\/\/www.jurajski-fotoklub.pl\/wp-content\/uploads\/2018\/10\/1c-200x150.jpg 200w, https:\/\/www.jurajski-fotoklub.pl\/wp-content\/uploads\/2018\/10\/1c-300x225.jpg 300w, https:\/\/www.jurajski-fotoklub.pl\/wp-content\/uploads\/2018\/10\/1c-768x576.jpg 768w, https:\/\/www.jurajski-fotoklub.pl\/wp-content\/uploads\/2018\/10\/1c-1024x768.jpg 1024w, https:\/\/www.jurajski-fotoklub.pl\/wp-content\/uploads\/2018\/10\/1c.jpg 1600w\" sizes=\"auto, (max-width: 200px) 100vw, 200px\" \/><\/a>\n\t\t\t<\/dt><\/dl><dl class='gallery-item'>\n\t\t\t<dt class='gallery-icon landscape'>\n\t\t\t\t<a href='https:\/\/www.jurajski-fotoklub.pl\/index.php\/tradycjonalizm-i-eksperyment-plener\/olympus-digital-camera-34\/'><img loading=\"lazy\" decoding=\"async\" width=\"200\" height=\"150\" src=\"https:\/\/www.jurajski-fotoklub.pl\/wp-content\/uploads\/2018\/10\/2c-200x150.jpg\" class=\"attachment-thumbnail size-thumbnail\" alt=\"\" srcset=\"https:\/\/www.jurajski-fotoklub.pl\/wp-content\/uploads\/2018\/10\/2c-200x150.jpg 200w, https:\/\/www.jurajski-fotoklub.pl\/wp-content\/uploads\/2018\/10\/2c-300x225.jpg 300w, https:\/\/www.jurajski-fotoklub.pl\/wp-content\/uploads\/2018\/10\/2c-768x576.jpg 768w, https:\/\/www.jurajski-fotoklub.pl\/wp-content\/uploads\/2018\/10\/2c-1024x768.jpg 1024w, https:\/\/www.jurajski-fotoklub.pl\/wp-content\/uploads\/2018\/10\/2c.jpg 1600w\" sizes=\"auto, (max-width: 200px) 100vw, 200px\" \/><\/a>\n\t\t\t<\/dt><\/dl><dl class='gallery-item'>\n\t\t\t<dt class='gallery-icon landscape'>\n\t\t\t\t<a href='https:\/\/www.jurajski-fotoklub.pl\/index.php\/tradycjonalizm-i-eksperyment-plener\/olympus-digital-camera-35\/'><img loading=\"lazy\" decoding=\"async\" width=\"200\" height=\"150\" src=\"https:\/\/www.jurajski-fotoklub.pl\/wp-content\/uploads\/2018\/10\/3c-200x150.jpg\" class=\"attachment-thumbnail size-thumbnail\" alt=\"\" srcset=\"https:\/\/www.jurajski-fotoklub.pl\/wp-content\/uploads\/2018\/10\/3c-200x150.jpg 200w, https:\/\/www.jurajski-fotoklub.pl\/wp-content\/uploads\/2018\/10\/3c-300x225.jpg 300w, https:\/\/www.jurajski-fotoklub.pl\/wp-content\/uploads\/2018\/10\/3c-768x576.jpg 768w, https:\/\/www.jurajski-fotoklub.pl\/wp-content\/uploads\/2018\/10\/3c-1024x768.jpg 1024w, https:\/\/www.jurajski-fotoklub.pl\/wp-content\/uploads\/2018\/10\/3c.jpg 1600w\" sizes=\"auto, (max-width: 200px) 100vw, 200px\" \/><\/a>\n\t\t\t<\/dt><\/dl><br style=\"clear: both\" \/><dl class='gallery-item'>\n\t\t\t<dt class='gallery-icon landscape'>\n\t\t\t\t<a href='https:\/\/www.jurajski-fotoklub.pl\/index.php\/tradycjonalizm-i-eksperyment-plener\/olympus-digital-camera-36\/'><img loading=\"lazy\" decoding=\"async\" width=\"200\" height=\"150\" src=\"https:\/\/www.jurajski-fotoklub.pl\/wp-content\/uploads\/2018\/10\/4c-200x150.jpg\" class=\"attachment-thumbnail size-thumbnail\" alt=\"\" srcset=\"https:\/\/www.jurajski-fotoklub.pl\/wp-content\/uploads\/2018\/10\/4c-200x150.jpg 200w, https:\/\/www.jurajski-fotoklub.pl\/wp-content\/uploads\/2018\/10\/4c-300x225.jpg 300w, https:\/\/www.jurajski-fotoklub.pl\/wp-content\/uploads\/2018\/10\/4c-768x576.jpg 768w, https:\/\/www.jurajski-fotoklub.pl\/wp-content\/uploads\/2018\/10\/4c-1024x768.jpg 1024w, https:\/\/www.jurajski-fotoklub.pl\/wp-content\/uploads\/2018\/10\/4c.jpg 1600w\" sizes=\"auto, (max-width: 200px) 100vw, 200px\" \/><\/a>\n\t\t\t<\/dt><\/dl><dl class='gallery-item'>\n\t\t\t<dt class='gallery-icon portrait'>\n\t\t\t\t<a href='https:\/\/www.jurajski-fotoklub.pl\/index.php\/tradycjonalizm-i-eksperyment-plener\/olympus-digital-camera-37\/'><img loading=\"lazy\" decoding=\"async\" width=\"200\" height=\"150\" src=\"https:\/\/www.jurajski-fotoklub.pl\/wp-content\/uploads\/2018\/10\/5c-200x150.jpg\" class=\"attachment-thumbnail size-thumbnail\" alt=\"\" \/><\/a>\n\t\t\t<\/dt><\/dl><dl class='gallery-item'>\n\t\t\t<dt class='gallery-icon portrait'>\n\t\t\t\t<a href='https:\/\/www.jurajski-fotoklub.pl\/index.php\/tradycjonalizm-i-eksperyment-plener\/olympus-digital-camera-38\/'><img loading=\"lazy\" decoding=\"async\" width=\"200\" height=\"150\" src=\"https:\/\/www.jurajski-fotoklub.pl\/wp-content\/uploads\/2018\/10\/6c-200x150.jpg\" class=\"attachment-thumbnail size-thumbnail\" alt=\"\" \/><\/a>\n\t\t\t<\/dt><\/dl><br style=\"clear: both\" \/><dl class='gallery-item'>\n\t\t\t<dt class='gallery-icon portrait'>\n\t\t\t\t<a href='https:\/\/www.jurajski-fotoklub.pl\/index.php\/tradycjonalizm-i-eksperyment-plener\/olympus-digital-camera-39\/'><img loading=\"lazy\" decoding=\"async\" width=\"200\" height=\"150\" src=\"https:\/\/www.jurajski-fotoklub.pl\/wp-content\/uploads\/2018\/10\/7c-200x150.jpg\" class=\"attachment-thumbnail size-thumbnail\" alt=\"\" \/><\/a>\n\t\t\t<\/dt><\/dl><dl class='gallery-item'>\n\t\t\t<dt class='gallery-icon landscape'>\n\t\t\t\t<a href='https:\/\/www.jurajski-fotoklub.pl\/index.php\/tradycjonalizm-i-eksperyment-plener\/olympus-digital-camera-40\/'><img loading=\"lazy\" decoding=\"async\" width=\"200\" height=\"150\" src=\"https:\/\/www.jurajski-fotoklub.pl\/wp-content\/uploads\/2018\/10\/8c-200x150.jpg\" class=\"attachment-thumbnail size-thumbnail\" alt=\"\" srcset=\"https:\/\/www.jurajski-fotoklub.pl\/wp-content\/uploads\/2018\/10\/8c-200x150.jpg 200w, https:\/\/www.jurajski-fotoklub.pl\/wp-content\/uploads\/2018\/10\/8c-300x225.jpg 300w, https:\/\/www.jurajski-fotoklub.pl\/wp-content\/uploads\/2018\/10\/8c-768x576.jpg 768w, https:\/\/www.jurajski-fotoklub.pl\/wp-content\/uploads\/2018\/10\/8c-1024x768.jpg 1024w, https:\/\/www.jurajski-fotoklub.pl\/wp-content\/uploads\/2018\/10\/8c.jpg 1600w\" sizes=\"auto, (max-width: 200px) 100vw, 200px\" \/><\/a>\n\t\t\t<\/dt><\/dl><dl class='gallery-item'>\n\t\t\t<dt class='gallery-icon landscape'>\n\t\t\t\t<a href='https:\/\/www.jurajski-fotoklub.pl\/index.php\/tradycjonalizm-i-eksperyment-plener\/olympus-digital-camera-41\/'><img loading=\"lazy\" decoding=\"async\" width=\"200\" height=\"150\" src=\"https:\/\/www.jurajski-fotoklub.pl\/wp-content\/uploads\/2018\/10\/9c-200x150.jpg\" class=\"attachment-thumbnail size-thumbnail\" alt=\"\" srcset=\"https:\/\/www.jurajski-fotoklub.pl\/wp-content\/uploads\/2018\/10\/9c-200x150.jpg 200w, https:\/\/www.jurajski-fotoklub.pl\/wp-content\/uploads\/2018\/10\/9c-300x225.jpg 300w, https:\/\/www.jurajski-fotoklub.pl\/wp-content\/uploads\/2018\/10\/9c-768x576.jpg 768w, https:\/\/www.jurajski-fotoklub.pl\/wp-content\/uploads\/2018\/10\/9c-1024x768.jpg 1024w, https:\/\/www.jurajski-fotoklub.pl\/wp-content\/uploads\/2018\/10\/9c.jpg 1600w\" sizes=\"auto, (max-width: 200px) 100vw, 200px\" \/><\/a>\n\t\t\t<\/dt><\/dl><br style=\"clear: both\" \/><dl class='gallery-item'>\n\t\t\t<dt class='gallery-icon landscape'>\n\t\t\t\t<a href='https:\/\/www.jurajski-fotoklub.pl\/index.php\/tradycjonalizm-i-eksperyment-plener\/olympus-digital-camera-42\/'><img loading=\"lazy\" decoding=\"async\" width=\"200\" height=\"150\" src=\"https:\/\/www.jurajski-fotoklub.pl\/wp-content\/uploads\/2018\/10\/10c-200x150.jpg\" class=\"attachment-thumbnail size-thumbnail\" alt=\"\" srcset=\"https:\/\/www.jurajski-fotoklub.pl\/wp-content\/uploads\/2018\/10\/10c-200x150.jpg 200w, https:\/\/www.jurajski-fotoklub.pl\/wp-content\/uploads\/2018\/10\/10c-300x225.jpg 300w, https:\/\/www.jurajski-fotoklub.pl\/wp-content\/uploads\/2018\/10\/10c-768x576.jpg 768w, https:\/\/www.jurajski-fotoklub.pl\/wp-content\/uploads\/2018\/10\/10c-1024x768.jpg 1024w, https:\/\/www.jurajski-fotoklub.pl\/wp-content\/uploads\/2018\/10\/10c.jpg 1600w\" sizes=\"auto, (max-width: 200px) 100vw, 200px\" \/><\/a>\n\t\t\t<\/dt><\/dl><dl class='gallery-item'>\n\t\t\t<dt class='gallery-icon portrait'>\n\t\t\t\t<a href='https:\/\/www.jurajski-fotoklub.pl\/index.php\/tradycjonalizm-i-eksperyment-plener\/olympus-digital-camera-43\/'><img loading=\"lazy\" decoding=\"async\" width=\"200\" height=\"150\" src=\"https:\/\/www.jurajski-fotoklub.pl\/wp-content\/uploads\/2018\/10\/11c-200x150.jpg\" class=\"attachment-thumbnail size-thumbnail\" alt=\"\" \/><\/a>\n\t\t\t<\/dt><\/dl><dl class='gallery-item'>\n\t\t\t<dt class='gallery-icon portrait'>\n\t\t\t\t<a href='https:\/\/www.jurajski-fotoklub.pl\/index.php\/tradycjonalizm-i-eksperyment-plener\/olympus-digital-camera-44\/'><img loading=\"lazy\" decoding=\"async\" width=\"200\" height=\"150\" src=\"https:\/\/www.jurajski-fotoklub.pl\/wp-content\/uploads\/2018\/10\/12c-200x150.jpg\" class=\"attachment-thumbnail size-thumbnail\" alt=\"\" \/><\/a>\n\t\t\t<\/dt><\/dl><br style=\"clear: both\" \/><dl class='gallery-item'>\n\t\t\t<dt class='gallery-icon portrait'>\n\t\t\t\t<a href='https:\/\/www.jurajski-fotoklub.pl\/index.php\/tradycjonalizm-i-eksperyment-plener\/olympus-digital-camera-45\/'><img loading=\"lazy\" decoding=\"async\" width=\"200\" height=\"150\" src=\"https:\/\/www.jurajski-fotoklub.pl\/wp-content\/uploads\/2018\/10\/13c-200x150.jpg\" class=\"attachment-thumbnail size-thumbnail\" alt=\"\" \/><\/a>\n\t\t\t<\/dt><\/dl><dl class='gallery-item'>\n\t\t\t<dt class='gallery-icon portrait'>\n\t\t\t\t<a href='https:\/\/www.jurajski-fotoklub.pl\/index.php\/tradycjonalizm-i-eksperyment-plener\/olympus-digital-camera-46\/'><img loading=\"lazy\" decoding=\"async\" width=\"200\" height=\"150\" src=\"https:\/\/www.jurajski-fotoklub.pl\/wp-content\/uploads\/2018\/10\/14c-200x150.jpg\" class=\"attachment-thumbnail size-thumbnail\" alt=\"\" \/><\/a>\n\t\t\t<\/dt><\/dl><dl class='gallery-item'>\n\t\t\t<dt class='gallery-icon portrait'>\n\t\t\t\t<a href='https:\/\/www.jurajski-fotoklub.pl\/index.php\/tradycjonalizm-i-eksperyment-plener\/olympus-digital-camera-47\/'><img loading=\"lazy\" decoding=\"async\" width=\"200\" height=\"150\" src=\"https:\/\/www.jurajski-fotoklub.pl\/wp-content\/uploads\/2018\/10\/15c-200x150.jpg\" class=\"attachment-thumbnail size-thumbnail\" alt=\"\" \/><\/a>\n\t\t\t<\/dt><\/dl><br style=\"clear: both\" \/><dl class='gallery-item'>\n\t\t\t<dt class='gallery-icon portrait'>\n\t\t\t\t<a href='https:\/\/www.jurajski-fotoklub.pl\/index.php\/tradycjonalizm-i-eksperyment-plener\/olympus-digital-camera-48\/'><img loading=\"lazy\" decoding=\"async\" width=\"200\" height=\"150\" src=\"https:\/\/www.jurajski-fotoklub.pl\/wp-content\/uploads\/2018\/10\/16c-200x150.jpg\" class=\"attachment-thumbnail size-thumbnail\" alt=\"\" \/><\/a>\n\t\t\t<\/dt><\/dl><dl class='gallery-item'>\n\t\t\t<dt class='gallery-icon portrait'>\n\t\t\t\t<a href='https:\/\/www.jurajski-fotoklub.pl\/index.php\/tradycjonalizm-i-eksperyment-plener\/olympus-digital-camera-49\/'><img loading=\"lazy\" decoding=\"async\" width=\"200\" height=\"150\" src=\"https:\/\/www.jurajski-fotoklub.pl\/wp-content\/uploads\/2018\/10\/17c-200x150.jpg\" class=\"attachment-thumbnail size-thumbnail\" alt=\"\" \/><\/a>\n\t\t\t<\/dt><\/dl><dl class='gallery-item'>\n\t\t\t<dt class='gallery-icon landscape'>\n\t\t\t\t<a href='https:\/\/www.jurajski-fotoklub.pl\/index.php\/tradycjonalizm-i-eksperyment-plener\/olympus-digital-camera-50\/'><img loading=\"lazy\" decoding=\"async\" width=\"200\" height=\"150\" src=\"https:\/\/www.jurajski-fotoklub.pl\/wp-content\/uploads\/2018\/10\/18c-200x150.jpg\" class=\"attachment-thumbnail size-thumbnail\" alt=\"\" srcset=\"https:\/\/www.jurajski-fotoklub.pl\/wp-content\/uploads\/2018\/10\/18c-200x150.jpg 200w, https:\/\/www.jurajski-fotoklub.pl\/wp-content\/uploads\/2018\/10\/18c-300x225.jpg 300w, https:\/\/www.jurajski-fotoklub.pl\/wp-content\/uploads\/2018\/10\/18c-768x576.jpg 768w, https:\/\/www.jurajski-fotoklub.pl\/wp-content\/uploads\/2018\/10\/18c-1024x768.jpg 1024w, https:\/\/www.jurajski-fotoklub.pl\/wp-content\/uploads\/2018\/10\/18c.jpg 1600w\" sizes=\"auto, (max-width: 200px) 100vw, 200px\" \/><\/a>\n\t\t\t<\/dt><\/dl><br style=\"clear: both\" \/><dl class='gallery-item'>\n\t\t\t<dt class='gallery-icon portrait'>\n\t\t\t\t<a href='https:\/\/www.jurajski-fotoklub.pl\/index.php\/tradycjonalizm-i-eksperyment-plener\/olympus-digital-camera-51\/'><img loading=\"lazy\" decoding=\"async\" width=\"200\" height=\"150\" src=\"https:\/\/www.jurajski-fotoklub.pl\/wp-content\/uploads\/2018\/10\/19c-200x150.jpg\" class=\"attachment-thumbnail size-thumbnail\" alt=\"\" \/><\/a>\n\t\t\t<\/dt><\/dl><dl class='gallery-item'>\n\t\t\t<dt class='gallery-icon portrait'>\n\t\t\t\t<a href='https:\/\/www.jurajski-fotoklub.pl\/index.php\/tradycjonalizm-i-eksperyment-plener\/olympus-digital-camera-52\/'><img loading=\"lazy\" decoding=\"async\" width=\"200\" height=\"150\" src=\"https:\/\/www.jurajski-fotoklub.pl\/wp-content\/uploads\/2018\/10\/20c-200x150.jpg\" class=\"attachment-thumbnail size-thumbnail\" alt=\"\" \/><\/a>\n\t\t\t<\/dt><\/dl><dl class='gallery-item'>\n\t\t\t<dt class='gallery-icon portrait'>\n\t\t\t\t<a href='https:\/\/www.jurajski-fotoklub.pl\/index.php\/tradycjonalizm-i-eksperyment-plener\/olympus-digital-camera-53\/'><img loading=\"lazy\" decoding=\"async\" width=\"200\" height=\"150\" src=\"https:\/\/www.jurajski-fotoklub.pl\/wp-content\/uploads\/2018\/10\/21c-200x150.jpg\" class=\"attachment-thumbnail size-thumbnail\" alt=\"\" \/><\/a>\n\t\t\t<\/dt><\/dl><br style=\"clear: both\" \/><dl class='gallery-item'>\n\t\t\t<dt class='gallery-icon landscape'>\n\t\t\t\t<a href='https:\/\/www.jurajski-fotoklub.pl\/index.php\/tradycjonalizm-i-eksperyment-plener\/olympus-digital-camera-54\/'><img loading=\"lazy\" decoding=\"async\" width=\"200\" height=\"150\" src=\"https:\/\/www.jurajski-fotoklub.pl\/wp-content\/uploads\/2018\/10\/22c-200x150.jpg\" class=\"attachment-thumbnail size-thumbnail\" alt=\"\" srcset=\"https:\/\/www.jurajski-fotoklub.pl\/wp-content\/uploads\/2018\/10\/22c-200x150.jpg 200w, https:\/\/www.jurajski-fotoklub.pl\/wp-content\/uploads\/2018\/10\/22c-300x225.jpg 300w, https:\/\/www.jurajski-fotoklub.pl\/wp-content\/uploads\/2018\/10\/22c-768x576.jpg 768w, https:\/\/www.jurajski-fotoklub.pl\/wp-content\/uploads\/2018\/10\/22c-1024x768.jpg 1024w, https:\/\/www.jurajski-fotoklub.pl\/wp-content\/uploads\/2018\/10\/22c.jpg 1600w\" sizes=\"auto, (max-width: 200px) 100vw, 200px\" \/><\/a>\n\t\t\t<\/dt><\/dl><dl class='gallery-item'>\n\t\t\t<dt class='gallery-icon portrait'>\n\t\t\t\t<a href='https:\/\/www.jurajski-fotoklub.pl\/index.php\/tradycjonalizm-i-eksperyment-plener\/olympus-digital-camera-55\/'><img loading=\"lazy\" decoding=\"async\" width=\"200\" height=\"150\" src=\"https:\/\/www.jurajski-fotoklub.pl\/wp-content\/uploads\/2018\/10\/23c-200x150.jpg\" class=\"attachment-thumbnail size-thumbnail\" alt=\"\" \/><\/a>\n\t\t\t<\/dt><\/dl><dl class='gallery-item'>\n\t\t\t<dt class='gallery-icon portrait'>\n\t\t\t\t<a href='https:\/\/www.jurajski-fotoklub.pl\/index.php\/tradycjonalizm-i-eksperyment-plener\/olympus-digital-camera-56\/'><img loading=\"lazy\" decoding=\"async\" width=\"200\" height=\"150\" src=\"https:\/\/www.jurajski-fotoklub.pl\/wp-content\/uploads\/2018\/10\/24c-200x150.jpg\" class=\"attachment-thumbnail size-thumbnail\" alt=\"\" \/><\/a>\n\t\t\t<\/dt><\/dl><br style=\"clear: both\" \/><dl class='gallery-item'>\n\t\t\t<dt class='gallery-icon portrait'>\n\t\t\t\t<a href='https:\/\/www.jurajski-fotoklub.pl\/index.php\/tradycjonalizm-i-eksperyment-plener\/olympus-digital-camera-57\/'><img loading=\"lazy\" decoding=\"async\" width=\"200\" height=\"150\" src=\"https:\/\/www.jurajski-fotoklub.pl\/wp-content\/uploads\/2018\/10\/25c-200x150.jpg\" class=\"attachment-thumbnail size-thumbnail\" alt=\"\" \/><\/a>\n\t\t\t<\/dt><\/dl><dl class='gallery-item'>\n\t\t\t<dt class='gallery-icon landscape'>\n\t\t\t\t<a href='https:\/\/www.jurajski-fotoklub.pl\/index.php\/tradycjonalizm-i-eksperyment-plener\/26c\/'><img loading=\"lazy\" decoding=\"async\" width=\"200\" height=\"150\" src=\"https:\/\/www.jurajski-fotoklub.pl\/wp-content\/uploads\/2018\/10\/26c-200x150.jpg\" class=\"attachment-thumbnail size-thumbnail\" alt=\"\" \/><\/a>\n\t\t\t<\/dt><\/dl>\n\t\t\t<br style='clear: both' \/>\n\t\t<\/div>\n\n<p style=\"text-align:justify;\">W drodze powrotnej zajrzeli\u015bmy do Soko\u0142owska, wsi po\u0142o\u017conej w powiecie wa\u0142brzyskim, zawdzi\u0119czaj\u0105cej sw\u0105 nazw\u0119 profesorowi Uniwersytetu Warszawskiego, Alfredowi Soko\u0142owskiemu, kt\u00f3ry przyczyni\u0142 si\u0119 do rozwoju uzdrowiska, prowadz\u0105c tu na prze\u0142omie XIX i XX w. badania nad klimatycznym leczeniem chor\u00f3b p\u0142ucnych. Obecnie budynek sanatorium jest remontowany.  W Soko\u0142owsku, w m\u0142odo\u015bci mieszka\u0142 re\u017cyser filmowy  Krzysztof Kie\u015blowski. Tu od 2011 roku odbywa si\u0119 cykliczny festiwal filmowy po\u015bwi\u0119cony tw\u00f3rczo\u015bci i osobie re\u017cysera.<\/p>\n\n\t\t<style type=\"text\/css\">\n\t\t\t#gallery-4 {\n\t\t\t\tmargin: auto;\n\t\t\t}\n\t\t\t#gallery-4 .gallery-item {\n\t\t\t\tfloat: left;\n\t\t\t\tmargin-top: 10px;\n\t\t\t\ttext-align: center;\n\t\t\t\twidth: 33%;\n\t\t\t}\n\t\t\t#gallery-4 img {\n\t\t\t\tborder: 2px solid #cfcfcf;\n\t\t\t}\n\t\t\t#gallery-4 .gallery-caption {\n\t\t\t\tmargin-left: 0;\n\t\t\t}\n\t\t\t\/* see gallery_shortcode() in wp-includes\/media.php *\/\n\t\t<\/style>\n\t\t<div id='gallery-4' class='gallery galleryid-3734 gallery-columns-3 gallery-size-thumbnail'><dl class='gallery-item'>\n\t\t\t<dt class='gallery-icon landscape'>\n\t\t\t\t<a href='https:\/\/www.jurajski-fotoklub.pl\/index.php\/tradycjonalizm-i-eksperyment-plener\/1d\/'><img loading=\"lazy\" decoding=\"async\" width=\"200\" height=\"150\" src=\"https:\/\/www.jurajski-fotoklub.pl\/wp-content\/uploads\/2018\/10\/1d-200x150.jpg\" class=\"attachment-thumbnail size-thumbnail\" alt=\"\" \/><\/a>\n\t\t\t<\/dt><\/dl><dl class='gallery-item'>\n\t\t\t<dt class='gallery-icon landscape'>\n\t\t\t\t<a href='https:\/\/www.jurajski-fotoklub.pl\/index.php\/tradycjonalizm-i-eksperyment-plener\/olympus-digital-camera-58\/'><img loading=\"lazy\" decoding=\"async\" width=\"200\" height=\"150\" src=\"https:\/\/www.jurajski-fotoklub.pl\/wp-content\/uploads\/2018\/10\/2d-200x150.jpg\" class=\"attachment-thumbnail size-thumbnail\" alt=\"\" srcset=\"https:\/\/www.jurajski-fotoklub.pl\/wp-content\/uploads\/2018\/10\/2d-200x150.jpg 200w, https:\/\/www.jurajski-fotoklub.pl\/wp-content\/uploads\/2018\/10\/2d-300x225.jpg 300w, https:\/\/www.jurajski-fotoklub.pl\/wp-content\/uploads\/2018\/10\/2d-768x576.jpg 768w, https:\/\/www.jurajski-fotoklub.pl\/wp-content\/uploads\/2018\/10\/2d-1024x768.jpg 1024w, https:\/\/www.jurajski-fotoklub.pl\/wp-content\/uploads\/2018\/10\/2d.jpg 1600w\" sizes=\"auto, (max-width: 200px) 100vw, 200px\" \/><\/a>\n\t\t\t<\/dt><\/dl><dl class='gallery-item'>\n\t\t\t<dt class='gallery-icon portrait'>\n\t\t\t\t<a href='https:\/\/www.jurajski-fotoklub.pl\/index.php\/tradycjonalizm-i-eksperyment-plener\/olympus-digital-camera-59\/'><img loading=\"lazy\" decoding=\"async\" width=\"200\" height=\"150\" src=\"https:\/\/www.jurajski-fotoklub.pl\/wp-content\/uploads\/2018\/10\/3d-200x150.jpg\" class=\"attachment-thumbnail size-thumbnail\" alt=\"\" \/><\/a>\n\t\t\t<\/dt><\/dl><br style=\"clear: both\" \/><dl class='gallery-item'>\n\t\t\t<dt class='gallery-icon landscape'>\n\t\t\t\t<a href='https:\/\/www.jurajski-fotoklub.pl\/index.php\/tradycjonalizm-i-eksperyment-plener\/olympus-digital-camera-60\/'><img loading=\"lazy\" decoding=\"async\" width=\"200\" height=\"150\" src=\"https:\/\/www.jurajski-fotoklub.pl\/wp-content\/uploads\/2018\/10\/4d-200x150.jpg\" class=\"attachment-thumbnail size-thumbnail\" alt=\"\" srcset=\"https:\/\/www.jurajski-fotoklub.pl\/wp-content\/uploads\/2018\/10\/4d-200x150.jpg 200w, https:\/\/www.jurajski-fotoklub.pl\/wp-content\/uploads\/2018\/10\/4d-300x225.jpg 300w, https:\/\/www.jurajski-fotoklub.pl\/wp-content\/uploads\/2018\/10\/4d-768x576.jpg 768w, https:\/\/www.jurajski-fotoklub.pl\/wp-content\/uploads\/2018\/10\/4d-1024x768.jpg 1024w, https:\/\/www.jurajski-fotoklub.pl\/wp-content\/uploads\/2018\/10\/4d.jpg 1600w\" sizes=\"auto, (max-width: 200px) 100vw, 200px\" \/><\/a>\n\t\t\t<\/dt><\/dl><dl class='gallery-item'>\n\t\t\t<dt class='gallery-icon landscape'>\n\t\t\t\t<a href='https:\/\/www.jurajski-fotoklub.pl\/index.php\/tradycjonalizm-i-eksperyment-plener\/olympus-digital-camera-61\/'><img loading=\"lazy\" decoding=\"async\" width=\"200\" height=\"150\" src=\"https:\/\/www.jurajski-fotoklub.pl\/wp-content\/uploads\/2018\/10\/5d-200x150.jpg\" class=\"attachment-thumbnail size-thumbnail\" alt=\"\" srcset=\"https:\/\/www.jurajski-fotoklub.pl\/wp-content\/uploads\/2018\/10\/5d-200x150.jpg 200w, https:\/\/www.jurajski-fotoklub.pl\/wp-content\/uploads\/2018\/10\/5d-300x225.jpg 300w, https:\/\/www.jurajski-fotoklub.pl\/wp-content\/uploads\/2018\/10\/5d-768x576.jpg 768w, https:\/\/www.jurajski-fotoklub.pl\/wp-content\/uploads\/2018\/10\/5d-1024x768.jpg 1024w, https:\/\/www.jurajski-fotoklub.pl\/wp-content\/uploads\/2018\/10\/5d.jpg 1600w\" sizes=\"auto, (max-width: 200px) 100vw, 200px\" \/><\/a>\n\t\t\t<\/dt><\/dl>\n\t\t\t<br style='clear: both' \/>\n\t\t<\/div>\n\n<p style=\"text-align:justify;\">Ostatnim etapem, niczym wisienk\u0105 na torcie, okaza\u0142 si\u0119 Zamek Ksi\u0105\u017c w Wa\u0142brzychu, kt\u00f3ry odwiedzili\u015bmy tu\u017c przed zapadni\u0119ciem zmroku. Tu w po\u0142o\u017conej w oficynie kawiarni zamkowej, zako\u0144czyli\u015bmy plener kaw\u0105 i szarlotk\u0105.<\/p>\n\n\t\t<style type=\"text\/css\">\n\t\t\t#gallery-5 {\n\t\t\t\tmargin: auto;\n\t\t\t}\n\t\t\t#gallery-5 .gallery-item {\n\t\t\t\tfloat: left;\n\t\t\t\tmargin-top: 10px;\n\t\t\t\ttext-align: center;\n\t\t\t\twidth: 33%;\n\t\t\t}\n\t\t\t#gallery-5 img {\n\t\t\t\tborder: 2px solid #cfcfcf;\n\t\t\t}\n\t\t\t#gallery-5 .gallery-caption {\n\t\t\t\tmargin-left: 0;\n\t\t\t}\n\t\t\t\/* see gallery_shortcode() in wp-includes\/media.php *\/\n\t\t<\/style>\n\t\t<div id='gallery-5' class='gallery galleryid-3734 gallery-columns-3 gallery-size-thumbnail'><dl class='gallery-item'>\n\t\t\t<dt class='gallery-icon portrait'>\n\t\t\t\t<a href='https:\/\/www.jurajski-fotoklub.pl\/index.php\/tradycjonalizm-i-eksperyment-plener\/olympus-digital-camera-62\/'><img loading=\"lazy\" decoding=\"async\" width=\"200\" height=\"150\" src=\"https:\/\/www.jurajski-fotoklub.pl\/wp-content\/uploads\/2018\/10\/1e-200x150.jpg\" class=\"attachment-thumbnail size-thumbnail\" alt=\"\" \/><\/a>\n\t\t\t<\/dt><\/dl><dl class='gallery-item'>\n\t\t\t<dt class='gallery-icon landscape'>\n\t\t\t\t<a href='https:\/\/www.jurajski-fotoklub.pl\/index.php\/tradycjonalizm-i-eksperyment-plener\/olympus-digital-camera-63\/'><img loading=\"lazy\" decoding=\"async\" width=\"200\" height=\"150\" src=\"https:\/\/www.jurajski-fotoklub.pl\/wp-content\/uploads\/2018\/10\/2e-200x150.jpg\" class=\"attachment-thumbnail size-thumbnail\" alt=\"\" srcset=\"https:\/\/www.jurajski-fotoklub.pl\/wp-content\/uploads\/2018\/10\/2e-200x150.jpg 200w, https:\/\/www.jurajski-fotoklub.pl\/wp-content\/uploads\/2018\/10\/2e-300x225.jpg 300w, https:\/\/www.jurajski-fotoklub.pl\/wp-content\/uploads\/2018\/10\/2e-768x576.jpg 768w, https:\/\/www.jurajski-fotoklub.pl\/wp-content\/uploads\/2018\/10\/2e-1024x769.jpg 1024w, https:\/\/www.jurajski-fotoklub.pl\/wp-content\/uploads\/2018\/10\/2e.jpg 1600w\" sizes=\"auto, (max-width: 200px) 100vw, 200px\" \/><\/a>\n\t\t\t<\/dt><\/dl><dl class='gallery-item'>\n\t\t\t<dt class='gallery-icon landscape'>\n\t\t\t\t<a href='https:\/\/www.jurajski-fotoklub.pl\/index.php\/tradycjonalizm-i-eksperyment-plener\/olympus-digital-camera-64\/'><img loading=\"lazy\" decoding=\"async\" width=\"200\" height=\"150\" src=\"https:\/\/www.jurajski-fotoklub.pl\/wp-content\/uploads\/2018\/10\/3e-200x150.jpg\" class=\"attachment-thumbnail size-thumbnail\" alt=\"\" srcset=\"https:\/\/www.jurajski-fotoklub.pl\/wp-content\/uploads\/2018\/10\/3e-200x150.jpg 200w, https:\/\/www.jurajski-fotoklub.pl\/wp-content\/uploads\/2018\/10\/3e-300x225.jpg 300w, https:\/\/www.jurajski-fotoklub.pl\/wp-content\/uploads\/2018\/10\/3e-768x576.jpg 768w, https:\/\/www.jurajski-fotoklub.pl\/wp-content\/uploads\/2018\/10\/3e-1024x769.jpg 1024w, https:\/\/www.jurajski-fotoklub.pl\/wp-content\/uploads\/2018\/10\/3e.jpg 1600w\" sizes=\"auto, (max-width: 200px) 100vw, 200px\" \/><\/a>\n\t\t\t<\/dt><\/dl><br style=\"clear: both\" \/><dl class='gallery-item'>\n\t\t\t<dt class='gallery-icon portrait'>\n\t\t\t\t<a href='https:\/\/www.jurajski-fotoklub.pl\/index.php\/tradycjonalizm-i-eksperyment-plener\/olympus-digital-camera-65\/'><img loading=\"lazy\" decoding=\"async\" width=\"200\" height=\"150\" src=\"https:\/\/www.jurajski-fotoklub.pl\/wp-content\/uploads\/2018\/10\/4e-200x150.jpg\" class=\"attachment-thumbnail size-thumbnail\" alt=\"\" \/><\/a>\n\t\t\t<\/dt><\/dl><dl class='gallery-item'>\n\t\t\t<dt class='gallery-icon landscape'>\n\t\t\t\t<a href='https:\/\/www.jurajski-fotoklub.pl\/index.php\/tradycjonalizm-i-eksperyment-plener\/olympus-digital-camera-66\/'><img loading=\"lazy\" decoding=\"async\" width=\"200\" height=\"150\" src=\"https:\/\/www.jurajski-fotoklub.pl\/wp-content\/uploads\/2018\/10\/5e-200x150.jpg\" class=\"attachment-thumbnail size-thumbnail\" alt=\"\" srcset=\"https:\/\/www.jurajski-fotoklub.pl\/wp-content\/uploads\/2018\/10\/5e-200x150.jpg 200w, https:\/\/www.jurajski-fotoklub.pl\/wp-content\/uploads\/2018\/10\/5e-300x225.jpg 300w, https:\/\/www.jurajski-fotoklub.pl\/wp-content\/uploads\/2018\/10\/5e-768x576.jpg 768w, https:\/\/www.jurajski-fotoklub.pl\/wp-content\/uploads\/2018\/10\/5e-1024x768.jpg 1024w, https:\/\/www.jurajski-fotoklub.pl\/wp-content\/uploads\/2018\/10\/5e.jpg 1600w\" sizes=\"auto, (max-width: 200px) 100vw, 200px\" \/><\/a>\n\t\t\t<\/dt><\/dl><dl class='gallery-item'>\n\t\t\t<dt class='gallery-icon portrait'>\n\t\t\t\t<a href='https:\/\/www.jurajski-fotoklub.pl\/index.php\/tradycjonalizm-i-eksperyment-plener\/olympus-digital-camera-67\/'><img loading=\"lazy\" decoding=\"async\" width=\"200\" height=\"150\" src=\"https:\/\/www.jurajski-fotoklub.pl\/wp-content\/uploads\/2018\/10\/6e-200x150.jpg\" class=\"attachment-thumbnail size-thumbnail\" alt=\"\" \/><\/a>\n\t\t\t<\/dt><\/dl><br style=\"clear: both\" \/><dl class='gallery-item'>\n\t\t\t<dt class='gallery-icon landscape'>\n\t\t\t\t<a href='https:\/\/www.jurajski-fotoklub.pl\/index.php\/tradycjonalizm-i-eksperyment-plener\/olympus-digital-camera-68\/'><img loading=\"lazy\" decoding=\"async\" width=\"200\" height=\"150\" src=\"https:\/\/www.jurajski-fotoklub.pl\/wp-content\/uploads\/2018\/10\/7e-200x150.jpg\" class=\"attachment-thumbnail size-thumbnail\" alt=\"\" srcset=\"https:\/\/www.jurajski-fotoklub.pl\/wp-content\/uploads\/2018\/10\/7e-200x150.jpg 200w, https:\/\/www.jurajski-fotoklub.pl\/wp-content\/uploads\/2018\/10\/7e-300x225.jpg 300w, https:\/\/www.jurajski-fotoklub.pl\/wp-content\/uploads\/2018\/10\/7e-768x577.jpg 768w, https:\/\/www.jurajski-fotoklub.pl\/wp-content\/uploads\/2018\/10\/7e-1024x769.jpg 1024w, https:\/\/www.jurajski-fotoklub.pl\/wp-content\/uploads\/2018\/10\/7e.jpg 1600w\" sizes=\"auto, (max-width: 200px) 100vw, 200px\" \/><\/a>\n\t\t\t<\/dt><\/dl><dl class='gallery-item'>\n\t\t\t<dt class='gallery-icon landscape'>\n\t\t\t\t<a href='https:\/\/www.jurajski-fotoklub.pl\/index.php\/tradycjonalizm-i-eksperyment-plener\/olympus-digital-camera-69\/'><img loading=\"lazy\" decoding=\"async\" width=\"200\" height=\"150\" src=\"https:\/\/www.jurajski-fotoklub.pl\/wp-content\/uploads\/2018\/10\/8e-200x150.jpg\" class=\"attachment-thumbnail size-thumbnail\" alt=\"\" srcset=\"https:\/\/www.jurajski-fotoklub.pl\/wp-content\/uploads\/2018\/10\/8e-200x150.jpg 200w, https:\/\/www.jurajski-fotoklub.pl\/wp-content\/uploads\/2018\/10\/8e-300x225.jpg 300w, https:\/\/www.jurajski-fotoklub.pl\/wp-content\/uploads\/2018\/10\/8e-768x576.jpg 768w, https:\/\/www.jurajski-fotoklub.pl\/wp-content\/uploads\/2018\/10\/8e-1024x768.jpg 1024w, https:\/\/www.jurajski-fotoklub.pl\/wp-content\/uploads\/2018\/10\/8e.jpg 1600w\" sizes=\"auto, (max-width: 200px) 100vw, 200px\" \/><\/a>\n\t\t\t<\/dt><\/dl>\n\t\t\t<br style='clear: both' \/>\n\t\t<\/div>\n\n","protected":false},"excerpt":{"rendered":"<p>W ramach programu \u201eTradycjonalizm i eksperyment\u201d, w dniach 26 i 27 pa\u017adziernika, o\u015bmioosobowa grupa cz\u0142onk\u00f3w naszego Klubu wzi\u0119\u0142a udzia\u0142 w plenerze fotograficznym, kt\u00f3rego g\u0142\u00f3wnym celem by\u0142o odwiedzenie miejsc lokalizacji bardziej ciekawych grup skalnych, odmiennych ni\u017c wapienne ska\u0142ki Jury Krakowsko-Cz\u0119stochowskiej &#8211; rezerwaty: B\u0142\u0119dne Ska\u0142y niedaleko Kudowy oraz Miasto Skalne w Aderspach w Czechach. Mglista i deszczowa [&hellip;]<\/p>\n","protected":false},"author":13,"featured_media":0,"comment_status":"open","ping_status":"open","sticky":false,"template":"","format":"standard","meta":{"footnotes":""},"categories":[31],"tags":[],"class_list":["post-3734","post","type-post","status-publish","format-standard","hentry","category-plener-3"],"_links":{"self":[{"href":"https:\/\/www.jurajski-fotoklub.pl\/index.php\/wp-json\/wp\/v2\/posts\/3734","targetHints":{"allow":["GET"]}}],"collection":[{"href":"https:\/\/www.jurajski-fotoklub.pl\/index.php\/wp-json\/wp\/v2\/posts"}],"about":[{"href":"https:\/\/www.jurajski-fotoklub.pl\/index.php\/wp-json\/wp\/v2\/types\/post"}],"author":[{"embeddable":true,"href":"https:\/\/www.jurajski-fotoklub.pl\/index.php\/wp-json\/wp\/v2\/users\/13"}],"replies":[{"embeddable":true,"href":"https:\/\/www.jurajski-fotoklub.pl\/index.php\/wp-json\/wp\/v2\/comments?post=3734"}],"version-history":[{"count":5,"href":"https:\/\/www.jurajski-fotoklub.pl\/index.php\/wp-json\/wp\/v2\/posts\/3734\/revisions"}],"predecessor-version":[{"id":3796,"href":"https:\/\/www.jurajski-fotoklub.pl\/index.php\/wp-json\/wp\/v2\/posts\/3734\/revisions\/3796"}],"wp:attachment":[{"href":"https:\/\/www.jurajski-fotoklub.pl\/index.php\/wp-json\/wp\/v2\/media?parent=3734"}],"wp:term":[{"taxonomy":"category","embeddable":true,"href":"https:\/\/www.jurajski-fotoklub.pl\/index.php\/wp-json\/wp\/v2\/categories?post=3734"},{"taxonomy":"post_tag","embeddable":true,"href":"https:\/\/www.jurajski-fotoklub.pl\/index.php\/wp-json\/wp\/v2\/tags?post=3734"}],"curies":[{"name":"wp","href":"https:\/\/api.w.org\/{rel}","templated":true}]}}