{"id":375,"date":"2013-02-06T15:23:03","date_gmt":"2013-02-06T15:23:03","guid":{"rendered":"http:\/\/www.jurajski-fotoklub.pl\/?p=375"},"modified":"2013-03-06T06:20:46","modified_gmt":"2013-03-06T06:20:46","slug":"oficjalny-komunikat-zarzadu-oddzialu-jurajskiego-fotoklubu-rp","status":"publish","type":"post","link":"https:\/\/www.jurajski-fotoklub.pl\/index.php\/oficjalny-komunikat-zarzadu-oddzialu-jurajskiego-fotoklubu-rp\/","title":{"rendered":"<center>Oficjalny komunikat zarz\u0105du Jurajskiego Fotoklubu RP<\/center>"},"content":{"rendered":"<table border=\"0\">\n<tbody>\n<tr>\n<td>\n<div style=\"text-align: center;\"><span style=\"font-family: Arial; font-size: small;\">Jubileuszowa wystawa cz\u0142onk\u00f3w\u00a0Jurajskiego Fotoklubu RP\u00a0 odb\u0119dzie si\u0119 w dniach 14.06. -28.06.2013r. w Galerii ARTFOTO Regionalnego O\u015brodka Kultury<\/span><\/div>\n<div style=\"text-align: center;\"><span style=\"font-family: Arial; font-size: small;\">w Cz\u0119stochowie, ul. Ogi\u0144skiego 13a.<\/span><\/div>\n<div style=\"text-align: center;\">\u00a0<\/div>\n<div style=\"text-align: center;\"><span style=\"font-family: Arial; font-size: small;\">Wernisa\u017c : 14.06.2013 godz. 18.00.<\/span><\/div>\n<div style=\"text-align: center;\">\u00a0<\/div>\n<div style=\"text-align: center;\"><span style=\"font-family: Arial; font-size: small;\">Prosz\u0119 o przygotowanie zdj\u0119\u0107 do ekspozycji.<\/span><\/div>\n<div style=\"text-align: center;\">\u00a0<\/div>\n<div style=\"text-align: center;\">Wszelkie zapytania w tym temacie :<\/div>\n<div style=\"text-align: center;\">S\u0142awomir Jod\u0142owski &#8211; Prezes Oddzia\u0142u Jurajskiego Fotoklubu RP,<\/div>\n<div style=\"text-align: center;\">tel. kom. 604350931,<\/div>\n<div style=\"text-align: center;\">e-mail : <span style=\"color: #c0c0c0;\"><a href=\"mailto:jodlowski@rok.czestochowa.pl\"><span style=\"color: #c0c0c0;\">jodlowski@rok.czestochowa.pl<\/span><\/a><\/span><\/div>\n<\/td>\n<\/tr>\n<tr>\n<td style=\"text-align: center;\">\n<div><span style=\"font-family: Arial; font-size: small;\">Uprzejmie prosz\u0119 wszystkich cz\u0142onk\u00f3w\u00a0Jurajskiego Fotoklubu RP o przes\u0142anie swoich aktualnych danych kontaktowych\u00a0celem u\u0142atwienia komunikacji mi\u0119dzy Zarz\u0105dem, a cz\u0142onkami oraz celem sporz\u0105dzenia aktualnej listy cz\u0142onk\u00f3w do zamieszczenia na naszej oficjalnej stronie.<\/span><\/div>\n<div>\u00a0<\/div>\n<div>Wszelkie zapytania w tym temacie :<\/div>\n<div>S\u0142awomir Jod\u0142owski &#8211; Prezes Jurajskiego Fotoklubu RP,<\/div>\n<div>tel. kom. 604350931,<\/div>\n<div>e-mail : <span style=\"color: #c0c0c0;\"><a href=\"mailto:jodlowski@rok.czestochowa.pl\"><span style=\"color: #c0c0c0;\">jodlowski@rok.czestochowa.pl<\/span><\/a><\/span><\/div>\n<\/td>\n<\/tr>\n<\/tbody>\n<\/table>\n","protected":false},"excerpt":{"rendered":"<p>Jubileuszowa wystawa cz\u0142onk\u00f3w\u00a0Jurajskiego Fotoklubu RP\u00a0 odb\u0119dzie si\u0119 w dniach 14.06. -28.06.2013r. w Galerii ARTFOTO Regionalnego O\u015brodka Kultury w Cz\u0119stochowie, ul. Ogi\u0144skiego 13a. \u00a0 Wernisa\u017c : 14.06.2013 godz. 18.00. \u00a0 Prosz\u0119 o przygotowanie zdj\u0119\u0107 do ekspozycji. \u00a0 Wszelkie zapytania w tym temacie : S\u0142awomir Jod\u0142owski &#8211; Prezes Oddzia\u0142u Jurajskiego Fotoklubu RP, tel. kom. 604350931, e-mail : [&hellip;]<\/p>\n","protected":false},"author":1,"featured_media":0,"comment_status":"closed","ping_status":"open","sticky":false,"template":"","format":"standard","meta":{"footnotes":""},"categories":[1],"tags":[],"class_list":["post-375","post","type-post","status-publish","format-standard","hentry","category-uncategorized"],"_links":{"self":[{"href":"https:\/\/www.jurajski-fotoklub.pl\/index.php\/wp-json\/wp\/v2\/posts\/375","targetHints":{"allow":["GET"]}}],"collection":[{"href":"https:\/\/www.jurajski-fotoklub.pl\/index.php\/wp-json\/wp\/v2\/posts"}],"about":[{"href":"https:\/\/www.jurajski-fotoklub.pl\/index.php\/wp-json\/wp\/v2\/types\/post"}],"author":[{"embeddable":true,"href":"https:\/\/www.jurajski-fotoklub.pl\/index.php\/wp-json\/wp\/v2\/users\/1"}],"replies":[{"embeddable":true,"href":"https:\/\/www.jurajski-fotoklub.pl\/index.php\/wp-json\/wp\/v2\/comments?post=375"}],"version-history":[{"count":9,"href":"https:\/\/www.jurajski-fotoklub.pl\/index.php\/wp-json\/wp\/v2\/posts\/375\/revisions"}],"predecessor-version":[{"id":649,"href":"https:\/\/www.jurajski-fotoklub.pl\/index.php\/wp-json\/wp\/v2\/posts\/375\/revisions\/649"}],"wp:attachment":[{"href":"https:\/\/www.jurajski-fotoklub.pl\/index.php\/wp-json\/wp\/v2\/media?parent=375"}],"wp:term":[{"taxonomy":"category","embeddable":true,"href":"https:\/\/www.jurajski-fotoklub.pl\/index.php\/wp-json\/wp\/v2\/categories?post=375"},{"taxonomy":"post_tag","embeddable":true,"href":"https:\/\/www.jurajski-fotoklub.pl\/index.php\/wp-json\/wp\/v2\/tags?post=375"}],"curies":[{"name":"wp","href":"https:\/\/api.w.org\/{rel}","templated":true}]}}