{"id":3876,"date":"2019-01-02T12:37:22","date_gmt":"2019-01-02T11:37:22","guid":{"rendered":"http:\/\/www.jurajski-fotoklub.pl\/?p=3876"},"modified":"2019-01-03T10:30:43","modified_gmt":"2019-01-03T09:30:43","slug":"nagroda-fotograf-roku-2018","status":"publish","type":"post","link":"https:\/\/www.jurajski-fotoklub.pl\/index.php\/nagroda-fotograf-roku-2018\/","title":{"rendered":"Nagroda &#8222;Fotograf Roku 2018&#8221;"},"content":{"rendered":"<p style=\"font-size:large;text-align:justify;\">Pierwsze w nowym roku zebranie cz\u0142onk\u00f3w Jurajskiego Fotoklubu Cz\u0119stochowa poprzedzi uroczysto\u015b\u0107 wr\u0119czenia nagrody \u201eFotograf Roku\u201d, kt\u00f3r\u0105 za rok 2018 otrzymuje Magdalena Kmiecik. Zapraszamy serdecznie: poniedzia\u0142ek 07.01.2019, godz. 19;00.<\/p>\n<p><img loading=\"lazy\" decoding=\"async\" src=\"https:\/\/www.jurajski-fotoklub.pl\/wp-content\/uploads\/2019\/01\/Mkola\u017c.jpg\" alt=\"\" width=\"960\" height=\"960\" class=\"alignnone size-full wp-image-3881\" srcset=\"https:\/\/www.jurajski-fotoklub.pl\/wp-content\/uploads\/2019\/01\/Mkola\u017c.jpg 960w, https:\/\/www.jurajski-fotoklub.pl\/wp-content\/uploads\/2019\/01\/Mkola\u017c-300x300.jpg 300w, https:\/\/www.jurajski-fotoklub.pl\/wp-content\/uploads\/2019\/01\/Mkola\u017c-768x768.jpg 768w\" sizes=\"auto, (max-width: 960px) 100vw, 960px\" \/><\/p>\n","protected":false},"excerpt":{"rendered":"<p>Pierwsze w nowym roku zebranie cz\u0142onk\u00f3w Jurajskiego Fotoklubu Cz\u0119stochowa poprzedzi uroczysto\u015b\u0107 wr\u0119czenia nagrody \u201eFotograf Roku\u201d, kt\u00f3r\u0105 za rok 2018 otrzymuje Magdalena Kmiecik. Zapraszamy serdecznie: poniedzia\u0142ek 07.01.2019, godz. 19;00.<\/p>\n","protected":false},"author":13,"featured_media":0,"comment_status":"open","ping_status":"open","sticky":false,"template":"","format":"standard","meta":{"footnotes":""},"categories":[25],"tags":[],"class_list":["post-3876","post","type-post","status-publish","format-standard","hentry","category-konkurs"],"_links":{"self":[{"href":"https:\/\/www.jurajski-fotoklub.pl\/index.php\/wp-json\/wp\/v2\/posts\/3876","targetHints":{"allow":["GET"]}}],"collection":[{"href":"https:\/\/www.jurajski-fotoklub.pl\/index.php\/wp-json\/wp\/v2\/posts"}],"about":[{"href":"https:\/\/www.jurajski-fotoklub.pl\/index.php\/wp-json\/wp\/v2\/types\/post"}],"author":[{"embeddable":true,"href":"https:\/\/www.jurajski-fotoklub.pl\/index.php\/wp-json\/wp\/v2\/users\/13"}],"replies":[{"embeddable":true,"href":"https:\/\/www.jurajski-fotoklub.pl\/index.php\/wp-json\/wp\/v2\/comments?post=3876"}],"version-history":[{"count":4,"href":"https:\/\/www.jurajski-fotoklub.pl\/index.php\/wp-json\/wp\/v2\/posts\/3876\/revisions"}],"predecessor-version":[{"id":3882,"href":"https:\/\/www.jurajski-fotoklub.pl\/index.php\/wp-json\/wp\/v2\/posts\/3876\/revisions\/3882"}],"wp:attachment":[{"href":"https:\/\/www.jurajski-fotoklub.pl\/index.php\/wp-json\/wp\/v2\/media?parent=3876"}],"wp:term":[{"taxonomy":"category","embeddable":true,"href":"https:\/\/www.jurajski-fotoklub.pl\/index.php\/wp-json\/wp\/v2\/categories?post=3876"},{"taxonomy":"post_tag","embeddable":true,"href":"https:\/\/www.jurajski-fotoklub.pl\/index.php\/wp-json\/wp\/v2\/tags?post=3876"}],"curies":[{"name":"wp","href":"https:\/\/api.w.org\/{rel}","templated":true}]}}