{"id":3884,"date":"2019-01-09T21:12:44","date_gmt":"2019-01-09T20:12:44","guid":{"rendered":"http:\/\/www.jurajski-fotoklub.pl\/?p=3884"},"modified":"2019-01-10T09:09:48","modified_gmt":"2019-01-10T08:09:48","slug":"konkurs-miesiaca-styczen-2019-w-jednym-kolorze","status":"publish","type":"post","link":"https:\/\/www.jurajski-fotoklub.pl\/index.php\/konkurs-miesiaca-styczen-2019-w-jednym-kolorze\/","title":{"rendered":"Konkurs miesi\u0105ca Stycze\u0144 2019 &#8222;W Jednym Kolorze&#8221;"},"content":{"rendered":"<h1>Konkurs miesi\u0105ca Stycze\u0144 2019 &#8211; &#8222;W Jednym Kolorze&#8221;<\/h1>\n<p class=\"western\"><span style=\"font-size: large;\">I miejsce zaj\u0119\u0142a: Joanna Sidorowicz, otrzymuj\u0105c za nagrodzone zdj\u0119cia 15 pkt.<\/span><\/p>\n<p class=\"western\"><span style=\"font-size: large;\">II miejsce zaj\u0119\u0142a: Ewa Powro\u017anik, otrzymuj\u0105c za nagrodzone zdj\u0119cie 14 pkt.<\/span><\/p>\n<p class=\"western\"><span style=\"font-size: large;\">III miejsce zaj\u0119li: Agnieszka Duma\u0144ska i Jaros\u0142aw Duma\u0144ski, otrzymuj\u0105c za nagrodzone zdj\u0119cie 7 pkt.<\/span><\/p>\n<p class=\"western\"><span style=\"font-size: large;\">IV miejsce zaj\u0119\u0142a: Nina Mazu\u015b, otrzymuj\u0105c za nagrodzone zdj\u0119cia 6 pkt.<\/span><\/p>\n<p class=\"western\"><span style=\"font-size: large;\">V miejsce zaj\u0119li: Kajetan Walachniewicz oraz Andrzej Szl\u0119zak, otrzymuj\u0105c za nagrodzone zdj\u0119cia 4 pkt.<\/span><\/p>\n<p>Premi\u0119 w wysoko\u015bci 5 pkt du\u017cych, za najwi\u0119ksz\u0105 ilo\u015b\u0107 punkt\u00f3w dla pojedynczego zdj\u0119cia, otrzymuje Ewa Powro\u017anik<\/p>\n<p><span style=\"text-decoration: underline;\">Punktacja do rankingu rocznego, zgodnie z tabel\u0105 w Regulaminie:<\/span><br \/>\n(w nawiasie ma\u0142e punkty &#8211; g\u0142osy za wszystkie zg\u0142oszone zdj\u0119cia)<\/p>\n<p>Ewa Powro\u017anik &#8211; 24+5=29 pkt (14p)<br \/>\nJoanna Sidorowicz &#8211; 27 pkt (15 p)<br \/>\nAgnieszka Duma\u0144ska &#8211; 21 pkt (7p)<br \/>\nJaros\u0142aw Duma\u0144ski &#8211; 21 pkt (7p)<br \/>\nNina Mazu\u015b &#8211; 18 pkt (6p)<br \/>\nAndrzej Szl\u0119zak &#8211; 15 pkt (4p)<br \/>\nKajetan Walachniewicz &#8211; 15 pkt (4p)<br \/>\nAgnieszka Kociara &#8211; 12 pkt (3p)<br \/>\nIrena Wilk &#8211; 9 pkt (2p)<br \/>\nKrzysztof \u015awitalski &#8211; 9 pkt (2p)<br \/>\nMagdalena Kmiecik &#8211; 6 pkt (1p)<br \/>\nAnna Kotarska &#8211; 6 pkt (1p)<br \/>\nDominik Wi\u015bniewski &#8211; 1 pkt (0p)<\/p>\n<style>.ra { text-align: right; }<br \/><\/style>\n<table style=\"margin: auto; width: 400px;\">\n<tbody>\n<tr>\n<td>1. Ewa Powro\u017anik<\/td>\n<td class=\"ra\">29 pkt<\/td>\n<td class=\"ra\">(14p)<\/td>\n<\/tr>\n<tr>\n<td>2. Joanna Sidorowicz<\/td>\n<td class=\"ra\">27 pkt<\/td>\n<td class=\"ra\">(15p)<\/td>\n<\/tr>\n<tr>\n<td>3. Agnieszka Duma\u0144ska<\/td>\n<td class=\"ra\">21 pkt<\/td>\n<td class=\"ra\">(7p)<\/td>\n<\/tr>\n<tr>\n<td>3. Jaros\u0142aw Duma\u0144ski<\/td>\n<td class=\"ra\">21 pkt<\/td>\n<td class=\"ra\">(7p)<\/td>\n<\/tr>\n<tr>\n<td>4. Nina Mazu\u015b<\/td>\n<td class=\"ra\">18 pkt<\/td>\n<td class=\"ra\">(6p)<\/td>\n<\/tr>\n<tr>\n<td>5. Andrzej Szl\u0119zak<\/td>\n<td class=\"ra\">15 pkt<\/td>\n<td class=\"ra\">(4p)<\/td>\n<\/tr>\n<tr>\n<td>5. Kajetan Walachniewicz<\/td>\n<td class=\"ra\">15 pkt<\/td>\n<td class=\"ra\">(4p)<\/td>\n<\/tr>\n<tr>\n<td>6. Agnieszka Kociara<\/td>\n<td class=\"ra\">12 pkt<\/td>\n<td class=\"ra\">(3p)<\/td>\n<\/tr>\n<tr>\n<td>7. Irena Wilk<\/td>\n<td class=\"ra\">9 pkt<\/td>\n<td class=\"ra\">(2p)<\/td>\n<\/tr>\n<tr>\n<td>7. Krzysztof \u015awitalski<\/td>\n<td class=\"ra\">9 pkt<\/td>\n<td class=\"ra\">(2p)<\/td>\n<\/tr>\n<tr>\n<td>8. Magdalena Kmiecik<\/td>\n<td class=\"ra\">6 pkt<\/td>\n<td class=\"ra\">(1p)<\/td>\n<\/tr>\n<tr>\n<td>8. Anna Kotarska<\/td>\n<td class=\"ra\">6 pkt<\/td>\n<td class=\"ra\">(1p)<\/td>\n<\/tr>\n<tr>\n<td>9. Dominik Wi\u015bniewski<\/td>\n<td class=\"ra\">1 pkt<\/td>\n<td class=\"ra\">(0p)<\/td>\n<\/tr>\n<\/tbody>\n<\/table>\n\n\t\t<style type=\"text\/css\">\n\t\t\t#gallery-1 {\n\t\t\t\tmargin: auto;\n\t\t\t}\n\t\t\t#gallery-1 .gallery-item {\n\t\t\t\tfloat: left;\n\t\t\t\tmargin-top: 10px;\n\t\t\t\ttext-align: center;\n\t\t\t\twidth: 33%;\n\t\t\t}\n\t\t\t#gallery-1 img {\n\t\t\t\tborder: 2px solid #cfcfcf;\n\t\t\t}\n\t\t\t#gallery-1 .gallery-caption {\n\t\t\t\tmargin-left: 0;\n\t\t\t}\n\t\t\t\/* see gallery_shortcode() in wp-includes\/media.php *\/\n\t\t<\/style>\n\t\t<div id='gallery-1' class='gallery galleryid-3884 gallery-columns-3 gallery-size-thumbnail'><dl class='gallery-item'>\n\t\t\t<dt class='gallery-icon portrait'>\n\t\t\t\t<a href='https:\/\/www.jurajski-fotoklub.pl\/index.php\/konkurs-miesiaca-styczen-2019-w-jednym-kolorze\/img_2686\/'><img loading=\"lazy\" decoding=\"async\" width=\"200\" height=\"150\" src=\"https:\/\/www.jurajski-fotoklub.pl\/wp-content\/uploads\/2019\/01\/IMG_2686-200x150.jpg\" class=\"attachment-thumbnail size-thumbnail\" alt=\"\" aria-describedby=\"gallery-1-3895\" \/><\/a>\n\t\t\t<\/dt>\n\t\t\t\t<dd class='wp-caption-text gallery-caption' id='gallery-1-3895'>\n\t\t\t\tEwa Powro\u017anik\n\t\t\t\t<\/dd><\/dl><dl class='gallery-item'>\n\t\t\t<dt class='gallery-icon portrait'>\n\t\t\t\t<a href='https:\/\/www.jurajski-fotoklub.pl\/index.php\/konkurs-miesiaca-styczen-2019-w-jednym-kolorze\/morawy-1\/'><img loading=\"lazy\" decoding=\"async\" width=\"200\" height=\"150\" src=\"https:\/\/www.jurajski-fotoklub.pl\/wp-content\/uploads\/2019\/01\/Morawy-1-200x150.jpg\" class=\"attachment-thumbnail size-thumbnail\" alt=\"\" aria-describedby=\"gallery-1-3900\" \/><\/a>\n\t\t\t<\/dt>\n\t\t\t\t<dd class='wp-caption-text gallery-caption' id='gallery-1-3900'>\n\t\t\t\tJoanna Sidorowicz\n\t\t\t\t<\/dd><\/dl><dl class='gallery-item'>\n\t\t\t<dt class='gallery-icon landscape'>\n\t\t\t\t<a href='https:\/\/www.jurajski-fotoklub.pl\/index.php\/konkurs-miesiaca-styczen-2019-w-jednym-kolorze\/morawy-2\/'><img loading=\"lazy\" decoding=\"async\" width=\"200\" height=\"150\" src=\"https:\/\/www.jurajski-fotoklub.pl\/wp-content\/uploads\/2019\/01\/Morawy-2-200x150.jpg\" class=\"attachment-thumbnail size-thumbnail\" alt=\"\" aria-describedby=\"gallery-1-3901\" \/><\/a>\n\t\t\t<\/dt>\n\t\t\t\t<dd class='wp-caption-text gallery-caption' id='gallery-1-3901'>\n\t\t\t\tJoanna Sidorowicz\n\t\t\t\t<\/dd><\/dl><br style=\"clear: both\" \/><dl class='gallery-item'>\n\t\t\t<dt class='gallery-icon portrait'>\n\t\t\t\t<a href='https:\/\/www.jurajski-fotoklub.pl\/index.php\/konkurs-miesiaca-styczen-2019-w-jednym-kolorze\/zielona-klatka-3\/'><img loading=\"lazy\" decoding=\"async\" width=\"200\" height=\"150\" src=\"https:\/\/www.jurajski-fotoklub.pl\/wp-content\/uploads\/2019\/01\/zielona-klatka-3-200x150.jpg\" class=\"attachment-thumbnail size-thumbnail\" alt=\"\" aria-describedby=\"gallery-1-3906\" \/><\/a>\n\t\t\t<\/dt>\n\t\t\t\t<dd class='wp-caption-text gallery-caption' id='gallery-1-3906'>\n\t\t\t\tJoanna Sidorowicz\n\t\t\t\t<\/dd><\/dl><dl class='gallery-item'>\n\t\t\t<dt class='gallery-icon landscape'>\n\t\t\t\t<a href='https:\/\/www.jurajski-fotoklub.pl\/index.php\/konkurs-miesiaca-styczen-2019-w-jednym-kolorze\/zielona-klatka-2\/'><img loading=\"lazy\" decoding=\"async\" width=\"200\" height=\"150\" src=\"https:\/\/www.jurajski-fotoklub.pl\/wp-content\/uploads\/2019\/01\/zielona-klatka-2-200x150.jpg\" class=\"attachment-thumbnail size-thumbnail\" alt=\"\" aria-describedby=\"gallery-1-3905\" \/><\/a>\n\t\t\t<\/dt>\n\t\t\t\t<dd class='wp-caption-text gallery-caption' id='gallery-1-3905'>\n\t\t\t\tJoanna Sidorowicz\n\t\t\t\t<\/dd><\/dl><dl class='gallery-item'>\n\t\t\t<dt class='gallery-icon portrait'>\n\t\t\t\t<a href='https:\/\/www.jurajski-fotoklub.pl\/index.php\/konkurs-miesiaca-styczen-2019-w-jednym-kolorze\/zielona-klatka-1\/'><img loading=\"lazy\" decoding=\"async\" width=\"200\" height=\"150\" src=\"https:\/\/www.jurajski-fotoklub.pl\/wp-content\/uploads\/2019\/01\/zielona-klatka-1-200x150.jpg\" class=\"attachment-thumbnail size-thumbnail\" alt=\"\" aria-describedby=\"gallery-1-3904\" \/><\/a>\n\t\t\t<\/dt>\n\t\t\t\t<dd class='wp-caption-text gallery-caption' id='gallery-1-3904'>\n\t\t\t\tJoanna Sidorowicz\n\t\t\t\t<\/dd><\/dl><br style=\"clear: both\" \/><dl class='gallery-item'>\n\t\t\t<dt class='gallery-icon landscape'>\n\t\t\t\t<a href='https:\/\/www.jurajski-fotoklub.pl\/index.php\/konkurs-miesiaca-styczen-2019-w-jednym-kolorze\/a_01\/'><img loading=\"lazy\" decoding=\"async\" width=\"200\" height=\"150\" src=\"https:\/\/www.jurajski-fotoklub.pl\/wp-content\/uploads\/2019\/01\/A_01-200x150.jpg\" class=\"attachment-thumbnail size-thumbnail\" alt=\"\" aria-describedby=\"gallery-1-3891\" \/><\/a>\n\t\t\t<\/dt>\n\t\t\t\t<dd class='wp-caption-text gallery-caption' id='gallery-1-3891'>\n\t\t\t\tAgnieszka Duma\u0144ska\n\t\t\t\t<\/dd><\/dl><dl class='gallery-item'>\n\t\t\t<dt class='gallery-icon portrait'>\n\t\t\t\t<a href='https:\/\/www.jurajski-fotoklub.pl\/index.php\/konkurs-miesiaca-styczen-2019-w-jednym-kolorze\/a_02\/'><img loading=\"lazy\" decoding=\"async\" width=\"200\" height=\"150\" src=\"https:\/\/www.jurajski-fotoklub.pl\/wp-content\/uploads\/2019\/01\/A_02-200x150.jpg\" class=\"attachment-thumbnail size-thumbnail\" alt=\"\" aria-describedby=\"gallery-1-3892\" \/><\/a>\n\t\t\t<\/dt>\n\t\t\t\t<dd class='wp-caption-text gallery-caption' id='gallery-1-3892'>\n\t\t\t\tAgnieszka Duma\u0144ska\n\t\t\t\t<\/dd><\/dl><dl class='gallery-item'>\n\t\t\t<dt class='gallery-icon landscape'>\n\t\t\t\t<a href='https:\/\/www.jurajski-fotoklub.pl\/index.php\/konkurs-miesiaca-styczen-2019-w-jednym-kolorze\/olympus-digital-camera-77\/'><img loading=\"lazy\" decoding=\"async\" width=\"200\" height=\"150\" src=\"https:\/\/www.jurajski-fotoklub.pl\/wp-content\/uploads\/2019\/01\/A_03-200x150.jpg\" class=\"attachment-thumbnail size-thumbnail\" alt=\"\" aria-describedby=\"gallery-1-3893\" \/><\/a>\n\t\t\t<\/dt>\n\t\t\t\t<dd class='wp-caption-text gallery-caption' id='gallery-1-3893'>\n\t\t\t\tAgnieszka Duma\u0144ska\n\t\t\t\t<\/dd><\/dl><br style=\"clear: both\" \/><dl class='gallery-item'>\n\t\t\t<dt class='gallery-icon landscape'>\n\t\t\t\t<a href='https:\/\/www.jurajski-fotoklub.pl\/index.php\/konkurs-miesiaca-styczen-2019-w-jednym-kolorze\/j_01\/'><img loading=\"lazy\" decoding=\"async\" width=\"200\" height=\"150\" src=\"https:\/\/www.jurajski-fotoklub.pl\/wp-content\/uploads\/2019\/01\/J_01-200x150.jpg\" class=\"attachment-thumbnail size-thumbnail\" alt=\"\" aria-describedby=\"gallery-1-3896\" \/><\/a>\n\t\t\t<\/dt>\n\t\t\t\t<dd class='wp-caption-text gallery-caption' id='gallery-1-3896'>\n\t\t\t\tJaros\u0142aw Duma\u0144ski\n\t\t\t\t<\/dd><\/dl><dl class='gallery-item'>\n\t\t\t<dt class='gallery-icon landscape'>\n\t\t\t\t<a href='https:\/\/www.jurajski-fotoklub.pl\/index.php\/konkurs-miesiaca-styczen-2019-w-jednym-kolorze\/j_02\/'><img loading=\"lazy\" decoding=\"async\" width=\"200\" height=\"150\" src=\"https:\/\/www.jurajski-fotoklub.pl\/wp-content\/uploads\/2019\/01\/J_02-200x150.jpg\" class=\"attachment-thumbnail size-thumbnail\" alt=\"\" aria-describedby=\"gallery-1-3897\" \/><\/a>\n\t\t\t<\/dt>\n\t\t\t\t<dd class='wp-caption-text gallery-caption' id='gallery-1-3897'>\n\t\t\t\tJaros\u0142aw Duma\u0144ski\n\t\t\t\t<\/dd><\/dl><dl class='gallery-item'>\n\t\t\t<dt class='gallery-icon landscape'>\n\t\t\t\t<a href='https:\/\/www.jurajski-fotoklub.pl\/index.php\/konkurs-miesiaca-styczen-2019-w-jednym-kolorze\/j_03\/'><img loading=\"lazy\" decoding=\"async\" width=\"200\" height=\"150\" src=\"https:\/\/www.jurajski-fotoklub.pl\/wp-content\/uploads\/2019\/01\/J_03-200x150.jpg\" class=\"attachment-thumbnail size-thumbnail\" alt=\"\" aria-describedby=\"gallery-1-3898\" \/><\/a>\n\t\t\t<\/dt>\n\t\t\t\t<dd class='wp-caption-text gallery-caption' id='gallery-1-3898'>\n\t\t\t\tJaros\u0142aw Duma\u0144ski\n\t\t\t\t<\/dd><\/dl><br style=\"clear: both\" \/><dl class='gallery-item'>\n\t\t\t<dt class='gallery-icon landscape'>\n\t\t\t\t<a href='https:\/\/www.jurajski-fotoklub.pl\/index.php\/konkurs-miesiaca-styczen-2019-w-jednym-kolorze\/olympus-digital-camera-78\/'><img loading=\"lazy\" decoding=\"async\" width=\"200\" height=\"150\" src=\"https:\/\/www.jurajski-fotoklub.pl\/wp-content\/uploads\/2019\/01\/J_04-200x150.jpg\" class=\"attachment-thumbnail size-thumbnail\" alt=\"\" aria-describedby=\"gallery-1-3899\" \/><\/a>\n\t\t\t<\/dt>\n\t\t\t\t<dd class='wp-caption-text gallery-caption' id='gallery-1-3899'>\n\t\t\t\tJaros\u0142aw Duma\u0144ski\n\t\t\t\t<\/dd><\/dl><dl class='gallery-item'>\n\t\t\t<dt class='gallery-icon landscape'>\n\t\t\t\t<a href='https:\/\/www.jurajski-fotoklub.pl\/index.php\/konkurs-miesiaca-styczen-2019-w-jednym-kolorze\/olympus-digital-camera-76\/'><img loading=\"lazy\" decoding=\"async\" width=\"200\" height=\"150\" src=\"https:\/\/www.jurajski-fotoklub.pl\/wp-content\/uploads\/2019\/01\/1-w-jednym-kolorze-red-200x150.jpg\" class=\"attachment-thumbnail size-thumbnail\" alt=\"\" aria-describedby=\"gallery-1-3890\" \/><\/a>\n\t\t\t<\/dt>\n\t\t\t\t<dd class='wp-caption-text gallery-caption' id='gallery-1-3890'>\n\t\t\t\tNina Mazu\u015b\n\t\t\t\t<\/dd><\/dl><dl class='gallery-item'>\n\t\t\t<dt class='gallery-icon landscape'>\n\t\t\t\t<a href='https:\/\/www.jurajski-fotoklub.pl\/index.php\/konkurs-miesiaca-styczen-2019-w-jednym-kolorze\/olympus-digital-camera-75\/'><img loading=\"lazy\" decoding=\"async\" width=\"200\" height=\"150\" src=\"https:\/\/www.jurajski-fotoklub.pl\/wp-content\/uploads\/2019\/01\/1-w-jednym-kolorze-green-200x150.jpg\" class=\"attachment-thumbnail size-thumbnail\" alt=\"\" aria-describedby=\"gallery-1-3889\" \/><\/a>\n\t\t\t<\/dt>\n\t\t\t\t<dd class='wp-caption-text gallery-caption' id='gallery-1-3889'>\n\t\t\t\tNina Mazu\u015b\n\t\t\t\t<\/dd><\/dl><br style=\"clear: both\" \/><dl class='gallery-item'>\n\t\t\t<dt class='gallery-icon landscape'>\n\t\t\t\t<a href='https:\/\/www.jurajski-fotoklub.pl\/index.php\/konkurs-miesiaca-styczen-2019-w-jednym-kolorze\/olympus-digital-camera-79\/'><img loading=\"lazy\" decoding=\"async\" width=\"200\" height=\"150\" src=\"https:\/\/www.jurajski-fotoklub.pl\/wp-content\/uploads\/2019\/01\/w-jednym-kolorze-blue-200x150.jpg\" class=\"attachment-thumbnail size-thumbnail\" alt=\"\" aria-describedby=\"gallery-1-3902\" \/><\/a>\n\t\t\t<\/dt>\n\t\t\t\t<dd class='wp-caption-text gallery-caption' id='gallery-1-3902'>\n\t\t\t\tNina Mazu\u015b\n\t\t\t\t<\/dd><\/dl><dl class='gallery-item'>\n\t\t\t<dt class='gallery-icon landscape'>\n\t\t\t\t<a href='https:\/\/www.jurajski-fotoklub.pl\/index.php\/konkurs-miesiaca-styczen-2019-w-jednym-kolorze\/w-jednym-kolorze-gold\/'><img loading=\"lazy\" decoding=\"async\" width=\"200\" height=\"150\" src=\"https:\/\/www.jurajski-fotoklub.pl\/wp-content\/uploads\/2019\/01\/w-jednym-kolorze-gold-200x150.jpg\" class=\"attachment-thumbnail size-thumbnail\" alt=\"\" aria-describedby=\"gallery-1-3903\" \/><\/a>\n\t\t\t<\/dt>\n\t\t\t\t<dd class='wp-caption-text gallery-caption' id='gallery-1-3903'>\n\t\t\t\tNina Mazu\u015b\n\t\t\t\t<\/dd><\/dl><dl class='gallery-item'>\n\t\t\t<dt class='gallery-icon landscape'>\n\t\t\t\t<a href='https:\/\/www.jurajski-fotoklub.pl\/index.php\/konkurs-miesiaca-styczen-2019-w-jednym-kolorze\/andrzej-2\/'><img loading=\"lazy\" decoding=\"async\" width=\"200\" height=\"150\" src=\"https:\/\/www.jurajski-fotoklub.pl\/wp-content\/uploads\/2019\/01\/Andrzej-200x150.jpeg\" class=\"attachment-thumbnail size-thumbnail\" alt=\"\" aria-describedby=\"gallery-1-3912\" \/><\/a>\n\t\t\t<\/dt>\n\t\t\t\t<dd class='wp-caption-text gallery-caption' id='gallery-1-3912'>\n\t\t\t\tAndrzej Szl\u0119zak\n\t\t\t\t<\/dd><\/dl><br style=\"clear: both\" \/><dl class='gallery-item'>\n\t\t\t<dt class='gallery-icon landscape'>\n\t\t\t\t<a href='https:\/\/www.jurajski-fotoklub.pl\/index.php\/konkurs-miesiaca-styczen-2019-w-jednym-kolorze\/andrzej\/'><img loading=\"lazy\" decoding=\"async\" width=\"200\" height=\"150\" src=\"https:\/\/www.jurajski-fotoklub.pl\/wp-content\/uploads\/2019\/01\/Andrzej-200x150.jpg\" class=\"attachment-thumbnail size-thumbnail\" alt=\"\" aria-describedby=\"gallery-1-3894\" srcset=\"https:\/\/www.jurajski-fotoklub.pl\/wp-content\/uploads\/2019\/01\/Andrzej-200x150.jpg 200w, https:\/\/www.jurajski-fotoklub.pl\/wp-content\/uploads\/2019\/01\/Andrzej-300x225.jpg 300w, https:\/\/www.jurajski-fotoklub.pl\/wp-content\/uploads\/2019\/01\/Andrzej.jpg 640w\" sizes=\"auto, (max-width: 200px) 100vw, 200px\" \/><\/a>\n\t\t\t<\/dt>\n\t\t\t\t<dd class='wp-caption-text gallery-caption' id='gallery-1-3894'>\n\t\t\t\tAndrzej Szl\u0119zak\n\t\t\t\t<\/dd><\/dl>\n\t\t\t<br style='clear: both' \/>\n\t\t<\/div>\n\n","protected":false},"excerpt":{"rendered":"<p>Konkurs miesi\u0105ca Stycze\u0144 2019 &#8211; &#8222;W Jednym Kolorze&#8221; I miejsce zaj\u0119\u0142a: Joanna Sidorowicz, otrzymuj\u0105c za nagrodzone zdj\u0119cia 15 pkt. II miejsce zaj\u0119\u0142a: Ewa Powro\u017anik, otrzymuj\u0105c za nagrodzone zdj\u0119cie 14 pkt. III miejsce zaj\u0119li: Agnieszka Duma\u0144ska i Jaros\u0142aw Duma\u0144ski, otrzymuj\u0105c za nagrodzone zdj\u0119cie 7 pkt. IV miejsce zaj\u0119\u0142a: Nina Mazu\u015b, otrzymuj\u0105c za nagrodzone zdj\u0119cia 6 pkt. [&hellip;]<\/p>\n","protected":false},"author":13,"featured_media":0,"comment_status":"open","ping_status":"open","sticky":false,"template":"","format":"standard","meta":{"footnotes":""},"categories":[25],"tags":[],"class_list":["post-3884","post","type-post","status-publish","format-standard","hentry","category-konkurs"],"_links":{"self":[{"href":"https:\/\/www.jurajski-fotoklub.pl\/index.php\/wp-json\/wp\/v2\/posts\/3884","targetHints":{"allow":["GET"]}}],"collection":[{"href":"https:\/\/www.jurajski-fotoklub.pl\/index.php\/wp-json\/wp\/v2\/posts"}],"about":[{"href":"https:\/\/www.jurajski-fotoklub.pl\/index.php\/wp-json\/wp\/v2\/types\/post"}],"author":[{"embeddable":true,"href":"https:\/\/www.jurajski-fotoklub.pl\/index.php\/wp-json\/wp\/v2\/users\/13"}],"replies":[{"embeddable":true,"href":"https:\/\/www.jurajski-fotoklub.pl\/index.php\/wp-json\/wp\/v2\/comments?post=3884"}],"version-history":[{"count":10,"href":"https:\/\/www.jurajski-fotoklub.pl\/index.php\/wp-json\/wp\/v2\/posts\/3884\/revisions"}],"predecessor-version":[{"id":3913,"href":"https:\/\/www.jurajski-fotoklub.pl\/index.php\/wp-json\/wp\/v2\/posts\/3884\/revisions\/3913"}],"wp:attachment":[{"href":"https:\/\/www.jurajski-fotoklub.pl\/index.php\/wp-json\/wp\/v2\/media?parent=3884"}],"wp:term":[{"taxonomy":"category","embeddable":true,"href":"https:\/\/www.jurajski-fotoklub.pl\/index.php\/wp-json\/wp\/v2\/categories?post=3884"},{"taxonomy":"post_tag","embeddable":true,"href":"https:\/\/www.jurajski-fotoklub.pl\/index.php\/wp-json\/wp\/v2\/tags?post=3884"}],"curies":[{"name":"wp","href":"https:\/\/api.w.org\/{rel}","templated":true}]}}