{"id":397,"date":"2013-02-12T08:33:48","date_gmt":"2013-02-12T08:33:48","guid":{"rendered":"http:\/\/www.jurajski-fotoklub.pl\/?p=397"},"modified":"2013-03-06T06:20:00","modified_gmt":"2013-03-06T06:20:00","slug":"397","status":"publish","type":"post","link":"https:\/\/www.jurajski-fotoklub.pl\/index.php\/397\/","title":{"rendered":"<center>Komunikat Zarz\u0105du<\/center>"},"content":{"rendered":"<p><span style=\"color: #c0c0c0;\">W dniu 11.02.2013r odby\u0142o si\u0119 pierwsze spotkanie nowo wybranego Zarz\u0105du Jurajskiego Fotoklubu Rzeczpospolitej Polskiej. Celem spotkania by\u0142 przede wszystkim podzia\u0142 odpowiedzialno\u015bci i ustalenie cel\u00f3w dzia\u0142ania. Zgodnym g\u0142osem okrzykni\u0119to, i\u017c:<\/span><\/p>\n<p><span style=\"color: #c0c0c0;\">\u00a0<\/span><\/p>\n<ol>\n<li><span style=\"color: #c0c0c0;\">S\u0142amowir Jod\u0142owski \u2013 zostaje Prezesem Zarz\u0105du,<\/span><\/li>\n<li><span style=\"color: #c0c0c0;\">Janusz St\u0119pie\u0144 \u2013 Jego Zast\u0119pc\u0105,<\/span><\/li>\n<li><span style=\"color: #c0c0c0;\">Anna Nazimek \u2013 Sekretarz,\u00a0 odpowiedzialny r\u00f3wnie\u017c za tre\u015bci zawarte na tej stronie internetowej,<\/span><\/li>\n<li><span style=\"color: #c0c0c0;\">Jaros\u0142aw Duma\u0144ski \u2013 Specjalista ds. szkole\u0144,<\/span><\/li>\n<li><span style=\"color: #c0c0c0;\">Andrzej Szl\u0119zak \u2013 finansista z krwi i ko\u015bci, czyli\u00a0 Skarbnik.<\/span><\/li>\n<\/ol>\n<p><span style=\"color: #c0c0c0;\">\u00a0<\/span><\/p>\n<p><span style=\"color: #c0c0c0;\">Szczeg\u00f3\u0142owy program dzia\u0142ania Fotoklubu zostanie ustalony w porozumieniu z cz\u0142onkami na najbli\u017cszym spotkaniu, czyli jak zwykle w pierwszy poniedzia\u0142ek miesi\u0105ca, tym razem marca \u2013 04.03.2013r.<\/span><\/p>\n<p><span style=\"color: #c0c0c0;\">Wszystkich cz\u0142onk\u00f3w serdecznie zapraszamy, jak r\u00f3wnie\u017c mi\u0142o\u015bnik\u00f3w fotografii, chc\u0105cych wst\u0105pi\u0107 w szeregi Fotoklubu.<\/span><\/p>\n<p><span style=\"color: #c0c0c0;\">\u00a0<\/span><\/p>\n","protected":false},"excerpt":{"rendered":"<p>W dniu 11.02.2013r odby\u0142o si\u0119 pierwsze spotkanie nowo wybranego Zarz\u0105du Jurajskiego Fotoklubu Rzeczpospolitej Polskiej. Celem spotkania by\u0142 przede wszystkim podzia\u0142 odpowiedzialno\u015bci i ustalenie cel\u00f3w dzia\u0142ania. Zgodnym g\u0142osem okrzykni\u0119to, i\u017c: \u00a0 S\u0142amowir Jod\u0142owski \u2013 zostaje Prezesem Zarz\u0105du, Janusz St\u0119pie\u0144 \u2013 Jego Zast\u0119pc\u0105, Anna Nazimek \u2013 Sekretarz,\u00a0 odpowiedzialny r\u00f3wnie\u017c za tre\u015bci zawarte na tej stronie internetowej, Jaros\u0142aw [&hellip;]<\/p>\n","protected":false},"author":1,"featured_media":0,"comment_status":"closed","ping_status":"open","sticky":false,"template":"","format":"standard","meta":{"footnotes":""},"categories":[1],"tags":[],"class_list":["post-397","post","type-post","status-publish","format-standard","hentry","category-uncategorized"],"_links":{"self":[{"href":"https:\/\/www.jurajski-fotoklub.pl\/index.php\/wp-json\/wp\/v2\/posts\/397","targetHints":{"allow":["GET"]}}],"collection":[{"href":"https:\/\/www.jurajski-fotoklub.pl\/index.php\/wp-json\/wp\/v2\/posts"}],"about":[{"href":"https:\/\/www.jurajski-fotoklub.pl\/index.php\/wp-json\/wp\/v2\/types\/post"}],"author":[{"embeddable":true,"href":"https:\/\/www.jurajski-fotoklub.pl\/index.php\/wp-json\/wp\/v2\/users\/1"}],"replies":[{"embeddable":true,"href":"https:\/\/www.jurajski-fotoklub.pl\/index.php\/wp-json\/wp\/v2\/comments?post=397"}],"version-history":[{"count":4,"href":"https:\/\/www.jurajski-fotoklub.pl\/index.php\/wp-json\/wp\/v2\/posts\/397\/revisions"}],"predecessor-version":[{"id":399,"href":"https:\/\/www.jurajski-fotoklub.pl\/index.php\/wp-json\/wp\/v2\/posts\/397\/revisions\/399"}],"wp:attachment":[{"href":"https:\/\/www.jurajski-fotoklub.pl\/index.php\/wp-json\/wp\/v2\/media?parent=397"}],"wp:term":[{"taxonomy":"category","embeddable":true,"href":"https:\/\/www.jurajski-fotoklub.pl\/index.php\/wp-json\/wp\/v2\/categories?post=397"},{"taxonomy":"post_tag","embeddable":true,"href":"https:\/\/www.jurajski-fotoklub.pl\/index.php\/wp-json\/wp\/v2\/tags?post=397"}],"curies":[{"name":"wp","href":"https:\/\/api.w.org\/{rel}","templated":true}]}}