{"id":4354,"date":"2020-03-03T20:51:19","date_gmt":"2020-03-03T19:51:19","guid":{"rendered":"http:\/\/www.jurajski-fotoklub.pl\/?p=4354"},"modified":"2025-01-10T18:32:43","modified_gmt":"2025-01-10T17:32:43","slug":"konkurs-miesiaca-marzec","status":"publish","type":"post","link":"https:\/\/www.jurajski-fotoklub.pl\/index.php\/konkurs-miesiaca-marzec\/","title":{"rendered":"Konkurs Miesi\u0105ca &#8211; Marzec 2020"},"content":{"rendered":"<h1>Konkurs miesi\u0105ca Marzec 2020 &#8211; &#8222;Czego nie wida\u0107 z daleka&#8221;&#8221;<\/h1>\n<p class=\"western\"><span style=\"font-size: large;\">I miejsce zaj\u0119li: Nina Mazu\u015b i Kajetan Walachniewicz, otrzymuj\u0105c za nagrodzone zdj\u0119cia 10 pkt.<\/span><\/p>\n<p class=\"western\"><span style=\"font-size: large;\">II miejsce zaj\u0119\u0142a: Olga Cegielska, otrzymuj\u0105c za nagrodzone zdj\u0119cia 9 pkt.<\/span><\/p>\n<p class=\"western\"><span style=\"font-size: large;\">III miejsce zaj\u0119\u0142a: Magdalena Kmiecik, otrzymuj\u0105c za nagrodzone zdj\u0119cia 8 pkt.<\/span><\/p>\n<p class=\"western\"><span style=\"font-size: large;\">IV miejsce zaj\u0105\u0142: Tomek Zaj\u0105c, otrzymuj\u0105c za nagrodzone zdj\u0119cia 7 pkt.<\/span><\/p>\n<p class=\"western\"><span style=\"font-size: large;\">V miejsce zaj\u0119\u0142a: Ewa Powro\u017anik, otrzymuj\u0105c za nagrodzone zdj\u0119cia 5 pkt.<\/span><\/p>\n<p>Premi\u0119 w wysoko\u015bci 5 pkt du\u017cych, za najwi\u0119ksz\u0105 ilo\u015b\u0107 punkt\u00f3w dla pojedynczego zdj\u0119cia, otrzymuje: Kajetan Walachniewicz<\/p>\n<p><span style=\"text-decoration: underline;\">Punktacja do rankingu rocznego, zgodnie z tabel\u0105 w Regulaminie:<\/span><br \/>\n(w nawiasie ma\u0142e punkty &#8211; g\u0142osy za wszystkie zg\u0142oszone zdj\u0119cia)<\/p>\n<p>Magdalena Kmiecik &#8211; 21 pkt (8 p)<br \/>\nEwa Powro\u017anik &#8211; 15 pkt (5 p)<br \/>\nPawe\u0142 Klekowski &#8211; 6 pkt (1 p)<br \/>\nOlga Cegielska &#8211; 24 pkt (9 p)<br \/>\nAndrzej Szl\u0119zak &#8211; 12 pkt (3 p)<br \/>\nStefan \u0141ukaszczykiewicz &#8211; 6 pkt (1 p)<br \/>\nNina Mazu\u015b &#8211; 27 pkt (10 p)<br \/>\nKajetan Walachniewicz &#8211; 32 pkt (10 p)<br \/>\nTomek Zaj\u0105c &#8211; 18 pkt (7 p)<br \/>\nDominik Wi\u015bniewski &#8211; 9 pkt (2 p)<br \/>\nPaulina Lasek &#8211; 9 pkt (2 p)<\/p>\n<style>.ra { text-align: right; }<br \/><\/style>\n<table border=\"0\" cellspacing=\"0\">\n<colgroup width=\"38\"><\/colgroup>\n<colgroup width=\"297\"><\/colgroup>\n<colgroup span=\"2\" width=\"107\"><\/colgroup>\n<tbody>\n<tr>\n<td align=\"left\" height=\"21\">1.<\/td>\n<td align=\"left\"><span style=\"font-family: Liberation Serif;\"> Olga Cegielska<\/span><\/td>\n<td align=\"left\"><span style=\"font-family: Liberation Serif;\">63 pkt<\/span><\/td>\n<td align=\"left\"><span style=\"font-family: Liberation Serif;\">(23p)<\/span><\/td>\n<\/tr>\n<tr>\n<td align=\"left\" height=\"21\">2.<\/td>\n<td align=\"left\"><span style=\"font-family: Liberation Serif;\"> Andrzej Szl\u0119zak<\/span><\/td>\n<td align=\"left\"><span style=\"font-family: Liberation Serif;\">59 pkt<\/span><\/td>\n<td align=\"left\"><span style=\"font-family: Liberation Serif;\">(28p)<\/span><\/td>\n<\/tr>\n<tr>\n<td align=\"left\" height=\"21\">3.<\/td>\n<td align=\"left\"><span style=\"font-family: Liberation Serif;\"> Ewa Powro\u017anik<\/span><\/td>\n<td align=\"left\"><span style=\"font-family: Liberation Serif;\">57 pkt<\/span><\/td>\n<td align=\"left\"><span style=\"font-family: Liberation Serif;\">(21p)<\/span><\/td>\n<\/tr>\n<tr>\n<td align=\"left\" height=\"21\">4.<\/td>\n<td align=\"left\"><span style=\"font-family: Liberation Serif;\"> Kajetan Walachniewicz<\/span><\/td>\n<td align=\"left\"><span style=\"font-family: Liberation Serif;\">53 pkt<\/span><\/td>\n<td align=\"left\"><span style=\"font-family: Liberation Serif;\">(15p)<\/span><\/td>\n<\/tr>\n<tr>\n<td align=\"left\" height=\"21\">5.<\/td>\n<td align=\"left\"><span style=\"font-family: Liberation Serif;\"> Tomek Zaj\u0105c<\/span><\/td>\n<td align=\"left\"><span style=\"font-family: Liberation Serif;\">51 pkt<\/span><\/td>\n<td align=\"left\"><span style=\"font-family: Liberation Serif;\">(17p)<\/span><\/td>\n<\/tr>\n<tr>\n<td align=\"left\" height=\"21\">6.<\/td>\n<td align=\"left\"><span style=\"font-family: Liberation Serif;\"> Nina Mazu\u015b<\/span><\/td>\n<td align=\"left\"><span style=\"font-family: Liberation Serif;\">49 pkt<\/span><\/td>\n<td align=\"left\"><span style=\"font-family: Liberation Serif;\">(20p)<\/span><\/td>\n<\/tr>\n<tr>\n<td align=\"left\" height=\"21\">7.<\/td>\n<td align=\"left\"><span style=\"font-family: Liberation Serif;\"> Magdalena Kmiecik<\/span><\/td>\n<td align=\"left\"><span style=\"font-family: Liberation Serif;\">45 pkt<\/span><\/td>\n<td align=\"left\"><span style=\"font-family: Liberation Serif;\">(14p)<\/span><\/td>\n<\/tr>\n<tr>\n<td align=\"left\" height=\"21\">8.<\/td>\n<td align=\"left\"><span style=\"font-family: Liberation Serif;\"> Dorota Pliszka<\/span><\/td>\n<td align=\"left\"><span style=\"font-family: Liberation Serif;\">39 pkt<\/span><\/td>\n<td align=\"left\"><span style=\"font-family: Liberation Serif;\">(14p)<\/span><\/td>\n<\/tr>\n<tr>\n<td align=\"left\" height=\"21\">8.<\/td>\n<td align=\"left\"><span style=\"font-family: Liberation Serif;\"> Pawe\u0142 Klekowski<\/span><\/td>\n<td align=\"left\"><span style=\"font-family: Liberation Serif;\">39 pkt<\/span><\/td>\n<td align=\"left\"><span style=\"font-family: Liberation Serif;\">(11p)<\/span><\/td>\n<\/tr>\n<td align=\"left\" height=\"21\">9.<\/td>\n<td align=\"left\"><span style=\"font-family: Liberation Serif;\"> Stefan \u0141ukaszczykiewicz<\/span><\/td>\n<td align=\"left\"><span style=\"font-family: Liberation Serif;\">38 pkt<\/span><\/td>\n<td align=\"left\"><span style=\"font-family: Liberation Serif;\">(12p)<\/span><\/td>\n<\/tr>\n<tr>\n<td align=\"left\" height=\"21\">10.<\/td>\n<td align=\"left\"><span style=\"font-family: Liberation Serif;\"> Dominik Wi\u015bniewski<\/span><\/td>\n<td align=\"left\"><span style=\"font-family: Liberation Serif;\">27 pkt<\/span><\/td>\n<td align=\"left\"><span style=\"font-family: Liberation Serif;\">(6p)<\/span><\/td>\n<\/tr>\n<tr>\n<td align=\"left\" height=\"21\">11.<\/td>\n<td align=\"left\"><span style=\"font-family: Liberation Serif;\"> Paulina Lasek<\/span><\/td>\n<td align=\"left\"><span style=\"font-family: Liberation Serif;\">21 pkt<\/span><\/td>\n<td align=\"left\"><span style=\"font-family: Liberation Serif;\">(4p)<\/span><\/td>\n<\/tr>\n<tr>\n<tr>\n<td align=\"left\" height=\"21\">12.<\/td>\n<td align=\"left\"><span style=\"font-family: Liberation Serif;\"> Agnieszka Duma\u0144ska<\/span><\/td>\n<td align=\"left\"><span style=\"font-family: Liberation Serif;\">12 pkt<\/span><\/td>\n<td align=\"left\"><span style=\"font-family: Liberation Serif;\">(3p)<\/span><\/td>\n<\/tr>\n<tr>\n<td align=\"left\" height=\"21\">12.<\/td>\n<td align=\"left\"><span style=\"font-family: Liberation Serif;\"> Krzysztof \u015awitalski<\/span><\/td>\n<td align=\"left\"><span style=\"font-family: Liberation Serif;\">12 pkt<\/span><\/td>\n<td align=\"left\"><span style=\"font-family: Liberation Serif;\">(2p)<\/span><\/td>\n<\/tr>\n<tr>\n<td align=\"left\" height=\"21\">13.<\/td>\n<td align=\"left\"><span style=\"font-family: Liberation Serif;\"> Marcin Bocian<\/span><\/td>\n<td align=\"left\"><span style=\"font-family: Liberation Serif;\">9 pkt<\/span><\/td>\n<td align=\"left\"><span style=\"font-family: Liberation Serif;\">(1p)<\/span><\/td>\n<\/tr>\n<\/tbody>\n<\/table>\n\n\t\t<style type=\"text\/css\">\n\t\t\t#gallery-1 {\n\t\t\t\tmargin: auto;\n\t\t\t}\n\t\t\t#gallery-1 .gallery-item {\n\t\t\t\tfloat: left;\n\t\t\t\tmargin-top: 10px;\n\t\t\t\ttext-align: center;\n\t\t\t\twidth: 33%;\n\t\t\t}\n\t\t\t#gallery-1 img {\n\t\t\t\tborder: 2px solid #cfcfcf;\n\t\t\t}\n\t\t\t#gallery-1 .gallery-caption {\n\t\t\t\tmargin-left: 0;\n\t\t\t}\n\t\t\t\/* see gallery_shortcode() in wp-includes\/media.php *\/\n\t\t<\/style>\n\t\t<div id='gallery-1' class='gallery galleryid-4354 gallery-columns-3 gallery-size-thumbnail'><dl class='gallery-item'>\n\t\t\t<dt class='gallery-icon landscape'>\n\t\t\t\t<a href='https:\/\/www.jurajski-fotoklub.pl\/index.php\/konkurs-miesiaca-marzec\/kw1\/'><img loading=\"lazy\" decoding=\"async\" width=\"200\" height=\"150\" src=\"https:\/\/www.jurajski-fotoklub.pl\/wp-content\/uploads\/2020\/03\/KW1-200x150.jpg\" class=\"attachment-thumbnail size-thumbnail\" alt=\"\" aria-describedby=\"gallery-1-4360\" \/><\/a>\n\t\t\t<\/dt>\n\t\t\t\t<dd class='wp-caption-text gallery-caption' id='gallery-1-4360'>\n\t\t\t\tKajetan Walachniewicz\n\t\t\t\t<\/dd><\/dl><dl class='gallery-item'>\n\t\t\t<dt class='gallery-icon landscape'>\n\t\t\t\t<a href='https:\/\/www.jurajski-fotoklub.pl\/index.php\/konkurs-miesiaca-marzec\/kw2\/'><img loading=\"lazy\" decoding=\"async\" width=\"200\" height=\"150\" src=\"https:\/\/www.jurajski-fotoklub.pl\/wp-content\/uploads\/2020\/03\/KW2-200x150.jpg\" class=\"attachment-thumbnail size-thumbnail\" alt=\"\" aria-describedby=\"gallery-1-4361\" \/><\/a>\n\t\t\t<\/dt>\n\t\t\t\t<dd class='wp-caption-text gallery-caption' id='gallery-1-4361'>\n\t\t\t\tKajetan Walachniewicz\n\t\t\t\t<\/dd><\/dl><dl class='gallery-item'>\n\t\t\t<dt class='gallery-icon landscape'>\n\t\t\t\t<a href='https:\/\/www.jurajski-fotoklub.pl\/index.php\/konkurs-miesiaca-marzec\/kw3\/'><img loading=\"lazy\" decoding=\"async\" width=\"200\" height=\"150\" src=\"https:\/\/www.jurajski-fotoklub.pl\/wp-content\/uploads\/2020\/03\/KW3-200x150.jpg\" class=\"attachment-thumbnail size-thumbnail\" alt=\"\" aria-describedby=\"gallery-1-4362\" \/><\/a>\n\t\t\t<\/dt>\n\t\t\t\t<dd class='wp-caption-text gallery-caption' id='gallery-1-4362'>\n\t\t\t\tKajetan Walachniewicz\n\t\t\t\t<\/dd><\/dl><br style=\"clear: both\" \/><dl class='gallery-item'>\n\t\t\t<dt class='gallery-icon landscape'>\n\t\t\t\t<a href='https:\/\/www.jurajski-fotoklub.pl\/index.php\/konkurs-miesiaca-marzec\/olympus-digital-camera-102\/'><img loading=\"lazy\" decoding=\"async\" width=\"200\" height=\"150\" src=\"https:\/\/www.jurajski-fotoklub.pl\/wp-content\/uploads\/2020\/03\/NM1-200x150.jpg\" class=\"attachment-thumbnail size-thumbnail\" alt=\"\" aria-describedby=\"gallery-1-4366\" \/><\/a>\n\t\t\t<\/dt>\n\t\t\t\t<dd class='wp-caption-text gallery-caption' id='gallery-1-4366'>\n\t\t\t\tNina Mazu\u015b\n\t\t\t\t<\/dd><\/dl><dl class='gallery-item'>\n\t\t\t<dt class='gallery-icon landscape'>\n\t\t\t\t<a href='https:\/\/www.jurajski-fotoklub.pl\/index.php\/konkurs-miesiaca-marzec\/olympus-digital-camera-103\/'><img loading=\"lazy\" decoding=\"async\" width=\"200\" height=\"150\" src=\"https:\/\/www.jurajski-fotoklub.pl\/wp-content\/uploads\/2020\/03\/NM2-200x150.jpg\" class=\"attachment-thumbnail size-thumbnail\" alt=\"\" aria-describedby=\"gallery-1-4367\" \/><\/a>\n\t\t\t<\/dt>\n\t\t\t\t<dd class='wp-caption-text gallery-caption' id='gallery-1-4367'>\n\t\t\t\tNina Mazu\u015b\n\t\t\t\t<\/dd><\/dl><dl class='gallery-item'>\n\t\t\t<dt class='gallery-icon landscape'>\n\t\t\t\t<a href='https:\/\/www.jurajski-fotoklub.pl\/index.php\/konkurs-miesiaca-marzec\/olympus-digital-camera-104\/'><img loading=\"lazy\" decoding=\"async\" width=\"200\" height=\"150\" src=\"https:\/\/www.jurajski-fotoklub.pl\/wp-content\/uploads\/2020\/03\/NM3-200x150.jpg\" class=\"attachment-thumbnail size-thumbnail\" alt=\"\" aria-describedby=\"gallery-1-4368\" \/><\/a>\n\t\t\t<\/dt>\n\t\t\t\t<dd class='wp-caption-text gallery-caption' id='gallery-1-4368'>\n\t\t\t\tNina Mazu\u015b\n\t\t\t\t<\/dd><\/dl><br style=\"clear: both\" \/><dl class='gallery-item'>\n\t\t\t<dt class='gallery-icon landscape'>\n\t\t\t\t<a href='https:\/\/www.jurajski-fotoklub.pl\/index.php\/konkurs-miesiaca-marzec\/nm4\/'><img loading=\"lazy\" decoding=\"async\" width=\"200\" height=\"150\" src=\"https:\/\/www.jurajski-fotoklub.pl\/wp-content\/uploads\/2020\/03\/NM4-200x150.jpg\" class=\"attachment-thumbnail size-thumbnail\" alt=\"\" aria-describedby=\"gallery-1-4369\" \/><\/a>\n\t\t\t<\/dt>\n\t\t\t\t<dd class='wp-caption-text gallery-caption' id='gallery-1-4369'>\n\t\t\t\tNina Mazu\u015b\n\t\t\t\t<\/dd><\/dl><dl class='gallery-item'>\n\t\t\t<dt class='gallery-icon landscape'>\n\t\t\t\t<a href='https:\/\/www.jurajski-fotoklub.pl\/index.php\/konkurs-miesiaca-marzec\/nm5\/'><img loading=\"lazy\" decoding=\"async\" width=\"200\" height=\"150\" src=\"https:\/\/www.jurajski-fotoklub.pl\/wp-content\/uploads\/2020\/03\/NM5-200x150.jpg\" class=\"attachment-thumbnail size-thumbnail\" alt=\"\" aria-describedby=\"gallery-1-4370\" \/><\/a>\n\t\t\t<\/dt>\n\t\t\t\t<dd class='wp-caption-text gallery-caption' id='gallery-1-4370'>\n\t\t\t\tNina Mazu\u015b\n\t\t\t\t<\/dd><\/dl><dl class='gallery-item'>\n\t\t\t<dt class='gallery-icon landscape'>\n\t\t\t\t<a href='https:\/\/www.jurajski-fotoklub.pl\/index.php\/konkurs-miesiaca-marzec\/oc2-1\/'><img loading=\"lazy\" decoding=\"async\" width=\"200\" height=\"150\" src=\"https:\/\/www.jurajski-fotoklub.pl\/wp-content\/uploads\/2020\/03\/OC2-1-200x150.jpg\" class=\"attachment-thumbnail size-thumbnail\" alt=\"\" aria-describedby=\"gallery-1-4377\" srcset=\"https:\/\/www.jurajski-fotoklub.pl\/wp-content\/uploads\/2020\/03\/OC2-1-200x150.jpg 200w, https:\/\/www.jurajski-fotoklub.pl\/wp-content\/uploads\/2020\/03\/OC2-1-300x225.jpg 300w, https:\/\/www.jurajski-fotoklub.pl\/wp-content\/uploads\/2020\/03\/OC2-1-768x576.jpg 768w, https:\/\/www.jurajski-fotoklub.pl\/wp-content\/uploads\/2020\/03\/OC2-1.jpg 1024w\" sizes=\"auto, (max-width: 200px) 100vw, 200px\" \/><\/a>\n\t\t\t<\/dt>\n\t\t\t\t<dd class='wp-caption-text gallery-caption' id='gallery-1-4377'>\n\t\t\t\tOlga Cegielska\n\t\t\t\t<\/dd><\/dl><br style=\"clear: both\" \/><dl class='gallery-item'>\n\t\t\t<dt class='gallery-icon landscape'>\n\t\t\t\t<a href='https:\/\/www.jurajski-fotoklub.pl\/index.php\/konkurs-miesiaca-marzec\/oc2-2\/'><img loading=\"lazy\" decoding=\"async\" width=\"200\" height=\"150\" src=\"https:\/\/www.jurajski-fotoklub.pl\/wp-content\/uploads\/2020\/03\/OC2-2-200x150.jpg\" class=\"attachment-thumbnail size-thumbnail\" alt=\"\" aria-describedby=\"gallery-1-4378\" srcset=\"https:\/\/www.jurajski-fotoklub.pl\/wp-content\/uploads\/2020\/03\/OC2-2-200x150.jpg 200w, https:\/\/www.jurajski-fotoklub.pl\/wp-content\/uploads\/2020\/03\/OC2-2-300x225.jpg 300w, https:\/\/www.jurajski-fotoklub.pl\/wp-content\/uploads\/2020\/03\/OC2-2-768x577.jpg 768w, https:\/\/www.jurajski-fotoklub.pl\/wp-content\/uploads\/2020\/03\/OC2-2-1024x769.jpg 1024w, https:\/\/www.jurajski-fotoklub.pl\/wp-content\/uploads\/2020\/03\/OC2-2.jpg 1240w\" sizes=\"auto, (max-width: 200px) 100vw, 200px\" \/><\/a>\n\t\t\t<\/dt>\n\t\t\t\t<dd class='wp-caption-text gallery-caption' id='gallery-1-4378'>\n\t\t\t\tOlga Cegielska\n\t\t\t\t<\/dd><\/dl><dl class='gallery-item'>\n\t\t\t<dt class='gallery-icon landscape'>\n\t\t\t\t<a href='https:\/\/www.jurajski-fotoklub.pl\/index.php\/konkurs-miesiaca-marzec\/oc4-1\/'><img loading=\"lazy\" decoding=\"async\" width=\"200\" height=\"150\" src=\"https:\/\/www.jurajski-fotoklub.pl\/wp-content\/uploads\/2020\/03\/OC4-1-200x150.jpg\" class=\"attachment-thumbnail size-thumbnail\" alt=\"\" aria-describedby=\"gallery-1-4379\" \/><\/a>\n\t\t\t<\/dt>\n\t\t\t\t<dd class='wp-caption-text gallery-caption' id='gallery-1-4379'>\n\t\t\t\tOlga Cegielska\n\t\t\t\t<\/dd><\/dl><dl class='gallery-item'>\n\t\t\t<dt class='gallery-icon landscape'>\n\t\t\t\t<a href='https:\/\/www.jurajski-fotoklub.pl\/index.php\/konkurs-miesiaca-marzec\/oc4-2\/'><img loading=\"lazy\" decoding=\"async\" width=\"200\" height=\"150\" src=\"https:\/\/www.jurajski-fotoklub.pl\/wp-content\/uploads\/2020\/03\/OC4-2-200x150.jpg\" class=\"attachment-thumbnail size-thumbnail\" alt=\"\" aria-describedby=\"gallery-1-4380\" srcset=\"https:\/\/www.jurajski-fotoklub.pl\/wp-content\/uploads\/2020\/03\/OC4-2-200x150.jpg 200w, https:\/\/www.jurajski-fotoklub.pl\/wp-content\/uploads\/2020\/03\/OC4-2-300x225.jpg 300w, https:\/\/www.jurajski-fotoklub.pl\/wp-content\/uploads\/2020\/03\/OC4-2-768x576.jpg 768w, https:\/\/www.jurajski-fotoklub.pl\/wp-content\/uploads\/2020\/03\/OC4-2-1024x768.jpg 1024w, https:\/\/www.jurajski-fotoklub.pl\/wp-content\/uploads\/2020\/03\/OC4-2.jpg 1264w\" sizes=\"auto, (max-width: 200px) 100vw, 200px\" \/><\/a>\n\t\t\t<\/dt>\n\t\t\t\t<dd class='wp-caption-text gallery-caption' id='gallery-1-4380'>\n\t\t\t\tOlga Cegielska\n\t\t\t\t<\/dd><\/dl><br style=\"clear: both\" \/><dl class='gallery-item'>\n\t\t\t<dt class='gallery-icon portrait'>\n\t\t\t\t<a href='https:\/\/www.jurajski-fotoklub.pl\/index.php\/konkurs-miesiaca-marzec\/mk1-4\/'><img loading=\"lazy\" decoding=\"async\" width=\"200\" height=\"150\" src=\"https:\/\/www.jurajski-fotoklub.pl\/wp-content\/uploads\/2020\/03\/MK1-200x150.jpeg\" class=\"attachment-thumbnail size-thumbnail\" alt=\"\" aria-describedby=\"gallery-1-4363\" \/><\/a>\n\t\t\t<\/dt>\n\t\t\t\t<dd class='wp-caption-text gallery-caption' id='gallery-1-4363'>\n\t\t\t\tMagdalena Kmiecik\n\t\t\t\t<\/dd><\/dl><dl class='gallery-item'>\n\t\t\t<dt class='gallery-icon portrait'>\n\t\t\t\t<a href='https:\/\/www.jurajski-fotoklub.pl\/index.php\/konkurs-miesiaca-marzec\/mk2-5\/'><img loading=\"lazy\" decoding=\"async\" width=\"200\" height=\"150\" src=\"https:\/\/www.jurajski-fotoklub.pl\/wp-content\/uploads\/2020\/03\/MK2-200x150.jpeg\" class=\"attachment-thumbnail size-thumbnail\" alt=\"\" aria-describedby=\"gallery-1-4364\" \/><\/a>\n\t\t\t<\/dt>\n\t\t\t\t<dd class='wp-caption-text gallery-caption' id='gallery-1-4364'>\n\t\t\t\tMagdalena Kmiecik\n\t\t\t\t<\/dd><\/dl><dl class='gallery-item'>\n\t\t\t<dt class='gallery-icon portrait'>\n\t\t\t\t<a href='https:\/\/www.jurajski-fotoklub.pl\/index.php\/konkurs-miesiaca-marzec\/mk3-5\/'><img loading=\"lazy\" decoding=\"async\" width=\"200\" height=\"150\" src=\"https:\/\/www.jurajski-fotoklub.pl\/wp-content\/uploads\/2020\/03\/MK3-200x150.jpg\" class=\"attachment-thumbnail size-thumbnail\" alt=\"\" aria-describedby=\"gallery-1-4365\" \/><\/a>\n\t\t\t<\/dt>\n\t\t\t\t<dd class='wp-caption-text gallery-caption' id='gallery-1-4365'>\n\t\t\t\tMagdalena Kmiecik\n\t\t\t\t<\/dd><\/dl><br style=\"clear: both\" \/><dl class='gallery-item'>\n\t\t\t<dt class='gallery-icon landscape'>\n\t\t\t\t<a href='https:\/\/www.jurajski-fotoklub.pl\/index.php\/konkurs-miesiaca-marzec\/tz1-4\/'><img loading=\"lazy\" decoding=\"async\" width=\"200\" height=\"150\" src=\"https:\/\/www.jurajski-fotoklub.pl\/wp-content\/uploads\/2020\/03\/TZ1-200x150.jpg\" class=\"attachment-thumbnail size-thumbnail\" alt=\"\" aria-describedby=\"gallery-1-4371\" \/><\/a>\n\t\t\t<\/dt>\n\t\t\t\t<dd class='wp-caption-text gallery-caption' id='gallery-1-4371'>\n\t\t\t\tTomek Zaj\u0105c\n\t\t\t\t<\/dd><\/dl><dl class='gallery-item'>\n\t\t\t<dt class='gallery-icon portrait'>\n\t\t\t\t<a href='https:\/\/www.jurajski-fotoklub.pl\/index.php\/konkurs-miesiaca-marzec\/tz2-4\/'><img loading=\"lazy\" decoding=\"async\" width=\"200\" height=\"150\" src=\"https:\/\/www.jurajski-fotoklub.pl\/wp-content\/uploads\/2020\/03\/TZ2-200x150.jpg\" class=\"attachment-thumbnail size-thumbnail\" alt=\"\" aria-describedby=\"gallery-1-4372\" \/><\/a>\n\t\t\t<\/dt>\n\t\t\t\t<dd class='wp-caption-text gallery-caption' id='gallery-1-4372'>\n\t\t\t\tTomek Zaj\u0105c\n\t\t\t\t<\/dd><\/dl><dl class='gallery-item'>\n\t\t\t<dt class='gallery-icon portrait'>\n\t\t\t\t<a href='https:\/\/www.jurajski-fotoklub.pl\/index.php\/konkurs-miesiaca-marzec\/tz3-4\/'><img loading=\"lazy\" decoding=\"async\" width=\"200\" height=\"150\" src=\"https:\/\/www.jurajski-fotoklub.pl\/wp-content\/uploads\/2020\/03\/TZ3-200x150.jpg\" class=\"attachment-thumbnail size-thumbnail\" alt=\"\" aria-describedby=\"gallery-1-4373\" \/><\/a>\n\t\t\t<\/dt>\n\t\t\t\t<dd class='wp-caption-text gallery-caption' id='gallery-1-4373'>\n\t\t\t\tTomek Zaj\u0105c\n\t\t\t\t<\/dd><\/dl><br style=\"clear: both\" \/><dl class='gallery-item'>\n\t\t\t<dt class='gallery-icon landscape'>\n\t\t\t\t<a href='https:\/\/www.jurajski-fotoklub.pl\/index.php\/konkurs-miesiaca-marzec\/tz4-2\/'><img loading=\"lazy\" decoding=\"async\" width=\"200\" height=\"150\" src=\"https:\/\/www.jurajski-fotoklub.pl\/wp-content\/uploads\/2020\/03\/TZ4-200x150.jpg\" class=\"attachment-thumbnail size-thumbnail\" alt=\"\" aria-describedby=\"gallery-1-4374\" \/><\/a>\n\t\t\t<\/dt>\n\t\t\t\t<dd class='wp-caption-text gallery-caption' id='gallery-1-4374'>\n\t\t\t\tTomek Zaj\u0105c\n\t\t\t\t<\/dd><\/dl><dl class='gallery-item'>\n\t\t\t<dt class='gallery-icon landscape'>\n\t\t\t\t<a href='https:\/\/www.jurajski-fotoklub.pl\/index.php\/konkurs-miesiaca-marzec\/tz5-2\/'><img loading=\"lazy\" decoding=\"async\" width=\"200\" height=\"150\" src=\"https:\/\/www.jurajski-fotoklub.pl\/wp-content\/uploads\/2020\/03\/TZ5-200x150.jpg\" class=\"attachment-thumbnail size-thumbnail\" alt=\"\" aria-describedby=\"gallery-1-4375\" \/><\/a>\n\t\t\t<\/dt>\n\t\t\t\t<dd class='wp-caption-text gallery-caption' id='gallery-1-4375'>\n\t\t\t\tTomek Zaj\u0105c\n\t\t\t\t<\/dd><\/dl><dl class='gallery-item'>\n\t\t\t<dt class='gallery-icon portrait'>\n\t\t\t\t<a href='https:\/\/www.jurajski-fotoklub.pl\/index.php\/konkurs-miesiaca-marzec\/ep1-8\/'><img loading=\"lazy\" decoding=\"async\" width=\"200\" height=\"150\" src=\"https:\/\/www.jurajski-fotoklub.pl\/wp-content\/uploads\/2020\/03\/EP1-200x150.jpg\" class=\"attachment-thumbnail size-thumbnail\" alt=\"\" aria-describedby=\"gallery-1-4356\" \/><\/a>\n\t\t\t<\/dt>\n\t\t\t\t<dd class='wp-caption-text gallery-caption' id='gallery-1-4356'>\n\t\t\t\tEwa Powro\u017anik\n\t\t\t\t<\/dd><\/dl><br style=\"clear: both\" \/><dl class='gallery-item'>\n\t\t\t<dt class='gallery-icon portrait'>\n\t\t\t\t<a href='https:\/\/www.jurajski-fotoklub.pl\/index.php\/konkurs-miesiaca-marzec\/ep2-8\/'><img loading=\"lazy\" decoding=\"async\" width=\"200\" height=\"150\" src=\"https:\/\/www.jurajski-fotoklub.pl\/wp-content\/uploads\/2020\/03\/EP2-200x150.jpg\" class=\"attachment-thumbnail size-thumbnail\" alt=\"\" aria-describedby=\"gallery-1-4357\" \/><\/a>\n\t\t\t<\/dt>\n\t\t\t\t<dd class='wp-caption-text gallery-caption' id='gallery-1-4357'>\n\t\t\t\tEwa Powro\u017anik\n\t\t\t\t<\/dd><\/dl><dl class='gallery-item'>\n\t\t\t<dt class='gallery-icon portrait'>\n\t\t\t\t<a href='https:\/\/www.jurajski-fotoklub.pl\/index.php\/konkurs-miesiaca-marzec\/ep3-7\/'><img loading=\"lazy\" decoding=\"async\" width=\"200\" height=\"150\" src=\"https:\/\/www.jurajski-fotoklub.pl\/wp-content\/uploads\/2020\/03\/EP3-200x150.jpg\" class=\"attachment-thumbnail size-thumbnail\" alt=\"\" aria-describedby=\"gallery-1-4358\" \/><\/a>\n\t\t\t<\/dt>\n\t\t\t\t<dd class='wp-caption-text gallery-caption' id='gallery-1-4358'>\n\t\t\t\tEwa Powro\u017anik\n\t\t\t\t<\/dd><\/dl><dl class='gallery-item'>\n\t\t\t<dt class='gallery-icon landscape'>\n\t\t\t\t<a href='https:\/\/www.jurajski-fotoklub.pl\/index.php\/konkurs-miesiaca-marzec\/ep4-5\/'><img loading=\"lazy\" decoding=\"async\" width=\"200\" height=\"150\" src=\"https:\/\/www.jurajski-fotoklub.pl\/wp-content\/uploads\/2020\/03\/EP4-200x150.jpg\" class=\"attachment-thumbnail size-thumbnail\" alt=\"\" aria-describedby=\"gallery-1-4359\" srcset=\"https:\/\/www.jurajski-fotoklub.pl\/wp-content\/uploads\/2020\/03\/EP4-200x150.jpg 200w, https:\/\/www.jurajski-fotoklub.pl\/wp-content\/uploads\/2020\/03\/EP4-300x225.jpg 300w, https:\/\/www.jurajski-fotoklub.pl\/wp-content\/uploads\/2020\/03\/EP4-768x576.jpg 768w, https:\/\/www.jurajski-fotoklub.pl\/wp-content\/uploads\/2020\/03\/EP4-1024x768.jpg 1024w\" sizes=\"auto, (max-width: 200px) 100vw, 200px\" \/><\/a>\n\t\t\t<\/dt>\n\t\t\t\t<dd class='wp-caption-text gallery-caption' id='gallery-1-4359'>\n\t\t\t\tEwa Powro\u017anik\n\t\t\t\t<\/dd><\/dl><br style=\"clear: both\" \/><dl class='gallery-item'>\n\t\t\t<dt class='gallery-icon landscape'>\n\t\t\t\t<a href='https:\/\/www.jurajski-fotoklub.pl\/index.php\/konkurs-miesiaca-marzec\/pl2-1\/'><img loading=\"lazy\" decoding=\"async\" width=\"200\" height=\"150\" src=\"https:\/\/www.jurajski-fotoklub.pl\/wp-content\/uploads\/2020\/03\/PL2-1-200x150.jpg\" class=\"attachment-thumbnail size-thumbnail\" alt=\"\" aria-describedby=\"gallery-1-4383\" \/><\/a>\n\t\t\t<\/dt>\n\t\t\t\t<dd class='wp-caption-text gallery-caption' id='gallery-1-4383'>\n\t\t\t\tPaulina Lasek\n\t\t\t\t<\/dd><\/dl><dl class='gallery-item'>\n\t\t\t<dt class='gallery-icon portrait'>\n\t\t\t\t<a href='https:\/\/www.jurajski-fotoklub.pl\/index.php\/konkurs-miesiaca-marzec\/pl2-2\/'><img loading=\"lazy\" decoding=\"async\" width=\"200\" height=\"150\" src=\"https:\/\/www.jurajski-fotoklub.pl\/wp-content\/uploads\/2020\/03\/PL2-2-200x150.jpg\" class=\"attachment-thumbnail size-thumbnail\" alt=\"\" aria-describedby=\"gallery-1-4384\" \/><\/a>\n\t\t\t<\/dt>\n\t\t\t\t<dd class='wp-caption-text gallery-caption' id='gallery-1-4384'>\n\t\t\t\tPaulina Lasek\n\t\t\t\t<\/dd><\/dl><dl class='gallery-item'>\n\t\t\t<dt class='gallery-icon portrait'>\n\t\t\t\t<a href='https:\/\/www.jurajski-fotoklub.pl\/index.php\/konkurs-miesiaca-marzec\/as1-5\/'><img loading=\"lazy\" decoding=\"async\" width=\"200\" height=\"150\" src=\"https:\/\/www.jurajski-fotoklub.pl\/wp-content\/uploads\/2020\/03\/AS1-200x150.jpg\" class=\"attachment-thumbnail size-thumbnail\" alt=\"\" aria-describedby=\"gallery-1-4388\" \/><\/a>\n\t\t\t<\/dt>\n\t\t\t\t<dd class='wp-caption-text gallery-caption' id='gallery-1-4388'>\n\t\t\t\tAndrzej Szl\u0119zak\n\t\t\t\t<\/dd><\/dl><br style=\"clear: both\" \/><dl class='gallery-item'>\n\t\t\t<dt class='gallery-icon landscape'>\n\t\t\t\t<a href='https:\/\/www.jurajski-fotoklub.pl\/index.php\/konkurs-miesiaca-marzec\/as2-5\/'><img loading=\"lazy\" decoding=\"async\" width=\"200\" height=\"150\" src=\"https:\/\/www.jurajski-fotoklub.pl\/wp-content\/uploads\/2020\/03\/AS2-200x150.jpg\" class=\"attachment-thumbnail size-thumbnail\" alt=\"\" aria-describedby=\"gallery-1-4389\" \/><\/a>\n\t\t\t<\/dt>\n\t\t\t\t<dd class='wp-caption-text gallery-caption' id='gallery-1-4389'>\n\t\t\t\tAndrzej Szl\u0119zak\n\t\t\t\t<\/dd><\/dl><dl class='gallery-item'>\n\t\t\t<dt class='gallery-icon landscape'>\n\t\t\t\t<a href='https:\/\/www.jurajski-fotoklub.pl\/index.php\/konkurs-miesiaca-marzec\/as3-5\/'><img loading=\"lazy\" decoding=\"async\" width=\"200\" height=\"150\" src=\"https:\/\/www.jurajski-fotoklub.pl\/wp-content\/uploads\/2020\/03\/AS3-200x150.jpg\" class=\"attachment-thumbnail size-thumbnail\" alt=\"\" aria-describedby=\"gallery-1-4390\" \/><\/a>\n\t\t\t<\/dt>\n\t\t\t\t<dd class='wp-caption-text gallery-caption' id='gallery-1-4390'>\n\t\t\t\tAndrzej Szl\u0119zak\n\t\t\t\t<\/dd><\/dl>\n\t\t\t<br style='clear: both' \/>\n\t\t<\/div>\n\n<p class=\"western\"><span style=\"font-size: large;\">Temat konkursu kwietniowego w 2020 r: &#8222;Lustra Natury&#8221;<\/span><\/p>\n<p><span id=\"sample-permalink\"><br \/>\n<\/span><span id=\"edit-slug-buttons\"><\/span><\/p>\n<div id=\"titlediv\">\n<div class=\"inside\">\n<div id=\"edit-slug-box\" class=\"hide-if-no-js\"><\/div>\n<\/div>\n<\/div>\n<div id=\"postdivrich\" class=\"postarea wp-editor-expand\">\n<div id=\"wp-content-wrap\" class=\"wp-core-ui wp-editor-wrap has-dfw tmce-active\">\n<div id=\"wp-content-editor-tools\" class=\"wp-editor-tools hide-if-no-js\">\n<div id=\"wp-content-media-buttons\" class=\"wp-media-buttons\"><\/div>\n<\/div>\n<\/div>\n<\/div>\n<div class=\"wp-editor-tabs\"><\/div>\n","protected":false},"excerpt":{"rendered":"<p>Konkurs miesi\u0105ca Marzec 2020 &#8211; &#8222;Czego nie wida\u0107 z daleka&#8221;&#8221; I miejsce zaj\u0119li: Nina Mazu\u015b i Kajetan Walachniewicz, otrzymuj\u0105c za nagrodzone zdj\u0119cia 10 pkt. II miejsce zaj\u0119\u0142a: Olga Cegielska, otrzymuj\u0105c za nagrodzone zdj\u0119cia 9 pkt. III miejsce zaj\u0119\u0142a: Magdalena Kmiecik, otrzymuj\u0105c za nagrodzone zdj\u0119cia 8 pkt. IV miejsce zaj\u0105\u0142: Tomek Zaj\u0105c, otrzymuj\u0105c za nagrodzone zdj\u0119cia [&hellip;]<\/p>\n","protected":false},"author":13,"featured_media":0,"comment_status":"open","ping_status":"open","sticky":false,"template":"","format":"standard","meta":{"footnotes":""},"categories":[25],"tags":[],"class_list":["post-4354","post","type-post","status-publish","format-standard","hentry","category-konkurs"],"_links":{"self":[{"href":"https:\/\/www.jurajski-fotoklub.pl\/index.php\/wp-json\/wp\/v2\/posts\/4354","targetHints":{"allow":["GET"]}}],"collection":[{"href":"https:\/\/www.jurajski-fotoklub.pl\/index.php\/wp-json\/wp\/v2\/posts"}],"about":[{"href":"https:\/\/www.jurajski-fotoklub.pl\/index.php\/wp-json\/wp\/v2\/types\/post"}],"author":[{"embeddable":true,"href":"https:\/\/www.jurajski-fotoklub.pl\/index.php\/wp-json\/wp\/v2\/users\/13"}],"replies":[{"embeddable":true,"href":"https:\/\/www.jurajski-fotoklub.pl\/index.php\/wp-json\/wp\/v2\/comments?post=4354"}],"version-history":[{"count":7,"href":"https:\/\/www.jurajski-fotoklub.pl\/index.php\/wp-json\/wp\/v2\/posts\/4354\/revisions"}],"predecessor-version":[{"id":5244,"href":"https:\/\/www.jurajski-fotoklub.pl\/index.php\/wp-json\/wp\/v2\/posts\/4354\/revisions\/5244"}],"wp:attachment":[{"href":"https:\/\/www.jurajski-fotoklub.pl\/index.php\/wp-json\/wp\/v2\/media?parent=4354"}],"wp:term":[{"taxonomy":"category","embeddable":true,"href":"https:\/\/www.jurajski-fotoklub.pl\/index.php\/wp-json\/wp\/v2\/categories?post=4354"},{"taxonomy":"post_tag","embeddable":true,"href":"https:\/\/www.jurajski-fotoklub.pl\/index.php\/wp-json\/wp\/v2\/tags?post=4354"}],"curies":[{"name":"wp","href":"https:\/\/api.w.org\/{rel}","templated":true}]}}