{"id":4445,"date":"2020-11-10T14:43:11","date_gmt":"2020-11-10T13:43:11","guid":{"rendered":"http:\/\/www.jurajski-fotoklub.pl\/?p=4445"},"modified":"2025-01-10T18:33:22","modified_gmt":"2025-01-10T17:33:22","slug":"konkurs-miesiaca-czerwiec","status":"publish","type":"post","link":"https:\/\/www.jurajski-fotoklub.pl\/index.php\/konkurs-miesiaca-czerwiec\/","title":{"rendered":"Konkurs miesi\u0105ca Czerwiec 2020"},"content":{"rendered":"<h1>Konkurs miesi\u0105ca Czerwiec 2020 &#8211; &#8222;Na sportowo&#8221;&#8221;<\/h1>\n<p class=\"western\"><span style=\"font-size: large;\">I miejsce zaj\u0105\u0142 Tomek Zaj\u0105c, otrzymuj\u0105c za nagrodzone zdj\u0119cia 14 pkt.<\/span><\/p>\n<p class=\"western\"><span style=\"font-size: large;\">II miejsce zaj\u0119\u0142a Nina Mazu\u015b, otrzymuj\u0105c za nagrodzone zdj\u0119cia 7 pkt.<\/span><\/p>\n<p class=\"western\"><span style=\"font-size: large;\">III miejsce zaj\u0105\u0142 Pawe\u0142 Klekowski, otrzymuj\u0105c za nagrodzone zdj\u0119cia 4 pkt.<\/span><\/p>\n<p class=\"western\"><span style=\"font-size: large;\">IV miejsce zaj\u0119\u0142a Magdalena Kmiecik, otrzymuj\u0105c za nagrodzone zdj\u0119cia 3 pkt.<\/span><\/p>\n<p class=\"western\"><span style=\"font-size: large;\">V miejsce zaj\u0119\u0142a Ewa Powro\u017anik, otrzymuj\u0105c za nagrodzone zdj\u0119cia 2 pkt.<\/span><\/p>\n<p>Premi\u0119 w wysoko\u015bci 5 pkt du\u017cych, za najwi\u0119ksz\u0105 ilo\u015b\u0107 punkt\u00f3w dla pojedynczego zdj\u0119cia, otrzymuje Tomek Zaj\u0105c<br \/>\n<span style=\"text-decoration: underline;\">Punktacja do rankingu rocznego, zgodnie z tabel\u0105 w Regulaminie:<\/span><br \/>\n(w nawiasie ma\u0142e punkty &#8211; g\u0142osy za wszystkie zg\u0142oszone zdj\u0119cia)<\/p>\n<p>Magdalena Kmiecik &#8211; 21 pkt (3 p)<br \/>\nEwa Powro\u017anik &#8211; 15 pkt (2 p)<br \/>\nPawe\u0142 Klekowski &#8211; 18 pkt (4 p)<br \/>\nNina Mazu\u015b &#8211; 24 pkt (7 p)<br \/>\nTomek Zaj\u0105c &#8211; 32 pkt (14 p)<br \/>\nAgnieszka Duma\u0144ska &#8211; 1 pkt (0 p)<\/p>\n<style>.ra { text-align: right; }<br \/><\/style>\n<table border=\"0\" cellspacing=\"0\">\n<colgroup width=\"38\"><\/colgroup>\n<colgroup width=\"297\"><\/colgroup>\n<colgroup span=\"2\" width=\"107\"><\/colgroup>\n<tbody>\n<tr>\n<td align=\"left\" height=\"21\">1.<\/td>\n<td align=\"left\"><span style=\"font-family: Liberation Serif;\"> Tomek Zaj\u0105c<\/span><\/td>\n<td align=\"left\"><span style=\"font-family: Liberation Serif;\">136 pkt<\/span><\/td>\n<td align=\"left\"><span style=\"font-family: Liberation Serif;\">(47p)<\/span><\/td>\n<\/tr>\n<tr>\n<td align=\"left\" height=\"21\">2.<\/td>\n<td align=\"left\"><span style=\"font-family: Liberation Serif;\"> Magdalena Kmiecik<\/span><\/td>\n<td align=\"left\"><span style=\"font-family: Liberation Serif;\">119 pkt<\/span><\/td>\n<td align=\"left\"><span style=\"font-family: Liberation Serif;\">(37p)<\/span><\/td>\n<\/tr>\n<tr>\n<td align=\"left\" height=\"21\">3.<\/td>\n<td align=\"left\"><span style=\"font-family: Liberation Serif;\"> Nina Mazu\u015b<\/span><\/td>\n<td align=\"left\"><span style=\"font-family: Liberation Serif;\">118 pkt<\/span><\/td>\n<td align=\"left\"><span style=\"font-family: Liberation Serif;\">(39p)<\/span><\/td>\n<\/tr>\n<tr>\n<td align=\"left\" height=\"21\">4.<\/td>\n<td align=\"left\"><span style=\"font-family: Liberation Serif;\"> Ewa Powro\u017anik<\/span><\/td>\n<td align=\"left\"><span style=\"font-family: Liberation Serif;\">111 pkt<\/span><\/td>\n<td align=\"left\"><span style=\"font-family: Liberation Serif;\">(32p)<\/span><\/td>\n<\/tr>\n<tr>\n<td align=\"left\" height=\"21\">5.<\/td>\n<td align=\"left\"><span style=\"font-family: Liberation Serif;\"> Pawe\u0142 Klekowski<\/span><\/td>\n<td align=\"left\"><span style=\"font-family: Liberation Serif;\">110 pkt<\/span><\/td>\n<td align=\"left\"><span style=\"font-family: Liberation Serif;\">(27p)<\/span><\/td>\n<\/tr>\n<tr>\n<td align=\"left\" height=\"21\">6.<\/td>\n<td align=\"left\"><span style=\"font-family: Liberation Serif;\"> Olga Cegielska<\/span><\/td>\n<td align=\"left\"><span style=\"font-family: Liberation Serif;\">63 pkt<\/span><\/td>\n<td align=\"left\"><span style=\"font-family: Liberation Serif;\">(23p)<\/span><\/td>\n<\/tr>\n<tr>\n<td align=\"left\" height=\"21\">7.<\/td>\n<td align=\"left\"><span style=\"font-family: Liberation Serif;\"> Andrzej Szl\u0119zak<\/span><\/td>\n<td align=\"left\"><span style=\"font-family: Liberation Serif;\">59 pkt<\/span><\/td>\n<td align=\"left\"><span style=\"font-family: Liberation Serif;\">(28p)<\/span><\/td>\n<\/tr>\n<tr>\n<td align=\"left\" height=\"21\">7.<\/td>\n<td align=\"left\"><span style=\"font-family: Liberation Serif;\"> Agnieszka Duma\u0144ska<\/span><\/td>\n<td align=\"left\"><span style=\"font-family: Liberation Serif;\">60 pkt<\/span><\/td>\n<td align=\"left\"><span style=\"font-family: Liberation Serif;\">(11p)<\/span><\/td>\n<\/tr>\n<tr>\n<td align=\"left\" height=\"21\">11.<\/td>\n<td align=\"left\"><span style=\"font-family: Liberation Serif;\"> Kajetan Walachniewicz<\/span><\/td>\n<td align=\"left\"><span style=\"font-family: Liberation Serif;\">53 pkt<\/span><\/td>\n<td align=\"left\"><span style=\"font-family: Liberation Serif;\">(15p)<\/span><\/td>\n<\/tr>\n<tr>\n<td align=\"left\" height=\"21\">9.<\/td>\n<td align=\"left\"><span style=\"font-family: Liberation Serif;\"> Dorota Pliszka<\/span><\/td>\n<td align=\"left\"><span style=\"font-family: Liberation Serif;\">39 pkt<\/span><\/td>\n<td align=\"left\"><span style=\"font-family: Liberation Serif;\">(14p)<\/span><\/td>\n<\/tr>\n<td align=\"left\" height=\"21\">10.<\/td>\n<td align=\"left\"><span style=\"font-family: Liberation Serif;\"> Stefan \u0141ukaszczykiewicz<\/span><\/td>\n<td align=\"left\"><span style=\"font-family: Liberation Serif;\">38 pkt<\/span><\/td>\n<td align=\"left\"><span style=\"font-family: Liberation Serif;\">(12p)<\/span><\/td>\n<\/tr>\n<tr>\n<td align=\"left\" height=\"21\">12.<\/td>\n<td align=\"left\"><span style=\"font-family: Liberation Serif;\"> Dominik Wi\u015bniewski<\/span><\/td>\n<td align=\"left\"><span style=\"font-family: Liberation Serif;\">27 pkt<\/span><\/td>\n<td align=\"left\"><span style=\"font-family: Liberation Serif;\">(6p)<\/span><\/td>\n<\/tr>\n<tr>\n<tr>\n<td align=\"left\" height=\"21\">13.<\/td>\n<td align=\"left\"><span style=\"font-family: Liberation Serif;\"> Paulina Lasek<\/span><\/td>\n<td align=\"left\"><span style=\"font-family: Liberation Serif;\">21 pkt<\/span><\/td>\n<td align=\"left\"><span style=\"font-family: Liberation Serif;\">(4p)<\/span><\/td>\n<\/tr>\n<tr>\n<td align=\"left\" height=\"21\">14.<\/td>\n<td align=\"left\"><span style=\"font-family: Liberation Serif;\"> Krzysztof \u015awitalski<\/span><\/td>\n<td align=\"left\"><span style=\"font-family: Liberation Serif;\">12 pkt<\/span><\/td>\n<td align=\"left\"><span style=\"font-family: Liberation Serif;\">(2p)<\/span><\/td>\n<\/tr>\n<tr>\n<td align=\"left\" height=\"21\">15.<\/td>\n<td align=\"left\"><span style=\"font-family: Liberation Serif;\"> Marcin Bocian<\/span><\/td>\n<td align=\"left\"><span style=\"font-family: Liberation Serif;\">9 pkt<\/span><\/td>\n<td align=\"left\"><span style=\"font-family: Liberation Serif;\">(1p)<\/span><\/td>\n<\/tr>\n<\/tbody>\n<\/table>\n\n\t\t<style type=\"text\/css\">\n\t\t\t#gallery-1 {\n\t\t\t\tmargin: auto;\n\t\t\t}\n\t\t\t#gallery-1 .gallery-item {\n\t\t\t\tfloat: left;\n\t\t\t\tmargin-top: 10px;\n\t\t\t\ttext-align: center;\n\t\t\t\twidth: 33%;\n\t\t\t}\n\t\t\t#gallery-1 img {\n\t\t\t\tborder: 2px solid #cfcfcf;\n\t\t\t}\n\t\t\t#gallery-1 .gallery-caption {\n\t\t\t\tmargin-left: 0;\n\t\t\t}\n\t\t\t\/* see gallery_shortcode() in wp-includes\/media.php *\/\n\t\t<\/style>\n\t\t<div id='gallery-1' class='gallery galleryid-4445 gallery-columns-3 gallery-size-thumbnail'><dl class='gallery-item'>\n\t\t\t<dt class='gallery-icon landscape'>\n\t\t\t\t<a href='https:\/\/www.jurajski-fotoklub.pl\/index.php\/konkurs-miesiaca-czerwiec\/tz-ns2\/'><img loading=\"lazy\" decoding=\"async\" width=\"200\" height=\"150\" src=\"https:\/\/www.jurajski-fotoklub.pl\/wp-content\/uploads\/2020\/11\/TZ-NS2-200x150.jpg\" class=\"attachment-thumbnail size-thumbnail\" alt=\"\" aria-describedby=\"gallery-1-4459\" \/><\/a>\n\t\t\t<\/dt>\n\t\t\t\t<dd class='wp-caption-text gallery-caption' id='gallery-1-4459'>\n\t\t\t\tTomek Zaj\u0105c\n\t\t\t\t<\/dd><\/dl><dl class='gallery-item'>\n\t\t\t<dt class='gallery-icon portrait'>\n\t\t\t\t<a href='https:\/\/www.jurajski-fotoklub.pl\/index.php\/konkurs-miesiaca-czerwiec\/tz-ns1\/'><img loading=\"lazy\" decoding=\"async\" width=\"200\" height=\"150\" src=\"https:\/\/www.jurajski-fotoklub.pl\/wp-content\/uploads\/2020\/11\/TZ-NS1-200x150.jpg\" class=\"attachment-thumbnail size-thumbnail\" alt=\"\" aria-describedby=\"gallery-1-4458\" \/><\/a>\n\t\t\t<\/dt>\n\t\t\t\t<dd class='wp-caption-text gallery-caption' id='gallery-1-4458'>\n\t\t\t\tTomek Zaj\u0105c\n\t\t\t\t<\/dd><\/dl><dl class='gallery-item'>\n\t\t\t<dt class='gallery-icon portrait'>\n\t\t\t\t<a href='https:\/\/www.jurajski-fotoklub.pl\/index.php\/konkurs-miesiaca-czerwiec\/tz-ns3\/'><img loading=\"lazy\" decoding=\"async\" width=\"200\" height=\"150\" src=\"https:\/\/www.jurajski-fotoklub.pl\/wp-content\/uploads\/2020\/11\/TZ-NS3-200x150.jpg\" class=\"attachment-thumbnail size-thumbnail\" alt=\"\" aria-describedby=\"gallery-1-4460\" \/><\/a>\n\t\t\t<\/dt>\n\t\t\t\t<dd class='wp-caption-text gallery-caption' id='gallery-1-4460'>\n\t\t\t\tTomek Zaj\u0105c\n\t\t\t\t<\/dd><\/dl><br style=\"clear: both\" \/><dl class='gallery-item'>\n\t\t\t<dt class='gallery-icon landscape'>\n\t\t\t\t<a href='https:\/\/www.jurajski-fotoklub.pl\/index.php\/konkurs-miesiaca-czerwiec\/olympus-digital-camera-113\/'><img loading=\"lazy\" decoding=\"async\" width=\"200\" height=\"150\" src=\"https:\/\/www.jurajski-fotoklub.pl\/wp-content\/uploads\/2020\/11\/NM-NS1-200x150.jpg\" class=\"attachment-thumbnail size-thumbnail\" alt=\"\" aria-describedby=\"gallery-1-4452\" \/><\/a>\n\t\t\t<\/dt>\n\t\t\t\t<dd class='wp-caption-text gallery-caption' id='gallery-1-4452'>\n\t\t\t\tNina Mazu\u015b\n\t\t\t\t<\/dd><\/dl><dl class='gallery-item'>\n\t\t\t<dt class='gallery-icon landscape'>\n\t\t\t\t<a href='https:\/\/www.jurajski-fotoklub.pl\/index.php\/konkurs-miesiaca-czerwiec\/nm-ns2\/'><img loading=\"lazy\" decoding=\"async\" width=\"200\" height=\"150\" src=\"https:\/\/www.jurajski-fotoklub.pl\/wp-content\/uploads\/2020\/11\/NM-NS2-200x150.jpg\" class=\"attachment-thumbnail size-thumbnail\" alt=\"\" aria-describedby=\"gallery-1-4453\" \/><\/a>\n\t\t\t<\/dt>\n\t\t\t\t<dd class='wp-caption-text gallery-caption' id='gallery-1-4453'>\n\t\t\t\tNina Mazu\u015b\n\t\t\t\t<\/dd><\/dl><dl class='gallery-item'>\n\t\t\t<dt class='gallery-icon landscape'>\n\t\t\t\t<a href='https:\/\/www.jurajski-fotoklub.pl\/index.php\/konkurs-miesiaca-czerwiec\/olympus-digital-camera-114\/'><img loading=\"lazy\" decoding=\"async\" width=\"200\" height=\"150\" src=\"https:\/\/www.jurajski-fotoklub.pl\/wp-content\/uploads\/2020\/11\/NM-NS3-200x150.jpg\" class=\"attachment-thumbnail size-thumbnail\" alt=\"\" aria-describedby=\"gallery-1-4454\" \/><\/a>\n\t\t\t<\/dt>\n\t\t\t\t<dd class='wp-caption-text gallery-caption' id='gallery-1-4454'>\n\t\t\t\tNina Mazu\u015b\n\t\t\t\t<\/dd><\/dl><br style=\"clear: both\" \/><dl class='gallery-item'>\n\t\t\t<dt class='gallery-icon portrait'>\n\t\t\t\t<a href='https:\/\/www.jurajski-fotoklub.pl\/index.php\/konkurs-miesiaca-czerwiec\/pk-ns1\/'><img loading=\"lazy\" decoding=\"async\" width=\"200\" height=\"150\" src=\"https:\/\/www.jurajski-fotoklub.pl\/wp-content\/uploads\/2020\/11\/PK-NS1-200x150.jpg\" class=\"attachment-thumbnail size-thumbnail\" alt=\"\" aria-describedby=\"gallery-1-4455\" \/><\/a>\n\t\t\t<\/dt>\n\t\t\t\t<dd class='wp-caption-text gallery-caption' id='gallery-1-4455'>\n\t\t\t\tPawe\u0142 Klekowski\n\t\t\t\t<\/dd><\/dl><dl class='gallery-item'>\n\t\t\t<dt class='gallery-icon portrait'>\n\t\t\t\t<a href='https:\/\/www.jurajski-fotoklub.pl\/index.php\/konkurs-miesiaca-czerwiec\/pk-ns2\/'><img loading=\"lazy\" decoding=\"async\" width=\"200\" height=\"150\" src=\"https:\/\/www.jurajski-fotoklub.pl\/wp-content\/uploads\/2020\/11\/PK-NS2-200x150.jpg\" class=\"attachment-thumbnail size-thumbnail\" alt=\"\" aria-describedby=\"gallery-1-4456\" \/><\/a>\n\t\t\t<\/dt>\n\t\t\t\t<dd class='wp-caption-text gallery-caption' id='gallery-1-4456'>\n\t\t\t\tPawe\u0142 Klekowski\n\t\t\t\t<\/dd><\/dl><dl class='gallery-item'>\n\t\t\t<dt class='gallery-icon portrait'>\n\t\t\t\t<a href='https:\/\/www.jurajski-fotoklub.pl\/index.php\/konkurs-miesiaca-czerwiec\/pk-ns3\/'><img loading=\"lazy\" decoding=\"async\" width=\"200\" height=\"150\" src=\"https:\/\/www.jurajski-fotoklub.pl\/wp-content\/uploads\/2020\/11\/PK-NS3-200x150.jpg\" class=\"attachment-thumbnail size-thumbnail\" alt=\"\" aria-describedby=\"gallery-1-4457\" \/><\/a>\n\t\t\t<\/dt>\n\t\t\t\t<dd class='wp-caption-text gallery-caption' id='gallery-1-4457'>\n\t\t\t\tPawe\u0142 Klekowski\n\t\t\t\t<\/dd><\/dl><br style=\"clear: both\" \/><dl class='gallery-item'>\n\t\t\t<dt class='gallery-icon portrait'>\n\t\t\t\t<a href='https:\/\/www.jurajski-fotoklub.pl\/index.php\/konkurs-miesiaca-czerwiec\/mk-ns5\/'><img loading=\"lazy\" decoding=\"async\" width=\"200\" height=\"150\" src=\"https:\/\/www.jurajski-fotoklub.pl\/wp-content\/uploads\/2020\/11\/MK-NS5-200x150.jpg\" class=\"attachment-thumbnail size-thumbnail\" alt=\"\" aria-describedby=\"gallery-1-4451\" \/><\/a>\n\t\t\t<\/dt>\n\t\t\t\t<dd class='wp-caption-text gallery-caption' id='gallery-1-4451'>\n\t\t\t\tMagdalena Kmiecik\n\t\t\t\t<\/dd><\/dl><dl class='gallery-item'>\n\t\t\t<dt class='gallery-icon portrait'>\n\t\t\t\t<a href='https:\/\/www.jurajski-fotoklub.pl\/index.php\/konkurs-miesiaca-czerwiec\/mk-ns3\/'><img loading=\"lazy\" decoding=\"async\" width=\"200\" height=\"150\" src=\"https:\/\/www.jurajski-fotoklub.pl\/wp-content\/uploads\/2020\/11\/MK-NS3-200x150.jpg\" class=\"attachment-thumbnail size-thumbnail\" alt=\"\" aria-describedby=\"gallery-1-4449\" \/><\/a>\n\t\t\t<\/dt>\n\t\t\t\t<dd class='wp-caption-text gallery-caption' id='gallery-1-4449'>\n\t\t\t\tMagdalena Kmiecik\n\t\t\t\t<\/dd><\/dl><dl class='gallery-item'>\n\t\t\t<dt class='gallery-icon landscape'>\n\t\t\t\t<a href='https:\/\/www.jurajski-fotoklub.pl\/index.php\/konkurs-miesiaca-czerwiec\/mk-ns2\/'><img loading=\"lazy\" decoding=\"async\" width=\"200\" height=\"150\" src=\"https:\/\/www.jurajski-fotoklub.pl\/wp-content\/uploads\/2020\/11\/MK-NS2-200x150.jpg\" class=\"attachment-thumbnail size-thumbnail\" alt=\"\" aria-describedby=\"gallery-1-4448\" srcset=\"https:\/\/www.jurajski-fotoklub.pl\/wp-content\/uploads\/2020\/11\/MK-NS2-200x150.jpg 200w, https:\/\/www.jurajski-fotoklub.pl\/wp-content\/uploads\/2020\/11\/MK-NS2-300x225.jpg 300w, https:\/\/www.jurajski-fotoklub.pl\/wp-content\/uploads\/2020\/11\/MK-NS2-768x576.jpg 768w, https:\/\/www.jurajski-fotoklub.pl\/wp-content\/uploads\/2020\/11\/MK-NS2-1024x768.jpg 1024w\" sizes=\"auto, (max-width: 200px) 100vw, 200px\" \/><\/a>\n\t\t\t<\/dt>\n\t\t\t\t<dd class='wp-caption-text gallery-caption' id='gallery-1-4448'>\n\t\t\t\tMagdalena Kmiecik\n\t\t\t\t<\/dd><\/dl><br style=\"clear: both\" \/><dl class='gallery-item'>\n\t\t\t<dt class='gallery-icon landscape'>\n\t\t\t\t<a href='https:\/\/www.jurajski-fotoklub.pl\/index.php\/konkurs-miesiaca-czerwiec\/mk-ns4\/'><img loading=\"lazy\" decoding=\"async\" width=\"200\" height=\"150\" src=\"https:\/\/www.jurajski-fotoklub.pl\/wp-content\/uploads\/2020\/11\/MK-NS4-200x150.jpg\" class=\"attachment-thumbnail size-thumbnail\" alt=\"\" aria-describedby=\"gallery-1-4450\" srcset=\"https:\/\/www.jurajski-fotoklub.pl\/wp-content\/uploads\/2020\/11\/MK-NS4-200x150.jpg 200w, https:\/\/www.jurajski-fotoklub.pl\/wp-content\/uploads\/2020\/11\/MK-NS4-300x225.jpg 300w, https:\/\/www.jurajski-fotoklub.pl\/wp-content\/uploads\/2020\/11\/MK-NS4-768x576.jpg 768w, https:\/\/www.jurajski-fotoklub.pl\/wp-content\/uploads\/2020\/11\/MK-NS4-1024x768.jpg 1024w\" sizes=\"auto, (max-width: 200px) 100vw, 200px\" \/><\/a>\n\t\t\t<\/dt>\n\t\t\t\t<dd class='wp-caption-text gallery-caption' id='gallery-1-4450'>\n\t\t\t\tMagdalena Kmiecik\n\t\t\t\t<\/dd><\/dl><dl class='gallery-item'>\n\t\t\t<dt class='gallery-icon portrait'>\n\t\t\t\t<a href='https:\/\/www.jurajski-fotoklub.pl\/index.php\/konkurs-miesiaca-czerwiec\/mk-ns1\/'><img loading=\"lazy\" decoding=\"async\" width=\"200\" height=\"150\" src=\"https:\/\/www.jurajski-fotoklub.pl\/wp-content\/uploads\/2020\/11\/MK-NS1-200x150.jpg\" class=\"attachment-thumbnail size-thumbnail\" alt=\"\" aria-describedby=\"gallery-1-4447\" \/><\/a>\n\t\t\t<\/dt>\n\t\t\t\t<dd class='wp-caption-text gallery-caption' id='gallery-1-4447'>\n\t\t\t\tMagdalena Kmiecik\n\t\t\t\t<\/dd><\/dl><dl class='gallery-item'>\n\t\t\t<dt class='gallery-icon portrait'>\n\t\t\t\t<a href='https:\/\/www.jurajski-fotoklub.pl\/index.php\/konkurs-miesiaca-czerwiec\/ep-ns\/'><img loading=\"lazy\" decoding=\"async\" width=\"200\" height=\"150\" src=\"https:\/\/www.jurajski-fotoklub.pl\/wp-content\/uploads\/2020\/11\/EP-NS-200x150.jpg\" class=\"attachment-thumbnail size-thumbnail\" alt=\"\" aria-describedby=\"gallery-1-4446\" \/><\/a>\n\t\t\t<\/dt>\n\t\t\t\t<dd class='wp-caption-text gallery-caption' id='gallery-1-4446'>\n\t\t\t\tEwa Powro\u017anik\n\t\t\t\t<\/dd><\/dl><br style=\"clear: both\" \/>\n\t\t<\/div>\n\n<p class=\"western\"><span style=\"font-size: large;\">Temat konkursu wrze\u015bniowego w 2020 r: &#8222;Drzewo &#8211; symbol natury&#8221;<\/span><\/p>\n<p><span id=\"sample-permalink\"><br \/>\n<\/span><span id=\"edit-slug-buttons\"><\/span><\/p>\n<div id=\"titlediv\">\n<div class=\"inside\">\n<div id=\"edit-slug-box\" class=\"hide-if-no-js\"><\/div>\n<\/div>\n<\/div>\n<div id=\"postdivrich\" class=\"postarea wp-editor-expand\">\n<div id=\"wp-content-wrap\" class=\"wp-core-ui wp-editor-wrap has-dfw tmce-active\">\n<div id=\"wp-content-editor-tools\" class=\"wp-editor-tools hide-if-no-js\">\n<div id=\"wp-content-media-buttons\" class=\"wp-media-buttons\"><\/div>\n<\/div>\n<\/div>\n<\/div>\n<div class=\"wp-editor-tabs\"><\/div>\n","protected":false},"excerpt":{"rendered":"<p>Konkurs miesi\u0105ca Czerwiec 2020 &#8211; &#8222;Na sportowo&#8221;&#8221; I miejsce zaj\u0105\u0142 Tomek Zaj\u0105c, otrzymuj\u0105c za nagrodzone zdj\u0119cia 14 pkt. II miejsce zaj\u0119\u0142a Nina Mazu\u015b, otrzymuj\u0105c za nagrodzone zdj\u0119cia 7 pkt. III miejsce zaj\u0105\u0142 Pawe\u0142 Klekowski, otrzymuj\u0105c za nagrodzone zdj\u0119cia 4 pkt. IV miejsce zaj\u0119\u0142a Magdalena Kmiecik, otrzymuj\u0105c za nagrodzone zdj\u0119cia 3 pkt. V miejsce zaj\u0119\u0142a Ewa [&hellip;]<\/p>\n","protected":false},"author":13,"featured_media":0,"comment_status":"open","ping_status":"open","sticky":false,"template":"","format":"standard","meta":{"footnotes":""},"categories":[25],"tags":[],"class_list":["post-4445","post","type-post","status-publish","format-standard","hentry","category-konkurs"],"_links":{"self":[{"href":"https:\/\/www.jurajski-fotoklub.pl\/index.php\/wp-json\/wp\/v2\/posts\/4445","targetHints":{"allow":["GET"]}}],"collection":[{"href":"https:\/\/www.jurajski-fotoklub.pl\/index.php\/wp-json\/wp\/v2\/posts"}],"about":[{"href":"https:\/\/www.jurajski-fotoklub.pl\/index.php\/wp-json\/wp\/v2\/types\/post"}],"author":[{"embeddable":true,"href":"https:\/\/www.jurajski-fotoklub.pl\/index.php\/wp-json\/wp\/v2\/users\/13"}],"replies":[{"embeddable":true,"href":"https:\/\/www.jurajski-fotoklub.pl\/index.php\/wp-json\/wp\/v2\/comments?post=4445"}],"version-history":[{"count":8,"href":"https:\/\/www.jurajski-fotoklub.pl\/index.php\/wp-json\/wp\/v2\/posts\/4445\/revisions"}],"predecessor-version":[{"id":5247,"href":"https:\/\/www.jurajski-fotoklub.pl\/index.php\/wp-json\/wp\/v2\/posts\/4445\/revisions\/5247"}],"wp:attachment":[{"href":"https:\/\/www.jurajski-fotoklub.pl\/index.php\/wp-json\/wp\/v2\/media?parent=4445"}],"wp:term":[{"taxonomy":"category","embeddable":true,"href":"https:\/\/www.jurajski-fotoklub.pl\/index.php\/wp-json\/wp\/v2\/categories?post=4445"},{"taxonomy":"post_tag","embeddable":true,"href":"https:\/\/www.jurajski-fotoklub.pl\/index.php\/wp-json\/wp\/v2\/tags?post=4445"}],"curies":[{"name":"wp","href":"https:\/\/api.w.org\/{rel}","templated":true}]}}