{"id":446,"date":"2013-02-19T16:14:01","date_gmt":"2013-02-19T16:14:01","guid":{"rendered":"http:\/\/www.jurajski-fotoklub.pl\/?p=446"},"modified":"2013-03-06T06:24:31","modified_gmt":"2013-03-06T06:24:31","slug":"446","status":"publish","type":"post","link":"https:\/\/www.jurajski-fotoklub.pl\/index.php\/446\/","title":{"rendered":""},"content":{"rendered":"<p><span style=\"color: #c0c0c0;\">Zapraszamy do pos\u0142uchania wywiad\u00f3w przeprowadzonych przez Radio Jura z nowymi cz\u0142onkami zarz\u0105du Jurajskiego Fotoklubu RP<\/span><\/p>\n<table border=\"0\">\n<tbody>\n<tr>\n<td style=\"text-align: center;\">Cz\u0119\u015b\u0107 I[audio:https:\/\/www.jurajski-fotoklub.pl\/wp-content\/uploads\/2013\/02\/fotoklub_mat1.mp3]<\/td>\n<td style=\"text-align: center;\">Cz\u0119\u015b\u0107 II[audio:https:\/\/www.jurajski-fotoklub.pl\/wp-content\/uploads\/2013\/02\/fotoklub_mat2.mp3]<\/td>\n<\/tr>\n<\/tbody>\n<\/table>\n","protected":false},"excerpt":{"rendered":"<p>Zapraszamy do pos\u0142uchania wywiad\u00f3w przeprowadzonych przez Radio Jura z nowymi cz\u0142onkami zarz\u0105du Jurajskiego Fotoklubu RP Cz\u0119\u015b\u0107 I[audio:https:\/\/www.jurajski-fotoklub.pl\/wp-content\/uploads\/2013\/02\/fotoklub_mat1.mp3] Cz\u0119\u015b\u0107 II[audio:https:\/\/www.jurajski-fotoklub.pl\/wp-content\/uploads\/2013\/02\/fotoklub_mat2.mp3]<\/p>\n","protected":false},"author":1,"featured_media":0,"comment_status":"closed","ping_status":"open","sticky":false,"template":"","format":"standard","meta":{"footnotes":""},"categories":[1],"tags":[],"class_list":["post-446","post","type-post","status-publish","format-standard","hentry","category-uncategorized"],"_links":{"self":[{"href":"https:\/\/www.jurajski-fotoklub.pl\/index.php\/wp-json\/wp\/v2\/posts\/446","targetHints":{"allow":["GET"]}}],"collection":[{"href":"https:\/\/www.jurajski-fotoklub.pl\/index.php\/wp-json\/wp\/v2\/posts"}],"about":[{"href":"https:\/\/www.jurajski-fotoklub.pl\/index.php\/wp-json\/wp\/v2\/types\/post"}],"author":[{"embeddable":true,"href":"https:\/\/www.jurajski-fotoklub.pl\/index.php\/wp-json\/wp\/v2\/users\/1"}],"replies":[{"embeddable":true,"href":"https:\/\/www.jurajski-fotoklub.pl\/index.php\/wp-json\/wp\/v2\/comments?post=446"}],"version-history":[{"count":26,"href":"https:\/\/www.jurajski-fotoklub.pl\/index.php\/wp-json\/wp\/v2\/posts\/446\/revisions"}],"predecessor-version":[{"id":451,"href":"https:\/\/www.jurajski-fotoklub.pl\/index.php\/wp-json\/wp\/v2\/posts\/446\/revisions\/451"}],"wp:attachment":[{"href":"https:\/\/www.jurajski-fotoklub.pl\/index.php\/wp-json\/wp\/v2\/media?parent=446"}],"wp:term":[{"taxonomy":"category","embeddable":true,"href":"https:\/\/www.jurajski-fotoklub.pl\/index.php\/wp-json\/wp\/v2\/categories?post=446"},{"taxonomy":"post_tag","embeddable":true,"href":"https:\/\/www.jurajski-fotoklub.pl\/index.php\/wp-json\/wp\/v2\/tags?post=446"}],"curies":[{"name":"wp","href":"https:\/\/api.w.org\/{rel}","templated":true}]}}