{"id":462,"date":"2013-02-19T16:31:48","date_gmt":"2013-02-19T16:31:48","guid":{"rendered":"http:\/\/www.jurajski-fotoklub.pl\/?p=462"},"modified":"2013-05-21T13:46:40","modified_gmt":"2013-05-21T13:46:40","slug":"fotograf-roku-2012-2","status":"publish","type":"post","link":"https:\/\/www.jurajski-fotoklub.pl\/index.php\/fotograf-roku-2012-2\/","title":{"rendered":"<center>Fotograf Roku 2012<\/center>"},"content":{"rendered":"<p style=\"text-align: center;\"><span style=\"color: #c0c0c0;\">W pi\u0105tek, 15 lutego o godz. 19:00 w siedzibie Gaude Mater, ul. D\u0105browskiego 1 w Cz\u0119stochowie, odby\u0142 si\u0119 wernisa\u017c prac z kolekcji: J\u00f3zefa Robakowskiego, Andrzeja R\u00f3\u017cyckiego, Piotra Szczeg\u0142owa, Ryszarda Karczmarskiego, Cezarego \u0141utowicza pt &#8222;Monid\u0142o &#8211; pr\u00f3ba rehabilitacji&#8221;<\/span><br \/>\n<span style=\"color: #c0c0c0;\">Przy okazji tego wernisa\u017cu nast\u0105pi\u0142o wr\u0119czenie nagr\u00f3d w naszym konkursie FOTOGRAF ROKU 2012.<\/span><\/p>\n<p style=\"text-align: center;\"><span style=\"color: #c0c0c0;\">Poni\u017cej zamieszczamy kilka zdj\u0119\u0107 z wernisa\u017cu i wr\u0119czenia nagr\u00f3d.<\/span><\/p>\n<p><center><br \/>\n<a href=\"https:\/\/www.jurajski-fotoklub.pl\/wp-content\/uploads\/2013\/02\/fotograf.mp4\">Kr\u00f3tki film z wr\u0119czenia nagr\u00f3d<\/a><\/center><center>[nggallery id=23]<\/center><\/p>\n","protected":false},"excerpt":{"rendered":"<p>W pi\u0105tek, 15 lutego o godz. 19:00 w siedzibie Gaude Mater, ul. D\u0105browskiego 1 w Cz\u0119stochowie, odby\u0142 si\u0119 wernisa\u017c prac z kolekcji: J\u00f3zefa Robakowskiego, Andrzeja R\u00f3\u017cyckiego, Piotra Szczeg\u0142owa, Ryszarda Karczmarskiego, Cezarego \u0141utowicza pt &#8222;Monid\u0142o &#8211; pr\u00f3ba rehabilitacji&#8221; Przy okazji tego wernisa\u017cu nast\u0105pi\u0142o wr\u0119czenie nagr\u00f3d w naszym konkursie FOTOGRAF ROKU 2012. Poni\u017cej zamieszczamy kilka zdj\u0119\u0107 z [&hellip;]<\/p>\n","protected":false},"author":1,"featured_media":0,"comment_status":"closed","ping_status":"open","sticky":false,"template":"","format":"standard","meta":{"footnotes":""},"categories":[1],"tags":[],"class_list":["post-462","post","type-post","status-publish","format-standard","hentry","category-uncategorized"],"_links":{"self":[{"href":"https:\/\/www.jurajski-fotoklub.pl\/index.php\/wp-json\/wp\/v2\/posts\/462","targetHints":{"allow":["GET"]}}],"collection":[{"href":"https:\/\/www.jurajski-fotoklub.pl\/index.php\/wp-json\/wp\/v2\/posts"}],"about":[{"href":"https:\/\/www.jurajski-fotoklub.pl\/index.php\/wp-json\/wp\/v2\/types\/post"}],"author":[{"embeddable":true,"href":"https:\/\/www.jurajski-fotoklub.pl\/index.php\/wp-json\/wp\/v2\/users\/1"}],"replies":[{"embeddable":true,"href":"https:\/\/www.jurajski-fotoklub.pl\/index.php\/wp-json\/wp\/v2\/comments?post=462"}],"version-history":[{"count":33,"href":"https:\/\/www.jurajski-fotoklub.pl\/index.php\/wp-json\/wp\/v2\/posts\/462\/revisions"}],"predecessor-version":[{"id":468,"href":"https:\/\/www.jurajski-fotoklub.pl\/index.php\/wp-json\/wp\/v2\/posts\/462\/revisions\/468"}],"wp:attachment":[{"href":"https:\/\/www.jurajski-fotoklub.pl\/index.php\/wp-json\/wp\/v2\/media?parent=462"}],"wp:term":[{"taxonomy":"category","embeddable":true,"href":"https:\/\/www.jurajski-fotoklub.pl\/index.php\/wp-json\/wp\/v2\/categories?post=462"},{"taxonomy":"post_tag","embeddable":true,"href":"https:\/\/www.jurajski-fotoklub.pl\/index.php\/wp-json\/wp\/v2\/tags?post=462"}],"curies":[{"name":"wp","href":"https:\/\/api.w.org\/{rel}","templated":true}]}}