{"id":4650,"date":"2021-06-09T11:18:15","date_gmt":"2021-06-09T09:18:15","guid":{"rendered":"http:\/\/www.jurajski-fotoklub.pl\/?p=4650"},"modified":"2025-01-10T18:35:11","modified_gmt":"2025-01-10T17:35:11","slug":"konkurs-miesiaca-kwiecien-moja-pasja","status":"publish","type":"post","link":"https:\/\/www.jurajski-fotoklub.pl\/index.php\/konkurs-miesiaca-kwiecien-moja-pasja\/","title":{"rendered":"Konkurs miesi\u0105ca Kwiecie\u0144 &#8211; &#8222;Moja Pasja&#8221; 2021"},"content":{"rendered":"<h1>Konkurs miesi\u0105ca Kwiecie\u0144 2021 &#8211; &#8222;Moja Pasja&#8221;&#8221;<\/h1>\n<p class=\"western\"><span style=\"font-size: large;\">I miejsce zaj\u0119\u0142a: Marzena Kopyciak, otrzymuj\u0105c za nagrodzone zdj\u0119cia 15 pkt.<\/span><\/p>\n<p class=\"western\"><span style=\"font-size: large;\">II miejsce zaj\u0105\u0142 Pawe\u0142 Klekowski, otrzymuj\u0105c za nagrodzone zdj\u0119cia 14 pkt.<\/span><\/p>\n<p class=\"western\"><span style=\"font-size: large;\">III miejsce zaj\u0119\u0142a Ewa Powro\u017anik, otrzymuj\u0105c za nagrodzone zdj\u0119cia 10 pkt.<\/span><\/p>\n<p>Premi\u0119 w wysoko\u015bci 5 pkt du\u017cych, za najwi\u0119ksz\u0105 ilo\u015b\u0107 punkt\u00f3w dla pojedynczego zdj\u0119cia, otrzymuje Marzena Kopyciak<\/p>\n<p><span style=\"text-decoration: underline;\">Punktacja do rankingu rocznego, zgodnie z tabel\u0105 w Regulaminie:<\/span><br \/>\n(w nawiasie ma\u0142e punkty &#8211; g\u0142osy za wszystkie zg\u0142oszone zdj\u0119cia)<\/p>\n<p>Marzena Kopyciak &#8211; 27 5=32 pkt (15 p)<br \/>\nPawe\u0142 Klekowski &#8211; 24 pkt (14 p)<br \/>\nEwa Powro\u017anik &#8211; 21 pkt (10 p)<\/p>\n<style>.ra { text-align: right; }<br \/><\/style>\n<table style=\"margin: auto; width: 400px;\">\n<tbody>\n<tr>\n<td>1. Marzena Kopyciak<\/td>\n<td class=\"ra\">112 pkt<\/td>\n<td class=\"ra\">(48p)<\/td>\n<\/tr>\n<tr>\n<td>2. Ewa Powro\u017anik<\/td>\n<td class=\"ra\">101 pkt<\/td>\n<td class=\"ra\">(47p)<\/td>\n<\/tr>\n<tr>\n<td>3. Dorota Pliszka<\/td>\n<td class=\"ra\">48 pkt<\/td>\n<td class=\"ra\">(20p)<\/td>\n<\/tr>\n<tr>\n<td>4. Kajetan Walachniewicz<\/td>\n<td class=\"ra\">32 pkt<\/td>\n<td class=\"ra\">(11p)<\/td>\n<\/tr>\n<tr>\n<td>5. Paulina Lasek<\/td>\n<td class=\"ra\">24 pkt<\/td>\n<td class=\"ra\">(8p)<\/td>\n<\/tr>\n<tr>\n<td>5. Pawe\u0142 Klekowski<\/td>\n<td class=\"ra\">24 pkt<\/td>\n<td class=\"ra\">(14p)<\/td>\n<\/tr>\n<\/tbody>\n<\/table>\n<p>\n\t\t<style type=\"text\/css\">\n\t\t\t#gallery-1 {\n\t\t\t\tmargin: auto;\n\t\t\t}\n\t\t\t#gallery-1 .gallery-item {\n\t\t\t\tfloat: left;\n\t\t\t\tmargin-top: 10px;\n\t\t\t\ttext-align: center;\n\t\t\t\twidth: 33%;\n\t\t\t}\n\t\t\t#gallery-1 img {\n\t\t\t\tborder: 2px solid #cfcfcf;\n\t\t\t}\n\t\t\t#gallery-1 .gallery-caption {\n\t\t\t\tmargin-left: 0;\n\t\t\t}\n\t\t\t\/* see gallery_shortcode() in wp-includes\/media.php *\/\n\t\t<\/style>\n\t\t<div id='gallery-1' class='gallery galleryid-4650 gallery-columns-3 gallery-size-thumbnail'><dl class='gallery-item'>\n\t\t\t<dt class='gallery-icon landscape'>\n\t\t\t\t<a href='https:\/\/www.jurajski-fotoklub.pl\/index.php\/konkurs-miesiaca-kwiecien-moja-pasja\/1mk-mp1\/'><img loading=\"lazy\" decoding=\"async\" width=\"200\" height=\"150\" src=\"https:\/\/www.jurajski-fotoklub.pl\/wp-content\/uploads\/2021\/06\/1MK-MP1-200x150.png\" class=\"attachment-thumbnail size-thumbnail\" alt=\"\" aria-describedby=\"gallery-1-4652\" \/><\/a>\n\t\t\t<\/dt>\n\t\t\t\t<dd class='wp-caption-text gallery-caption' id='gallery-1-4652'>\n\t\t\t\tMarzena Kopyciak\n\t\t\t\t<\/dd><\/dl><dl class='gallery-item'>\n\t\t\t<dt class='gallery-icon landscape'>\n\t\t\t\t<a href='https:\/\/www.jurajski-fotoklub.pl\/index.php\/konkurs-miesiaca-kwiecien-moja-pasja\/1mk-mp2\/'><img loading=\"lazy\" decoding=\"async\" width=\"200\" height=\"150\" src=\"https:\/\/www.jurajski-fotoklub.pl\/wp-content\/uploads\/2021\/06\/1MK-MP2-200x150.png\" class=\"attachment-thumbnail size-thumbnail\" alt=\"\" aria-describedby=\"gallery-1-4653\" \/><\/a>\n\t\t\t<\/dt>\n\t\t\t\t<dd class='wp-caption-text gallery-caption' id='gallery-1-4653'>\n\t\t\t\tMarzena Kopyciak\n\t\t\t\t<\/dd><\/dl><dl class='gallery-item'>\n\t\t\t<dt class='gallery-icon landscape'>\n\t\t\t\t<a href='https:\/\/www.jurajski-fotoklub.pl\/index.php\/konkurs-miesiaca-kwiecien-moja-pasja\/1mk-mp3\/'><img loading=\"lazy\" decoding=\"async\" width=\"200\" height=\"150\" src=\"https:\/\/www.jurajski-fotoklub.pl\/wp-content\/uploads\/2021\/06\/1MK-MP3-200x150.png\" class=\"attachment-thumbnail size-thumbnail\" alt=\"\" aria-describedby=\"gallery-1-4654\" \/><\/a>\n\t\t\t<\/dt>\n\t\t\t\t<dd class='wp-caption-text gallery-caption' id='gallery-1-4654'>\n\t\t\t\tMarzena Kopyciak\n\t\t\t\t<\/dd><\/dl><br style=\"clear: both\" \/><dl class='gallery-item'>\n\t\t\t<dt class='gallery-icon landscape'>\n\t\t\t\t<a href='https:\/\/www.jurajski-fotoklub.pl\/index.php\/konkurs-miesiaca-kwiecien-moja-pasja\/2pk-mp1\/'><img loading=\"lazy\" decoding=\"async\" width=\"200\" height=\"150\" src=\"https:\/\/www.jurajski-fotoklub.pl\/wp-content\/uploads\/2021\/06\/2PK-MP1-200x150.jpg\" class=\"attachment-thumbnail size-thumbnail\" alt=\"\" aria-describedby=\"gallery-1-4655\" srcset=\"https:\/\/www.jurajski-fotoklub.pl\/wp-content\/uploads\/2021\/06\/2PK-MP1-200x150.jpg 200w, https:\/\/www.jurajski-fotoklub.pl\/wp-content\/uploads\/2021\/06\/2PK-MP1-300x226.jpg 300w, https:\/\/www.jurajski-fotoklub.pl\/wp-content\/uploads\/2021\/06\/2PK-MP1-768x580.jpg 768w, https:\/\/www.jurajski-fotoklub.pl\/wp-content\/uploads\/2021\/06\/2PK-MP1-1024x773.jpg 1024w\" sizes=\"auto, (max-width: 200px) 100vw, 200px\" \/><\/a>\n\t\t\t<\/dt>\n\t\t\t\t<dd class='wp-caption-text gallery-caption' id='gallery-1-4655'>\n\t\t\t\tPawe\u0142 Klekowski\n\t\t\t\t<\/dd><\/dl><dl class='gallery-item'>\n\t\t\t<dt class='gallery-icon landscape'>\n\t\t\t\t<a href='https:\/\/www.jurajski-fotoklub.pl\/index.php\/konkurs-miesiaca-kwiecien-moja-pasja\/2pk-mp2\/'><img loading=\"lazy\" decoding=\"async\" width=\"200\" height=\"150\" src=\"https:\/\/www.jurajski-fotoklub.pl\/wp-content\/uploads\/2021\/06\/2PK-MP2-200x150.jpg\" class=\"attachment-thumbnail size-thumbnail\" alt=\"\" aria-describedby=\"gallery-1-4656\" \/><\/a>\n\t\t\t<\/dt>\n\t\t\t\t<dd class='wp-caption-text gallery-caption' id='gallery-1-4656'>\n\t\t\t\tPawe\u0142 Klekowski\n\t\t\t\t<\/dd><\/dl><dl class='gallery-item'>\n\t\t\t<dt class='gallery-icon landscape'>\n\t\t\t\t<a href='https:\/\/www.jurajski-fotoklub.pl\/index.php\/konkurs-miesiaca-kwiecien-moja-pasja\/2pk-mp3\/'><img loading=\"lazy\" decoding=\"async\" width=\"200\" height=\"150\" src=\"https:\/\/www.jurajski-fotoklub.pl\/wp-content\/uploads\/2021\/06\/2PK-MP3-200x150.jpg\" class=\"attachment-thumbnail size-thumbnail\" alt=\"\" aria-describedby=\"gallery-1-4657\" \/><\/a>\n\t\t\t<\/dt>\n\t\t\t\t<dd class='wp-caption-text gallery-caption' id='gallery-1-4657'>\n\t\t\t\tPawe\u0142 Klekowski\n\t\t\t\t<\/dd><\/dl><br style=\"clear: both\" \/><dl class='gallery-item'>\n\t\t\t<dt class='gallery-icon landscape'>\n\t\t\t\t<a href='https:\/\/www.jurajski-fotoklub.pl\/index.php\/konkurs-miesiaca-kwiecien-moja-pasja\/ewa-moja-pasja\/'><img loading=\"lazy\" decoding=\"async\" width=\"200\" height=\"150\" src=\"https:\/\/www.jurajski-fotoklub.pl\/wp-content\/uploads\/2021\/06\/Ewa-Moja-Pasja-200x150.jpg\" class=\"attachment-thumbnail size-thumbnail\" alt=\"\" aria-describedby=\"gallery-1-4658\" srcset=\"https:\/\/www.jurajski-fotoklub.pl\/wp-content\/uploads\/2021\/06\/Ewa-Moja-Pasja-200x150.jpg 200w, https:\/\/www.jurajski-fotoklub.pl\/wp-content\/uploads\/2021\/06\/Ewa-Moja-Pasja-300x225.jpg 300w, https:\/\/www.jurajski-fotoklub.pl\/wp-content\/uploads\/2021\/06\/Ewa-Moja-Pasja-768x576.jpg 768w, https:\/\/www.jurajski-fotoklub.pl\/wp-content\/uploads\/2021\/06\/Ewa-Moja-Pasja-1024x768.jpg 1024w\" sizes=\"auto, (max-width: 200px) 100vw, 200px\" \/><\/a>\n\t\t\t<\/dt>\n\t\t\t\t<dd class='wp-caption-text gallery-caption' id='gallery-1-4658'>\n\t\t\t\tEwa Powro\u017anik\n\t\t\t\t<\/dd><\/dl><dl class='gallery-item'>\n\t\t\t<dt class='gallery-icon portrait'>\n\t\t\t\t<a href='https:\/\/www.jurajski-fotoklub.pl\/index.php\/konkurs-miesiaca-kwiecien-moja-pasja\/ewa-moja-pasja2\/'><img loading=\"lazy\" decoding=\"async\" width=\"200\" height=\"150\" src=\"https:\/\/www.jurajski-fotoklub.pl\/wp-content\/uploads\/2021\/06\/Ewa-Moja-pasja2-200x150.jpg\" class=\"attachment-thumbnail size-thumbnail\" alt=\"\" aria-describedby=\"gallery-1-4659\" \/><\/a>\n\t\t\t<\/dt>\n\t\t\t\t<dd class='wp-caption-text gallery-caption' id='gallery-1-4659'>\n\t\t\t\tEwa Powro\u017anik\n\t\t\t\t<\/dd><\/dl>\n\t\t\t<br style='clear: both' \/>\n\t\t<\/div>\n&#8222;]<\/p>\n<p class=\"western\"><span style=\"font-size: large;\">Temat konkursu majowego: &#8222;B\u0142\u0119kitny&#8221;<\/span><\/p>\n","protected":false},"excerpt":{"rendered":"<p>Konkurs miesi\u0105ca Kwiecie\u0144 2021 &#8211; &#8222;Moja Pasja&#8221;&#8221; I miejsce zaj\u0119\u0142a: Marzena Kopyciak, otrzymuj\u0105c za nagrodzone zdj\u0119cia 15 pkt. II miejsce zaj\u0105\u0142 Pawe\u0142 Klekowski, otrzymuj\u0105c za nagrodzone zdj\u0119cia 14 pkt. III miejsce zaj\u0119\u0142a Ewa Powro\u017anik, otrzymuj\u0105c za nagrodzone zdj\u0119cia 10 pkt. Premi\u0119 w wysoko\u015bci 5 pkt du\u017cych, za najwi\u0119ksz\u0105 ilo\u015b\u0107 punkt\u00f3w dla pojedynczego zdj\u0119cia, otrzymuje Marzena [&hellip;]<\/p>\n","protected":false},"author":13,"featured_media":0,"comment_status":"open","ping_status":"open","sticky":false,"template":"","format":"standard","meta":{"footnotes":""},"categories":[25],"tags":[],"class_list":["post-4650","post","type-post","status-publish","format-standard","hentry","category-konkurs"],"_links":{"self":[{"href":"https:\/\/www.jurajski-fotoklub.pl\/index.php\/wp-json\/wp\/v2\/posts\/4650","targetHints":{"allow":["GET"]}}],"collection":[{"href":"https:\/\/www.jurajski-fotoklub.pl\/index.php\/wp-json\/wp\/v2\/posts"}],"about":[{"href":"https:\/\/www.jurajski-fotoklub.pl\/index.php\/wp-json\/wp\/v2\/types\/post"}],"author":[{"embeddable":true,"href":"https:\/\/www.jurajski-fotoklub.pl\/index.php\/wp-json\/wp\/v2\/users\/13"}],"replies":[{"embeddable":true,"href":"https:\/\/www.jurajski-fotoklub.pl\/index.php\/wp-json\/wp\/v2\/comments?post=4650"}],"version-history":[{"count":6,"href":"https:\/\/www.jurajski-fotoklub.pl\/index.php\/wp-json\/wp\/v2\/posts\/4650\/revisions"}],"predecessor-version":[{"id":5253,"href":"https:\/\/www.jurajski-fotoklub.pl\/index.php\/wp-json\/wp\/v2\/posts\/4650\/revisions\/5253"}],"wp:attachment":[{"href":"https:\/\/www.jurajski-fotoklub.pl\/index.php\/wp-json\/wp\/v2\/media?parent=4650"}],"wp:term":[{"taxonomy":"category","embeddable":true,"href":"https:\/\/www.jurajski-fotoklub.pl\/index.php\/wp-json\/wp\/v2\/categories?post=4650"},{"taxonomy":"post_tag","embeddable":true,"href":"https:\/\/www.jurajski-fotoklub.pl\/index.php\/wp-json\/wp\/v2\/tags?post=4650"}],"curies":[{"name":"wp","href":"https:\/\/api.w.org\/{rel}","templated":true}]}}