{"id":4692,"date":"2021-10-12T10:32:44","date_gmt":"2021-10-12T08:32:44","guid":{"rendered":"http:\/\/www.jurajski-fotoklub.pl\/?p=4692"},"modified":"2025-01-10T18:35:46","modified_gmt":"2025-01-10T17:35:46","slug":"konkurs-miesiaca-wrzesien-2","status":"publish","type":"post","link":"https:\/\/www.jurajski-fotoklub.pl\/index.php\/konkurs-miesiaca-wrzesien-2\/","title":{"rendered":"Konkurs miesi\u0105ca Wrzesie\u0144 2021"},"content":{"rendered":"<h1>Konkurs miesi\u0105ca Wrzesie\u0144 2021 &#8211; &#8222;Portret aran\u017cowany&#8221;&#8221;<\/h1>\n<p class=\"western\"><span style=\"font-size: large;\">I miejsce zaj\u0119\u0142a Dorota Pliszka, otrzymuj\u0105c za nagrodzone zdj\u0119cie 13 pkt.<\/span><\/p>\n<p class=\"western\"><span style=\"font-size: large;\">II miejsce ex aequo zaj\u0119li: Ewa Powro\u017anik, Jaros\u0142aw Duma\u0144ski i Kajetan Walachniewicz, otrzymuj\u0105c za nagrodzone zdj\u0119cia po 10 pkt.<\/span><\/p>\n<p>Premi\u0119 w wysoko\u015bci 5 pkt du\u017cych, za najwi\u0119ksz\u0105 ilo\u015b\u0107 punkt\u00f3w dla pojedynczego zdj\u0119cia, otrzymuje Dorota Pliszka<\/p>\n<p><span style=\"text-decoration: underline;\">Punktacja do rankingu rocznego, zgodnie z tabel\u0105 w Regulaminie:<\/span><br \/>\n(w nawiasie ma\u0142e punkty &#8211; g\u0142osy za wszystkie zg\u0142oszone zdj\u0119cia)<\/p>\n<p>Kajetan Walachniewicz &#8211; 24 pkt (10 p)<br \/>\nDorota Pliszka &#8211; 27+5=32 (13 pkt)<br \/>\nEwa Powro\u017anik &#8211; 24 pkt (10 p)<br \/>\nJaros\u0142aw Duma\u0144ski &#8211; 24 pkt (10 p)<\/p>\n<style>.ra { text-align: right; }<br \/><\/style>\n<table style=\"margin: auto; width: 400px;\">\n<tbody>\n<tr>\n<td>1. Ewa Powro\u017anik<\/td>\n<td class=\"ra\">176 pkt<\/td>\n<td class=\"ra\">(83p)<\/td>\n<\/tr>\n<tr>\n<td>2. Marzena Kopyciak<\/td>\n<td class=\"ra\">157 pkt<\/td>\n<td class=\"ra\">(67p)<\/td>\n<\/tr>\n<tr>\n<td>3. Pawe\u0142 Klekowski<\/td>\n<td class=\"ra\">82 pkt<\/td>\n<td class=\"ra\">(35p)<\/td>\n<\/tr>\n<tr>\n<td>4. Dorota Pliszka<\/td>\n<td class=\"ra\">80 pkt<\/td>\n<td class=\"ra\">(32p)<\/td>\n<\/tr>\n<tr>\n<td>5. Kajetan Walachniewicz<\/td>\n<td class=\"ra\">56 pkt<\/td>\n<td class=\"ra\">(21p)<\/td>\n<\/tr>\n<tr>\n<td>5. Jaros\u0142aw Duma\u0144ski<\/td>\n<td class=\"ra\">24 pkt<\/td>\n<td class=\"ra\">(10p)<\/td>\n<\/tr>\n<tr>\n<td>6. Paulina Lasek<\/td>\n<td class=\"ra\">24 pkt<\/td>\n<td class=\"ra\">(8p)<\/td>\n<\/tr>\n<\/tbody>\n<\/table>\n\n\t\t<style type=\"text\/css\">\n\t\t\t#gallery-1 {\n\t\t\t\tmargin: auto;\n\t\t\t}\n\t\t\t#gallery-1 .gallery-item {\n\t\t\t\tfloat: left;\n\t\t\t\tmargin-top: 10px;\n\t\t\t\ttext-align: center;\n\t\t\t\twidth: 33%;\n\t\t\t}\n\t\t\t#gallery-1 img {\n\t\t\t\tborder: 2px solid #cfcfcf;\n\t\t\t}\n\t\t\t#gallery-1 .gallery-caption {\n\t\t\t\tmargin-left: 0;\n\t\t\t}\n\t\t\t\/* see gallery_shortcode() in wp-includes\/media.php *\/\n\t\t<\/style>\n\t\t<div id='gallery-1' class='gallery galleryid-4692 gallery-columns-3 gallery-size-thumbnail'><dl class='gallery-item'>\n\t\t\t<dt class='gallery-icon portrait'>\n\t\t\t\t<a href='https:\/\/www.jurajski-fotoklub.pl\/index.php\/konkurs-miesiaca-pazdziernik-2\/ep-fot-pik\/'><img loading=\"lazy\" decoding=\"async\" width=\"200\" height=\"150\" src=\"https:\/\/www.jurajski-fotoklub.pl\/wp-content\/uploads\/2021\/10\/EP-Fot-Pik-200x150.jpeg\" class=\"attachment-thumbnail size-thumbnail\" alt=\"\" aria-describedby=\"gallery-1-4701\" \/><\/a>\n\t\t\t<\/dt>\n\t\t\t\t<dd class='wp-caption-text gallery-caption' id='gallery-1-4701'>\n\t\t\t\tEwa Powro\u017anik\n\t\t\t\t<\/dd><\/dl><dl class='gallery-item'>\n\t\t\t<dt class='gallery-icon landscape'>\n\t\t\t\t<a href='https:\/\/www.jurajski-fotoklub.pl\/index.php\/konkurs-miesiaca-wrzesien-2\/kajetan-por\/'><img loading=\"lazy\" decoding=\"async\" width=\"200\" height=\"150\" src=\"https:\/\/www.jurajski-fotoklub.pl\/wp-content\/uploads\/2021\/10\/Kajetan-por-200x150.jpg\" class=\"attachment-thumbnail size-thumbnail\" alt=\"\" aria-describedby=\"gallery-1-4696\" \/><\/a>\n\t\t\t<\/dt>\n\t\t\t\t<dd class='wp-caption-text gallery-caption' id='gallery-1-4696'>\n\t\t\t\tKajetan Walachniewicz\n\t\t\t\t<\/dd><\/dl><dl class='gallery-item'>\n\t\t\t<dt class='gallery-icon landscape'>\n\t\t\t\t<a href='https:\/\/www.jurajski-fotoklub.pl\/index.php\/konkurs-miesiaca-wrzesien-2\/jd-por-ar2\/'><img loading=\"lazy\" decoding=\"async\" width=\"200\" height=\"150\" src=\"https:\/\/www.jurajski-fotoklub.pl\/wp-content\/uploads\/2021\/10\/JD-por-ar2-200x150.jpg\" class=\"attachment-thumbnail size-thumbnail\" alt=\"\" aria-describedby=\"gallery-1-4695\" \/><\/a>\n\t\t\t<\/dt>\n\t\t\t\t<dd class='wp-caption-text gallery-caption' id='gallery-1-4695'>\n\t\t\t\tJaros\u0142aw Duma\u0144ski\n\t\t\t\t<\/dd><\/dl><br style=\"clear: both\" \/><dl class='gallery-item'>\n\t\t\t<dt class='gallery-icon portrait'>\n\t\t\t\t<a href='https:\/\/www.jurajski-fotoklub.pl\/index.php\/konkurs-miesiaca-wrzesien-2\/jd-por-ar\/'><img loading=\"lazy\" decoding=\"async\" width=\"200\" height=\"150\" src=\"https:\/\/www.jurajski-fotoklub.pl\/wp-content\/uploads\/2021\/10\/JD-por-ar-200x150.jpg\" class=\"attachment-thumbnail size-thumbnail\" alt=\"\" aria-describedby=\"gallery-1-4694\" \/><\/a>\n\t\t\t<\/dt>\n\t\t\t\t<dd class='wp-caption-text gallery-caption' id='gallery-1-4694'>\n\t\t\t\tJaros\u0142aw Duma\u0144ski\n\t\t\t\t<\/dd><\/dl>\n\t\t\t<br style='clear: both' \/>\n\t\t<\/div>\n\n<p class=\"western\"><span style=\"font-size: large;\">Temat konkursu pa\u017adziernikowego: &#8222;Fotografia piktorialna&#8221;<\/span><\/p>\n","protected":false},"excerpt":{"rendered":"<p>Konkurs miesi\u0105ca Wrzesie\u0144 2021 &#8211; &#8222;Portret aran\u017cowany&#8221;&#8221; I miejsce zaj\u0119\u0142a Dorota Pliszka, otrzymuj\u0105c za nagrodzone zdj\u0119cie 13 pkt. II miejsce ex aequo zaj\u0119li: Ewa Powro\u017anik, Jaros\u0142aw Duma\u0144ski i Kajetan Walachniewicz, otrzymuj\u0105c za nagrodzone zdj\u0119cia po 10 pkt. Premi\u0119 w wysoko\u015bci 5 pkt du\u017cych, za najwi\u0119ksz\u0105 ilo\u015b\u0107 punkt\u00f3w dla pojedynczego zdj\u0119cia, otrzymuje Dorota Pliszka Punktacja do [&hellip;]<\/p>\n","protected":false},"author":13,"featured_media":0,"comment_status":"open","ping_status":"open","sticky":false,"template":"","format":"standard","meta":{"footnotes":""},"categories":[25],"tags":[],"class_list":["post-4692","post","type-post","status-publish","format-standard","hentry","category-konkurs"],"_links":{"self":[{"href":"https:\/\/www.jurajski-fotoklub.pl\/index.php\/wp-json\/wp\/v2\/posts\/4692","targetHints":{"allow":["GET"]}}],"collection":[{"href":"https:\/\/www.jurajski-fotoklub.pl\/index.php\/wp-json\/wp\/v2\/posts"}],"about":[{"href":"https:\/\/www.jurajski-fotoklub.pl\/index.php\/wp-json\/wp\/v2\/types\/post"}],"author":[{"embeddable":true,"href":"https:\/\/www.jurajski-fotoklub.pl\/index.php\/wp-json\/wp\/v2\/users\/13"}],"replies":[{"embeddable":true,"href":"https:\/\/www.jurajski-fotoklub.pl\/index.php\/wp-json\/wp\/v2\/comments?post=4692"}],"version-history":[{"count":6,"href":"https:\/\/www.jurajski-fotoklub.pl\/index.php\/wp-json\/wp\/v2\/posts\/4692\/revisions"}],"predecessor-version":[{"id":5256,"href":"https:\/\/www.jurajski-fotoklub.pl\/index.php\/wp-json\/wp\/v2\/posts\/4692\/revisions\/5256"}],"wp:attachment":[{"href":"https:\/\/www.jurajski-fotoklub.pl\/index.php\/wp-json\/wp\/v2\/media?parent=4692"}],"wp:term":[{"taxonomy":"category","embeddable":true,"href":"https:\/\/www.jurajski-fotoklub.pl\/index.php\/wp-json\/wp\/v2\/categories?post=4692"},{"taxonomy":"post_tag","embeddable":true,"href":"https:\/\/www.jurajski-fotoklub.pl\/index.php\/wp-json\/wp\/v2\/tags?post=4692"}],"curies":[{"name":"wp","href":"https:\/\/api.w.org\/{rel}","templated":true}]}}