{"id":4723,"date":"2021-12-09T16:47:12","date_gmt":"2021-12-09T15:47:12","guid":{"rendered":"http:\/\/www.jurajski-fotoklub.pl\/?p=4723"},"modified":"2025-01-10T18:36:06","modified_gmt":"2025-01-10T17:36:06","slug":"konkurs-miesiaca-grudzien-2","status":"publish","type":"post","link":"https:\/\/www.jurajski-fotoklub.pl\/index.php\/konkurs-miesiaca-grudzien-2\/","title":{"rendered":"Konkurs miesi\u0105ca Grudzie\u0144 2021"},"content":{"rendered":"<h1>Konkurs miesi\u0105ca Grudzie\u0144 2021 &#8211; &#8222;Tajemniczy go\u015b\u0107&#8221;&#8221;<\/h1>\n<p class=\"western\"><span style=\"font-size: large;\">I miejsce zaj\u0119\u0142a Ewa Powro\u017anik, otrzymuj\u0105c za nagrodzone zdj\u0119cie 11 pkt.<\/span><\/p>\n<p>Premi\u0119 w wysoko\u015bci 5 pkt du\u017cych, za najwi\u0119ksz\u0105 ilo\u015b\u0107 punkt\u00f3w dla pojedynczego zdj\u0119cia, otrzymuje Ewa Powro\u017anik<\/p>\n<p><span style=\"text-decoration: underline;\">Punktacja do rankingu rocznego, zgodnie z tabel\u0105 w Regulaminie:<\/span><br \/>\n(w nawiasie ma\u0142e punkty &#8211; g\u0142osy za wszystkie zg\u0142oszone zdj\u0119cia)<\/p>\n<p>Ewa Powro\u017anik  &#8211; 27+5=32 pkt (11 p)<\/p>\n<style>.ra { text-align: right; }<br \/><\/style>\n<table style=\"margin: auto; width: 400px;\">\n<tbody>\n<tr>\n<td>1. Ewa Powro\u017anik<\/td>\n<td class=\"ra\">264 pkt<\/td>\n<td class=\"ra\">(122p)<\/td>\n<\/tr>\n<tr>\n<td>2. Marzena Kopyciak<\/td>\n<td class=\"ra\">157 pkt<\/td>\n<td class=\"ra\">(67p)<\/td>\n<\/tr>\n<tr>\n<td>3. Dorota Pliszka<\/td>\n<td class=\"ra\">122 pkt<\/td>\n<td class=\"ra\">(43p)<\/td>\n<\/tr>\n<tr>\n<td>4. Kajetan Walachniewicz<\/td>\n<td class=\"ra\">88 pkt<\/td>\n<td class=\"ra\">(37p)<\/td>\n<\/tr>\n<tr>\n<td>5. Pawe\u0142 Klekowski<\/td>\n<td class=\"ra\">82 pkt<\/td>\n<td class=\"ra\">(35p)<\/td>\n<\/tr>\n<tr>\n<td>6. Jaros\u0142aw Duma\u0144ski<\/td>\n<td class=\"ra\">45 pkt<\/td>\n<td class=\"ra\">(20p)<\/td>\n<\/tr>\n<tr>\n<td>7. Paulina Lasek<\/td>\n<td class=\"ra\">24 pkt<\/td>\n<td class=\"ra\">(8p)<\/td>\n<\/tr>\n<\/tbody>\n<\/table>\n\n\t\t<style type=\"text\/css\">\n\t\t\t#gallery-1 {\n\t\t\t\tmargin: auto;\n\t\t\t}\n\t\t\t#gallery-1 .gallery-item {\n\t\t\t\tfloat: left;\n\t\t\t\tmargin-top: 10px;\n\t\t\t\ttext-align: center;\n\t\t\t\twidth: 33%;\n\t\t\t}\n\t\t\t#gallery-1 img {\n\t\t\t\tborder: 2px solid #cfcfcf;\n\t\t\t}\n\t\t\t#gallery-1 .gallery-caption {\n\t\t\t\tmargin-left: 0;\n\t\t\t}\n\t\t\t\/* see gallery_shortcode() in wp-includes\/media.php *\/\n\t\t<\/style>\n\t\t<div id='gallery-1' class='gallery galleryid-4723 gallery-columns-3 gallery-size-thumbnail'><dl class='gallery-item'>\n\t\t\t<dt class='gallery-icon portrait'>\n\t\t\t\t<a href='https:\/\/www.jurajski-fotoklub.pl\/index.php\/konkurs-miesiaca-grudzien-2\/ewa-tajemniczy-gosc\/'><img loading=\"lazy\" decoding=\"async\" width=\"200\" height=\"150\" src=\"https:\/\/www.jurajski-fotoklub.pl\/wp-content\/uploads\/2021\/12\/Ewa-Tajemniczy-go\u015b\u0107-200x150.jpg\" class=\"attachment-thumbnail size-thumbnail\" alt=\"\" aria-describedby=\"gallery-1-4724\" \/><\/a>\n\t\t\t<\/dt>\n\t\t\t\t<dd class='wp-caption-text gallery-caption' id='gallery-1-4724'>\n\t\t\t\tEwa Powro\u017anik\n\t\t\t\t<\/dd><\/dl>\n\t\t\t<br style='clear: both' \/>\n\t\t<\/div>\n\n<p class=\"western\"><span style=\"font-size: large;\">Temat konkursu styczniowego 2022: &#8222;Ruch&#8221;<\/span><\/p>\n","protected":false},"excerpt":{"rendered":"<p>Konkurs miesi\u0105ca Grudzie\u0144 2021 &#8211; &#8222;Tajemniczy go\u015b\u0107&#8221;&#8221; I miejsce zaj\u0119\u0142a Ewa Powro\u017anik, otrzymuj\u0105c za nagrodzone zdj\u0119cie 11 pkt. Premi\u0119 w wysoko\u015bci 5 pkt du\u017cych, za najwi\u0119ksz\u0105 ilo\u015b\u0107 punkt\u00f3w dla pojedynczego zdj\u0119cia, otrzymuje Ewa Powro\u017anik Punktacja do rankingu rocznego, zgodnie z tabel\u0105 w Regulaminie: (w nawiasie ma\u0142e punkty &#8211; g\u0142osy za wszystkie zg\u0142oszone zdj\u0119cia) Ewa Powro\u017anik [&hellip;]<\/p>\n","protected":false},"author":13,"featured_media":0,"comment_status":"open","ping_status":"open","sticky":false,"template":"","format":"standard","meta":{"footnotes":""},"categories":[25],"tags":[],"class_list":["post-4723","post","type-post","status-publish","format-standard","hentry","category-konkurs"],"_links":{"self":[{"href":"https:\/\/www.jurajski-fotoklub.pl\/index.php\/wp-json\/wp\/v2\/posts\/4723","targetHints":{"allow":["GET"]}}],"collection":[{"href":"https:\/\/www.jurajski-fotoklub.pl\/index.php\/wp-json\/wp\/v2\/posts"}],"about":[{"href":"https:\/\/www.jurajski-fotoklub.pl\/index.php\/wp-json\/wp\/v2\/types\/post"}],"author":[{"embeddable":true,"href":"https:\/\/www.jurajski-fotoklub.pl\/index.php\/wp-json\/wp\/v2\/users\/13"}],"replies":[{"embeddable":true,"href":"https:\/\/www.jurajski-fotoklub.pl\/index.php\/wp-json\/wp\/v2\/comments?post=4723"}],"version-history":[{"count":7,"href":"https:\/\/www.jurajski-fotoklub.pl\/index.php\/wp-json\/wp\/v2\/posts\/4723\/revisions"}],"predecessor-version":[{"id":5259,"href":"https:\/\/www.jurajski-fotoklub.pl\/index.php\/wp-json\/wp\/v2\/posts\/4723\/revisions\/5259"}],"wp:attachment":[{"href":"https:\/\/www.jurajski-fotoklub.pl\/index.php\/wp-json\/wp\/v2\/media?parent=4723"}],"wp:term":[{"taxonomy":"category","embeddable":true,"href":"https:\/\/www.jurajski-fotoklub.pl\/index.php\/wp-json\/wp\/v2\/categories?post=4723"},{"taxonomy":"post_tag","embeddable":true,"href":"https:\/\/www.jurajski-fotoklub.pl\/index.php\/wp-json\/wp\/v2\/tags?post=4723"}],"curies":[{"name":"wp","href":"https:\/\/api.w.org\/{rel}","templated":true}]}}