{"id":4729,"date":"2021-12-09T16:53:09","date_gmt":"2021-12-09T15:53:09","guid":{"rendered":"http:\/\/www.jurajski-fotoklub.pl\/?p=4729"},"modified":"2023-05-09T19:25:16","modified_gmt":"2023-05-09T17:25:16","slug":"tematy-konkursow-miesiaca-w-roku-2022","status":"publish","type":"post","link":"https:\/\/www.jurajski-fotoklub.pl\/index.php\/tematy-konkursow-miesiaca-w-roku-2022\/","title":{"rendered":"Tematy konkurs\u00f3w miesi\u0105ca w roku 2022."},"content":{"rendered":"<h1>Tematy Konkurs\u00f3w Miesi\u0105ca w roku 2022:<\/h1>\n<p class=\"western\"><span style=\"font-size: large;\">Stycze\u0144 &#8211; &#8222;Ruch&#8221;<\/span><\/p>\n<p class=\"western\"><span style=\"font-size: large;\">Luty &#8211; &#8222;Cyberrozgrzewka&#8221;<\/span><\/p>\n<p class=\"western\"><span style=\"font-size: large;\">Marzec &#8211; &#8222;Lustro&#8221;<\/span><\/p>\n<p class=\"western\"><span style=\"font-size: large;\">Kwiecie\u0144 &#8211; &#8222;Las&#8221;<\/span><\/p>\n<p class=\"western\"><span style=\"font-size: large;\">Maj &#8211; &#8222;Portret&#8221;<\/span><\/p>\n<p class=\"western\"><span style=\"font-size: large;\">Czerwiec &#8211; &#8222;Fotografia produktowa&#8221;<\/span><\/p>\n<p class=\"western\"><span style=\"font-size: large;\">Wrzesie\u0144 &#8211; &#8222;\u015awiat\u0142o&#8221;<\/span><\/p>\n<p class=\"western\"><span style=\"font-size: large;\">Pa\u017adziernik &#8211; &#8222;Architektura&#8221;<\/span><\/p>\n<p class=\"western\"><span style=\"font-size: large;\">Listopad &#8211; &#8222;Krajobraz&#8221;<\/span><\/p>\n<p class=\"western\"><span style=\"font-size: large;\">Grudzie\u0144 &#8211; &#8222;Nokturn&#8221;<\/span><\/p>\n","protected":false},"excerpt":{"rendered":"<p>Tematy Konkurs\u00f3w Miesi\u0105ca w roku 2022: Stycze\u0144 &#8211; &#8222;Ruch&#8221; Luty &#8211; &#8222;Cyberrozgrzewka&#8221; Marzec &#8211; &#8222;Lustro&#8221; Kwiecie\u0144 &#8211; &#8222;Las&#8221; Maj &#8211; &#8222;Portret&#8221; Czerwiec &#8211; &#8222;Fotografia produktowa&#8221; Wrzesie\u0144 &#8211; &#8222;\u015awiat\u0142o&#8221; Pa\u017adziernik &#8211; &#8222;Architektura&#8221; Listopad &#8211; &#8222;Krajobraz&#8221; Grudzie\u0144 &#8211; &#8222;Nokturn&#8221;<\/p>\n","protected":false},"author":13,"featured_media":0,"comment_status":"open","ping_status":"open","sticky":false,"template":"","format":"standard","meta":{"footnotes":""},"categories":[1],"tags":[],"class_list":["post-4729","post","type-post","status-publish","format-standard","hentry","category-uncategorized"],"_links":{"self":[{"href":"https:\/\/www.jurajski-fotoklub.pl\/index.php\/wp-json\/wp\/v2\/posts\/4729","targetHints":{"allow":["GET"]}}],"collection":[{"href":"https:\/\/www.jurajski-fotoklub.pl\/index.php\/wp-json\/wp\/v2\/posts"}],"about":[{"href":"https:\/\/www.jurajski-fotoklub.pl\/index.php\/wp-json\/wp\/v2\/types\/post"}],"author":[{"embeddable":true,"href":"https:\/\/www.jurajski-fotoklub.pl\/index.php\/wp-json\/wp\/v2\/users\/13"}],"replies":[{"embeddable":true,"href":"https:\/\/www.jurajski-fotoklub.pl\/index.php\/wp-json\/wp\/v2\/comments?post=4729"}],"version-history":[{"count":3,"href":"https:\/\/www.jurajski-fotoklub.pl\/index.php\/wp-json\/wp\/v2\/posts\/4729\/revisions"}],"predecessor-version":[{"id":4753,"href":"https:\/\/www.jurajski-fotoklub.pl\/index.php\/wp-json\/wp\/v2\/posts\/4729\/revisions\/4753"}],"wp:attachment":[{"href":"https:\/\/www.jurajski-fotoklub.pl\/index.php\/wp-json\/wp\/v2\/media?parent=4729"}],"wp:term":[{"taxonomy":"category","embeddable":true,"href":"https:\/\/www.jurajski-fotoklub.pl\/index.php\/wp-json\/wp\/v2\/categories?post=4729"},{"taxonomy":"post_tag","embeddable":true,"href":"https:\/\/www.jurajski-fotoklub.pl\/index.php\/wp-json\/wp\/v2\/tags?post=4729"}],"curies":[{"name":"wp","href":"https:\/\/api.w.org\/{rel}","templated":true}]}}