{"id":4735,"date":"2021-12-16T14:06:32","date_gmt":"2021-12-16T13:06:32","guid":{"rendered":"http:\/\/www.jurajski-fotoklub.pl\/?p=4735"},"modified":"2021-12-16T14:06:32","modified_gmt":"2021-12-16T13:06:32","slug":"wesolych-swiat-bozego-narodzenia-oraz-szczesliwego-nowego-roku-2022","status":"publish","type":"post","link":"https:\/\/www.jurajski-fotoklub.pl\/index.php\/wesolych-swiat-bozego-narodzenia-oraz-szczesliwego-nowego-roku-2022\/","title":{"rendered":"Weso\u0142ych \u015awi\u0105t Bo\u017cego Narodzenia oraz Szcz\u0119\u015bliwego Nowego Roku 2022"},"content":{"rendered":"<p><img loading=\"lazy\" decoding=\"async\" src=\"https:\/\/www.jurajski-fotoklub.pl\/wp-content\/uploads\/2021\/12\/kartkaB.jpg\" alt=\"\" width=\"2880\" height=\"2879\" class=\"alignnone size-full wp-image-4738\" srcset=\"https:\/\/www.jurajski-fotoklub.pl\/wp-content\/uploads\/2021\/12\/kartkaB.jpg 2880w, https:\/\/www.jurajski-fotoklub.pl\/wp-content\/uploads\/2021\/12\/kartkaB-300x300.jpg 300w, https:\/\/www.jurajski-fotoklub.pl\/wp-content\/uploads\/2021\/12\/kartkaB-768x768.jpg 768w, https:\/\/www.jurajski-fotoklub.pl\/wp-content\/uploads\/2021\/12\/kartkaB-1024x1024.jpg 1024w\" sizes=\"auto, (max-width: 2880px) 100vw, 2880px\" \/><\/p>\n","protected":false},"excerpt":{"rendered":"","protected":false},"author":13,"featured_media":0,"comment_status":"open","ping_status":"open","sticky":false,"template":"","format":"standard","meta":{"footnotes":""},"categories":[1],"tags":[],"class_list":["post-4735","post","type-post","status-publish","format-standard","hentry","category-uncategorized"],"_links":{"self":[{"href":"https:\/\/www.jurajski-fotoklub.pl\/index.php\/wp-json\/wp\/v2\/posts\/4735","targetHints":{"allow":["GET"]}}],"collection":[{"href":"https:\/\/www.jurajski-fotoklub.pl\/index.php\/wp-json\/wp\/v2\/posts"}],"about":[{"href":"https:\/\/www.jurajski-fotoklub.pl\/index.php\/wp-json\/wp\/v2\/types\/post"}],"author":[{"embeddable":true,"href":"https:\/\/www.jurajski-fotoklub.pl\/index.php\/wp-json\/wp\/v2\/users\/13"}],"replies":[{"embeddable":true,"href":"https:\/\/www.jurajski-fotoklub.pl\/index.php\/wp-json\/wp\/v2\/comments?post=4735"}],"version-history":[{"count":4,"href":"https:\/\/www.jurajski-fotoklub.pl\/index.php\/wp-json\/wp\/v2\/posts\/4735\/revisions"}],"predecessor-version":[{"id":4741,"href":"https:\/\/www.jurajski-fotoklub.pl\/index.php\/wp-json\/wp\/v2\/posts\/4735\/revisions\/4741"}],"wp:attachment":[{"href":"https:\/\/www.jurajski-fotoklub.pl\/index.php\/wp-json\/wp\/v2\/media?parent=4735"}],"wp:term":[{"taxonomy":"category","embeddable":true,"href":"https:\/\/www.jurajski-fotoklub.pl\/index.php\/wp-json\/wp\/v2\/categories?post=4735"},{"taxonomy":"post_tag","embeddable":true,"href":"https:\/\/www.jurajski-fotoklub.pl\/index.php\/wp-json\/wp\/v2\/tags?post=4735"}],"curies":[{"name":"wp","href":"https:\/\/api.w.org\/{rel}","templated":true}]}}