{"id":4756,"date":"2022-04-01T14:35:23","date_gmt":"2022-04-01T12:35:23","guid":{"rendered":"http:\/\/www.jurajski-fotoklub.pl\/?p=4756"},"modified":"2022-05-24T11:51:25","modified_gmt":"2022-05-24T09:51:25","slug":"konkurs-miesiaca-styczen-2022-ruch","status":"publish","type":"post","link":"https:\/\/www.jurajski-fotoklub.pl\/index.php\/konkurs-miesiaca-styczen-2022-ruch\/","title":{"rendered":"Konkurs miesi\u0105ca Stycze\u0144 2022 &#8211; &#8222;Ruch&#8221;"},"content":{"rendered":"\n<p>I miejsce zaj\u0105\u0142 Jaros\u0142aw Duma\u0144ski, otrzymuj\u0105c za nagrodzone zdj\u0119cia 15 pkt.<\/p>\n\n\n\n<p>II miejsce zaj\u0105\u0142 Andrzej Szl\u0119zak, otrzymuj\u0105c za nagrodzone zdj\u0119cia 12 pkt<\/p>\n\n\n\n<p>III miejsce zaj\u0119\u0142a Krystyna Jachura, otrzymuj\u0105c za nagrodzone zdj\u0119cia 10 pkt<\/p>\n\n\n\n<p>Premi\u0119 w wysoko\u015bci 5 pkt du\u017cych, za najwi\u0119ksz\u0105 ilo\u015b\u0107 punkt\u00f3w dla pojedynczego zdj\u0119cia, otrzymuje Jaros\u0142aw Duma\u0144ski<\/p>\n\n\n\n<p>Punktacja do rankingu rocznego, zgodnie z tabel\u0105 w Regulaminie:<br>(w nawiasie ma\u0142e punkty &#8211; g\u0142osy za wszystkie zg\u0142oszone zdj\u0119cia)<\/p>\n\n\n\n<p>Jaros\u0142aw Duma\u0144ski &#8211; 27+5=32 pkt (15 p)<\/p>\n\n\n\n<p>Andrzej Szl\u0119zak &#8211; 24 pkt (12 p)<\/p>\n\n\n\n<p>Krystyna Jachura &#8211; 21 pkt (10 p)<\/p>\n\n\n\n<p>Kajetan Walachniewicz &#8211; 18 pkt (9 p)<\/p>\n\n\n\n<p>Tomek Zaj\u0105c &#8211; 15 pkt (8 p)<\/p>\n\n\n\n<p>Agnieszka Duma\u0144ska &#8211; 12 pkt (3 p)<\/p>\n\n\n\n<figure class=\"wp-block-table\"><table><tbody><tr><td>1. Jaros\u0142aw Duma\u0144ski<\/td><td>32 pkt<\/td><td>(15p)<\/td><\/tr><tr><td>2. Andrzej Szl\u0119zak<\/td><td>24 pkt<\/td><td>(12p)<\/td><\/tr><tr><td>3. Krystyna Jachura<\/td><td>21 pkt<\/td><td>(10p)<\/td><\/tr><tr><td>4. Kajetan Walachniewicz<\/td><td>18 pkt<\/td><td>(9p)<\/td><\/tr><tr><td>5. Tomek Zaj\u0105c<\/td><td>15 pkt<\/td><td>(8p)<\/td><\/tr><tr><td>6. Agnieszka Duma\u0144ska<\/td><td>12 pkt<\/td><td>(3p)<\/td><\/tr><\/tbody><\/table><\/figure>\n\n\n\n<figure class=\"wp-block-image size-large is-resized\"><img loading=\"lazy\" decoding=\"async\" src=\"https:\/\/www.jurajski-fotoklub.pl\/wp-content\/uploads\/2022\/04\/KJ20-1024x683.jpg\" alt=\"\" class=\"wp-image-4824\" width=\"456\" height=\"304\" srcset=\"https:\/\/www.jurajski-fotoklub.pl\/wp-content\/uploads\/2022\/04\/KJ20-1024x683.jpg 1024w, https:\/\/www.jurajski-fotoklub.pl\/wp-content\/uploads\/2022\/04\/KJ20-300x200.jpg 300w, https:\/\/www.jurajski-fotoklub.pl\/wp-content\/uploads\/2022\/04\/KJ20-768x512.jpg 768w, https:\/\/www.jurajski-fotoklub.pl\/wp-content\/uploads\/2022\/04\/KJ20-1536x1024.jpg 1536w, https:\/\/www.jurajski-fotoklub.pl\/wp-content\/uploads\/2022\/04\/KJ20-2048x1365.jpg 2048w\" sizes=\"auto, (max-width: 456px) 100vw, 456px\" \/><figcaption>Krystyna Jachura<\/figcaption><\/figure>\n\n\n\n<figure class=\"wp-block-image size-large is-resized\"><img loading=\"lazy\" decoding=\"async\" src=\"https:\/\/www.jurajski-fotoklub.pl\/wp-content\/uploads\/2022\/04\/KJ15-1024x683.jpg\" alt=\"\" class=\"wp-image-4823\" width=\"456\" height=\"304\" srcset=\"https:\/\/www.jurajski-fotoklub.pl\/wp-content\/uploads\/2022\/04\/KJ15-1024x683.jpg 1024w, https:\/\/www.jurajski-fotoklub.pl\/wp-content\/uploads\/2022\/04\/KJ15-300x200.jpg 300w, https:\/\/www.jurajski-fotoklub.pl\/wp-content\/uploads\/2022\/04\/KJ15-768x512.jpg 768w, https:\/\/www.jurajski-fotoklub.pl\/wp-content\/uploads\/2022\/04\/KJ15-1536x1024.jpg 1536w, https:\/\/www.jurajski-fotoklub.pl\/wp-content\/uploads\/2022\/04\/KJ15-2048x1366.jpg 2048w\" sizes=\"auto, (max-width: 456px) 100vw, 456px\" \/><\/figure>\n\n\n\n<figure class=\"wp-block-image size-large is-resized\"><img loading=\"lazy\" decoding=\"async\" src=\"https:\/\/www.jurajski-fotoklub.pl\/wp-content\/uploads\/2022\/04\/278005478_4567811673325478_7547494740645697760_n-1024x683.jpg\" alt=\"\" class=\"wp-image-4819\" width=\"459\" height=\"306\" srcset=\"https:\/\/www.jurajski-fotoklub.pl\/wp-content\/uploads\/2022\/04\/278005478_4567811673325478_7547494740645697760_n-1024x683.jpg 1024w, https:\/\/www.jurajski-fotoklub.pl\/wp-content\/uploads\/2022\/04\/278005478_4567811673325478_7547494740645697760_n-300x200.jpg 300w, https:\/\/www.jurajski-fotoklub.pl\/wp-content\/uploads\/2022\/04\/278005478_4567811673325478_7547494740645697760_n-768x512.jpg 768w, https:\/\/www.jurajski-fotoklub.pl\/wp-content\/uploads\/2022\/04\/278005478_4567811673325478_7547494740645697760_n-1536x1024.jpg 1536w, https:\/\/www.jurajski-fotoklub.pl\/wp-content\/uploads\/2022\/04\/278005478_4567811673325478_7547494740645697760_n-2048x1365.jpg 2048w\" sizes=\"auto, (max-width: 459px) 100vw, 459px\" \/><figcaption>Tomek Zaj\u0105c<\/figcaption><\/figure>\n\n\n\n<figure class=\"wp-block-image size-large is-resized\"><img loading=\"lazy\" decoding=\"async\" src=\"https:\/\/www.jurajski-fotoklub.pl\/wp-content\/uploads\/2022\/04\/278003155_1034428740802622_5520043227904980211_n-683x1024.jpg\" alt=\"\" class=\"wp-image-4818\" width=\"319\" height=\"479\" srcset=\"https:\/\/www.jurajski-fotoklub.pl\/wp-content\/uploads\/2022\/04\/278003155_1034428740802622_5520043227904980211_n-683x1024.jpg 683w, https:\/\/www.jurajski-fotoklub.pl\/wp-content\/uploads\/2022\/04\/278003155_1034428740802622_5520043227904980211_n-200x300.jpg 200w, https:\/\/www.jurajski-fotoklub.pl\/wp-content\/uploads\/2022\/04\/278003155_1034428740802622_5520043227904980211_n-768x1152.jpg 768w, https:\/\/www.jurajski-fotoklub.pl\/wp-content\/uploads\/2022\/04\/278003155_1034428740802622_5520043227904980211_n-1024x1536.jpg 1024w, https:\/\/www.jurajski-fotoklub.pl\/wp-content\/uploads\/2022\/04\/278003155_1034428740802622_5520043227904980211_n-1365x2048.jpg 1365w, https:\/\/www.jurajski-fotoklub.pl\/wp-content\/uploads\/2022\/04\/278003155_1034428740802622_5520043227904980211_n-scaled.jpg 1707w\" sizes=\"auto, (max-width: 319px) 100vw, 319px\" \/><\/figure>\n\n\n\n<figure class=\"wp-block-image size-medium is-resized\"><img loading=\"lazy\" decoding=\"async\" src=\"https:\/\/www.jurajski-fotoklub.pl\/wp-content\/uploads\/2022\/04\/277983223_490490262559138_1179064935136763179_n-300x200.jpg\" alt=\"\" class=\"wp-image-4816\" width=\"496\" height=\"331\" srcset=\"https:\/\/www.jurajski-fotoklub.pl\/wp-content\/uploads\/2022\/04\/277983223_490490262559138_1179064935136763179_n-300x200.jpg 300w, https:\/\/www.jurajski-fotoklub.pl\/wp-content\/uploads\/2022\/04\/277983223_490490262559138_1179064935136763179_n-1024x683.jpg 1024w, https:\/\/www.jurajski-fotoklub.pl\/wp-content\/uploads\/2022\/04\/277983223_490490262559138_1179064935136763179_n-768x512.jpg 768w, https:\/\/www.jurajski-fotoklub.pl\/wp-content\/uploads\/2022\/04\/277983223_490490262559138_1179064935136763179_n-1536x1024.jpg 1536w, https:\/\/www.jurajski-fotoklub.pl\/wp-content\/uploads\/2022\/04\/277983223_490490262559138_1179064935136763179_n-2048x1365.jpg 2048w\" sizes=\"auto, (max-width: 496px) 100vw, 496px\" \/><figcaption>Tomek Zaj\u0105c<\/figcaption><\/figure>\n\n\n\n<figure class=\"wp-block-image size-large is-resized\"><img loading=\"lazy\" decoding=\"async\" src=\"https:\/\/www.jurajski-fotoklub.pl\/wp-content\/uploads\/2022\/04\/JD_02-1-1024x683.jpg\" alt=\"\" class=\"wp-image-4821\" width=\"501\" height=\"334\" srcset=\"https:\/\/www.jurajski-fotoklub.pl\/wp-content\/uploads\/2022\/04\/JD_02-1-1024x683.jpg 1024w, https:\/\/www.jurajski-fotoklub.pl\/wp-content\/uploads\/2022\/04\/JD_02-1-300x200.jpg 300w, https:\/\/www.jurajski-fotoklub.pl\/wp-content\/uploads\/2022\/04\/JD_02-1-768x512.jpg 768w, https:\/\/www.jurajski-fotoklub.pl\/wp-content\/uploads\/2022\/04\/JD_02-1-1536x1024.jpg 1536w, https:\/\/www.jurajski-fotoklub.pl\/wp-content\/uploads\/2022\/04\/JD_02-1.jpg 1600w\" sizes=\"auto, (max-width: 501px) 100vw, 501px\" \/><figcaption>Jaros\u0142aw Duma\u0144ski<\/figcaption><\/figure>\n\n\n\n<figure class=\"wp-block-image size-large is-resized\"><img loading=\"lazy\" decoding=\"async\" src=\"https:\/\/www.jurajski-fotoklub.pl\/wp-content\/uploads\/2022\/04\/JD_03-1-1024x683.jpg\" alt=\"\" class=\"wp-image-4822\" width=\"503\" height=\"335\" srcset=\"https:\/\/www.jurajski-fotoklub.pl\/wp-content\/uploads\/2022\/04\/JD_03-1-1024x683.jpg 1024w, https:\/\/www.jurajski-fotoklub.pl\/wp-content\/uploads\/2022\/04\/JD_03-1-300x200.jpg 300w, https:\/\/www.jurajski-fotoklub.pl\/wp-content\/uploads\/2022\/04\/JD_03-1-768x512.jpg 768w, https:\/\/www.jurajski-fotoklub.pl\/wp-content\/uploads\/2022\/04\/JD_03-1-1536x1024.jpg 1536w, https:\/\/www.jurajski-fotoklub.pl\/wp-content\/uploads\/2022\/04\/JD_03-1.jpg 1600w\" sizes=\"auto, (max-width: 503px) 100vw, 503px\" \/><figcaption>Jaros\u0142aw Duma\u0144ski<\/figcaption><\/figure>\n\n\n\n<figure class=\"wp-block-image size-large is-resized\"><img loading=\"lazy\" decoding=\"async\" src=\"https:\/\/www.jurajski-fotoklub.pl\/wp-content\/uploads\/2022\/04\/JD_01-1024x683.jpg\" alt=\"\" class=\"wp-image-4758\" width=\"506\" height=\"337\" srcset=\"https:\/\/www.jurajski-fotoklub.pl\/wp-content\/uploads\/2022\/04\/JD_01-1024x683.jpg 1024w, https:\/\/www.jurajski-fotoklub.pl\/wp-content\/uploads\/2022\/04\/JD_01-300x200.jpg 300w, https:\/\/www.jurajski-fotoklub.pl\/wp-content\/uploads\/2022\/04\/JD_01-768x512.jpg 768w, https:\/\/www.jurajski-fotoklub.pl\/wp-content\/uploads\/2022\/04\/JD_01-1536x1024.jpg 1536w, https:\/\/www.jurajski-fotoklub.pl\/wp-content\/uploads\/2022\/04\/JD_01.jpg 1600w\" sizes=\"auto, (max-width: 506px) 100vw, 506px\" \/><\/figure>\n\n\n\n<figure class=\"wp-block-gallery columns-0 is-cropped wp-block-gallery-1 is-layout-flex wp-block-gallery-is-layout-flex\"><ul class=\"blocks-gallery-grid\"><\/ul><figcaption class=\"blocks-gallery-caption\">Jaros\u0142aw Duma\u0144ski<\/figcaption><\/figure>\n\n\n\n<p>Temat konkursu lutowego 2022: &#8222;Cyberrozgrzewka&#8221;<\/p>\n","protected":false},"excerpt":{"rendered":"<p>I miejsce zaj\u0105\u0142 Jaros\u0142aw Duma\u0144ski, otrzymuj\u0105c za nagrodzone zdj\u0119cia 15 pkt. II miejsce zaj\u0105\u0142 Andrzej Szl\u0119zak, otrzymuj\u0105c za nagrodzone zdj\u0119cia 12 pkt III miejsce zaj\u0119\u0142a Krystyna Jachura, otrzymuj\u0105c za nagrodzone zdj\u0119cia 10 pkt Premi\u0119 w wysoko\u015bci 5 pkt du\u017cych, za najwi\u0119ksz\u0105 ilo\u015b\u0107 punkt\u00f3w dla pojedynczego zdj\u0119cia, otrzymuje Jaros\u0142aw Duma\u0144ski Punktacja do rankingu rocznego, zgodnie z [&hellip;]<\/p>\n","protected":false},"author":13,"featured_media":0,"comment_status":"open","ping_status":"open","sticky":false,"template":"","format":"standard","meta":{"footnotes":""},"categories":[25],"tags":[],"class_list":["post-4756","post","type-post","status-publish","format-standard","hentry","category-konkurs"],"_links":{"self":[{"href":"https:\/\/www.jurajski-fotoklub.pl\/index.php\/wp-json\/wp\/v2\/posts\/4756","targetHints":{"allow":["GET"]}}],"collection":[{"href":"https:\/\/www.jurajski-fotoklub.pl\/index.php\/wp-json\/wp\/v2\/posts"}],"about":[{"href":"https:\/\/www.jurajski-fotoklub.pl\/index.php\/wp-json\/wp\/v2\/types\/post"}],"author":[{"embeddable":true,"href":"https:\/\/www.jurajski-fotoklub.pl\/index.php\/wp-json\/wp\/v2\/users\/13"}],"replies":[{"embeddable":true,"href":"https:\/\/www.jurajski-fotoklub.pl\/index.php\/wp-json\/wp\/v2\/comments?post=4756"}],"version-history":[{"count":5,"href":"https:\/\/www.jurajski-fotoklub.pl\/index.php\/wp-json\/wp\/v2\/posts\/4756\/revisions"}],"predecessor-version":[{"id":4825,"href":"https:\/\/www.jurajski-fotoklub.pl\/index.php\/wp-json\/wp\/v2\/posts\/4756\/revisions\/4825"}],"wp:attachment":[{"href":"https:\/\/www.jurajski-fotoklub.pl\/index.php\/wp-json\/wp\/v2\/media?parent=4756"}],"wp:term":[{"taxonomy":"category","embeddable":true,"href":"https:\/\/www.jurajski-fotoklub.pl\/index.php\/wp-json\/wp\/v2\/categories?post=4756"},{"taxonomy":"post_tag","embeddable":true,"href":"https:\/\/www.jurajski-fotoklub.pl\/index.php\/wp-json\/wp\/v2\/tags?post=4756"}],"curies":[{"name":"wp","href":"https:\/\/api.w.org\/{rel}","templated":true}]}}