{"id":4881,"date":"2023-03-12T17:38:54","date_gmt":"2023-03-12T16:38:54","guid":{"rendered":"http:\/\/www.jurajski-fotoklub.pl\/?p=4881"},"modified":"2023-05-09T19:23:41","modified_gmt":"2023-05-09T17:23:41","slug":"konkurs-fotograficzny-marzec-2023-bloto","status":"publish","type":"post","link":"https:\/\/www.jurajski-fotoklub.pl\/index.php\/konkurs-fotograficzny-marzec-2023-bloto\/","title":{"rendered":"Konkurs fotograficzny \/marzec 2023\/ &#8211; &#8222;B\u0142oto&#8221;"},"content":{"rendered":"\n<p>I miejsce otrzyma\u0142a Irena Skowro\u0144ska-Gondek otrzymuj\u0105c za nagrodzone zdj\u0119cia 11 pkt,<\/p>\n\n\n\n<p>II miejsce otrzyma\u0142a Ewa Sitkowska, otrzymuj\u0105c za nagrodzone zdj\u0119cia 7 pkt,<\/p>\n\n\n\n<p>III miejsce otrzyma\u0142a Dorota Pliszka otrzymuj\u0105c za nagrodzone zdj\u0119cia 6 pkt<\/p>\n\n\n\n<p>IV miejsce otrzyma\u0142y: Nina Mazu\u015b, Krystyna Jachura, Ewa \u015awitalska, otrzymuj\u0105c za nagrodzone zdj\u0119cia 4 pkt<\/p>\n\n\n\n<p>V miejsce otrzyma\u0142 Pawe\u0142 Klekowski otrzymuj\u0105c za nagrodzone zdj\u0119cia 3 pkt<\/p>\n\n\n\n<p>Punktacja do rankingu rocznego, zgodnie z tabel\u0105 w Regulaminie:<br>(punkty \u2013 suma g\u0142os\u00f3w za wszystkie zg\u0142oszone zdj\u0119cia)<\/p>\n\n\n\n<figure class=\"wp-block-table\"><table><tbody><tr><td>1. Irena Skowro\u0144ska-Gondek<\/td><td>11 pkt<\/td><\/tr><tr><td>2. Ewa Sitkowska<\/td><td>7 pkt<\/td><\/tr><tr><td>3. Dorota Pliszka<\/td><td>6 pkt<\/td><\/tr><tr><td>4. Nina Mazu\u015b<\/td><td>4 pkt<\/td><\/tr><tr><td>4. Krystyna Jachura<\/td><td>4 pkt<\/td><\/tr><tr><td>4. Ewa \u015awitalska<\/td><td>4 pkt<\/td><\/tr><tr><td>5. Pawe\u0142 Klekowski<\/td><td>3 pkt<\/td><\/tr><\/tbody><\/table><figcaption>Irena Skowro\u0144ska-Gondek<\/figcaption><\/figure>\n\n\n\n<figure class=\"wp-block-gallery columns-3 is-cropped wp-block-gallery-1 is-layout-flex wp-block-gallery-is-layout-flex\"><ul class=\"blocks-gallery-grid\"><li class=\"blocks-gallery-item\"><figure><img loading=\"lazy\" decoding=\"async\" width=\"1024\" height=\"683\" src=\"https:\/\/www.jurajski-fotoklub.pl\/wp-content\/uploads\/2023\/03\/Irka-Gondek1-3-1024x683.jpg\" alt=\"\" data-id=\"4911\" data-full-url=\"https:\/\/www.jurajski-fotoklub.pl\/wp-content\/uploads\/2023\/03\/Irka-Gondek1-3-scaled.jpg\" data-link=\"https:\/\/www.jurajski-fotoklub.pl\/?attachment_id=4911\" class=\"wp-image-4911\" srcset=\"https:\/\/www.jurajski-fotoklub.pl\/wp-content\/uploads\/2023\/03\/Irka-Gondek1-3-1024x683.jpg 1024w, https:\/\/www.jurajski-fotoklub.pl\/wp-content\/uploads\/2023\/03\/Irka-Gondek1-3-300x200.jpg 300w, https:\/\/www.jurajski-fotoklub.pl\/wp-content\/uploads\/2023\/03\/Irka-Gondek1-3-768x513.jpg 768w, https:\/\/www.jurajski-fotoklub.pl\/wp-content\/uploads\/2023\/03\/Irka-Gondek1-3-1536x1025.jpg 1536w, https:\/\/www.jurajski-fotoklub.pl\/wp-content\/uploads\/2023\/03\/Irka-Gondek1-3-2048x1367.jpg 2048w\" sizes=\"auto, (max-width: 1024px) 100vw, 1024px\" \/><\/figure><\/li><li class=\"blocks-gallery-item\"><figure><img loading=\"lazy\" decoding=\"async\" width=\"1024\" height=\"683\" src=\"https:\/\/www.jurajski-fotoklub.pl\/wp-content\/uploads\/2023\/03\/Irka-Gondek2-3-1024x683.jpg\" alt=\"\" data-id=\"4912\" data-full-url=\"https:\/\/www.jurajski-fotoklub.pl\/wp-content\/uploads\/2023\/03\/Irka-Gondek2-3-scaled.jpg\" data-link=\"https:\/\/www.jurajski-fotoklub.pl\/?attachment_id=4912\" class=\"wp-image-4912\" srcset=\"https:\/\/www.jurajski-fotoklub.pl\/wp-content\/uploads\/2023\/03\/Irka-Gondek2-3-1024x683.jpg 1024w, https:\/\/www.jurajski-fotoklub.pl\/wp-content\/uploads\/2023\/03\/Irka-Gondek2-3-300x200.jpg 300w, https:\/\/www.jurajski-fotoklub.pl\/wp-content\/uploads\/2023\/03\/Irka-Gondek2-3-768x512.jpg 768w, https:\/\/www.jurajski-fotoklub.pl\/wp-content\/uploads\/2023\/03\/Irka-Gondek2-3-1536x1024.jpg 1536w, https:\/\/www.jurajski-fotoklub.pl\/wp-content\/uploads\/2023\/03\/Irka-Gondek2-3-2048x1365.jpg 2048w\" sizes=\"auto, (max-width: 1024px) 100vw, 1024px\" \/><\/figure><\/li><li class=\"blocks-gallery-item\"><figure><img loading=\"lazy\" decoding=\"async\" width=\"1024\" height=\"683\" src=\"https:\/\/www.jurajski-fotoklub.pl\/wp-content\/uploads\/2023\/03\/Irka-Gondek3-3-1024x683.jpg\" alt=\"\" data-id=\"4913\" data-full-url=\"https:\/\/www.jurajski-fotoklub.pl\/wp-content\/uploads\/2023\/03\/Irka-Gondek3-3-scaled.jpg\" data-link=\"https:\/\/www.jurajski-fotoklub.pl\/?attachment_id=4913\" class=\"wp-image-4913\" srcset=\"https:\/\/www.jurajski-fotoklub.pl\/wp-content\/uploads\/2023\/03\/Irka-Gondek3-3-1024x683.jpg 1024w, https:\/\/www.jurajski-fotoklub.pl\/wp-content\/uploads\/2023\/03\/Irka-Gondek3-3-300x200.jpg 300w, https:\/\/www.jurajski-fotoklub.pl\/wp-content\/uploads\/2023\/03\/Irka-Gondek3-3-768x513.jpg 768w, https:\/\/www.jurajski-fotoklub.pl\/wp-content\/uploads\/2023\/03\/Irka-Gondek3-3-1536x1025.jpg 1536w, https:\/\/www.jurajski-fotoklub.pl\/wp-content\/uploads\/2023\/03\/Irka-Gondek3-3-2048x1367.jpg 2048w\" sizes=\"auto, (max-width: 1024px) 100vw, 1024px\" \/><\/figure><\/li><\/ul><figcaption class=\"blocks-gallery-caption\">Ewa Sitkowska<\/figcaption><\/figure>\n\n\n\n<figure class=\"wp-block-gallery columns-2 is-cropped wp-block-gallery-2 is-layout-flex wp-block-gallery-is-layout-flex\"><ul class=\"blocks-gallery-grid\"><li class=\"blocks-gallery-item\"><figure><img loading=\"lazy\" decoding=\"async\" width=\"1024\" height=\"680\" src=\"https:\/\/www.jurajski-fotoklub.pl\/wp-content\/uploads\/2023\/03\/Ewa-Sitkowska1-1-1024x680.jpg\" alt=\"\" data-id=\"4914\" data-link=\"https:\/\/www.jurajski-fotoklub.pl\/?attachment_id=4914\" class=\"wp-image-4914\" srcset=\"https:\/\/www.jurajski-fotoklub.pl\/wp-content\/uploads\/2023\/03\/Ewa-Sitkowska1-1-1024x680.jpg 1024w, https:\/\/www.jurajski-fotoklub.pl\/wp-content\/uploads\/2023\/03\/Ewa-Sitkowska1-1-300x199.jpg 300w, https:\/\/www.jurajski-fotoklub.pl\/wp-content\/uploads\/2023\/03\/Ewa-Sitkowska1-1-768x510.jpg 768w, https:\/\/www.jurajski-fotoklub.pl\/wp-content\/uploads\/2023\/03\/Ewa-Sitkowska1-1-1536x1020.jpg 1536w, https:\/\/www.jurajski-fotoklub.pl\/wp-content\/uploads\/2023\/03\/Ewa-Sitkowska1-1.jpg 1608w\" sizes=\"auto, (max-width: 1024px) 100vw, 1024px\" \/><\/figure><\/li><li class=\"blocks-gallery-item\"><figure><img loading=\"lazy\" decoding=\"async\" width=\"680\" height=\"1024\" src=\"https:\/\/www.jurajski-fotoklub.pl\/wp-content\/uploads\/2023\/03\/Ewa-Sitkowska2-1-680x1024.jpg\" alt=\"\" data-id=\"4915\" data-link=\"https:\/\/www.jurajski-fotoklub.pl\/?attachment_id=4915\" class=\"wp-image-4915\" srcset=\"https:\/\/www.jurajski-fotoklub.pl\/wp-content\/uploads\/2023\/03\/Ewa-Sitkowska2-1-680x1024.jpg 680w, https:\/\/www.jurajski-fotoklub.pl\/wp-content\/uploads\/2023\/03\/Ewa-Sitkowska2-1-199x300.jpg 199w, https:\/\/www.jurajski-fotoklub.pl\/wp-content\/uploads\/2023\/03\/Ewa-Sitkowska2-1-768x1156.jpg 768w, https:\/\/www.jurajski-fotoklub.pl\/wp-content\/uploads\/2023\/03\/Ewa-Sitkowska2-1-1020x1536.jpg 1020w, https:\/\/www.jurajski-fotoklub.pl\/wp-content\/uploads\/2023\/03\/Ewa-Sitkowska2-1.jpg 1068w\" sizes=\"auto, (max-width: 680px) 100vw, 680px\" \/><\/figure><\/li><\/ul><figcaption class=\"blocks-gallery-caption\">Nina Mazu\u015b<\/figcaption><\/figure>\n\n\n\n<figure class=\"wp-block-gallery columns-3 is-cropped wp-block-gallery-3 is-layout-flex wp-block-gallery-is-layout-flex\"><ul class=\"blocks-gallery-grid\"><li class=\"blocks-gallery-item\"><figure><img loading=\"lazy\" decoding=\"async\" width=\"1024\" height=\"768\" src=\"https:\/\/www.jurajski-fotoklub.pl\/wp-content\/uploads\/2023\/03\/Adas-w-blocie-1-1024x768.jpg\" alt=\"\" data-id=\"4916\" data-full-url=\"https:\/\/www.jurajski-fotoklub.pl\/wp-content\/uploads\/2023\/03\/Adas-w-blocie-1.jpg\" data-link=\"https:\/\/www.jurajski-fotoklub.pl\/?attachment_id=4916\" class=\"wp-image-4916\" srcset=\"https:\/\/www.jurajski-fotoklub.pl\/wp-content\/uploads\/2023\/03\/Adas-w-blocie-1-1024x768.jpg 1024w, https:\/\/www.jurajski-fotoklub.pl\/wp-content\/uploads\/2023\/03\/Adas-w-blocie-1-300x225.jpg 300w, https:\/\/www.jurajski-fotoklub.pl\/wp-content\/uploads\/2023\/03\/Adas-w-blocie-1-200x150.jpg 200w, https:\/\/www.jurajski-fotoklub.pl\/wp-content\/uploads\/2023\/03\/Adas-w-blocie-1-768x576.jpg 768w, https:\/\/www.jurajski-fotoklub.pl\/wp-content\/uploads\/2023\/03\/Adas-w-blocie-1-1536x1152.jpg 1536w, https:\/\/www.jurajski-fotoklub.pl\/wp-content\/uploads\/2023\/03\/Adas-w-blocie-1.jpg 1694w\" sizes=\"auto, (max-width: 1024px) 100vw, 1024px\" \/><\/figure><\/li><li class=\"blocks-gallery-item\"><figure><img loading=\"lazy\" decoding=\"async\" width=\"767\" height=\"1024\" src=\"https:\/\/www.jurajski-fotoklub.pl\/wp-content\/uploads\/2023\/03\/Ika1-z-balonikiem-w-blocie-1-767x1024.jpg\" alt=\"\" data-id=\"4917\" data-full-url=\"https:\/\/www.jurajski-fotoklub.pl\/wp-content\/uploads\/2023\/03\/Ika1-z-balonikiem-w-blocie-1.jpg\" data-link=\"https:\/\/www.jurajski-fotoklub.pl\/?attachment_id=4917\" class=\"wp-image-4917\" srcset=\"https:\/\/www.jurajski-fotoklub.pl\/wp-content\/uploads\/2023\/03\/Ika1-z-balonikiem-w-blocie-1-767x1024.jpg 767w, https:\/\/www.jurajski-fotoklub.pl\/wp-content\/uploads\/2023\/03\/Ika1-z-balonikiem-w-blocie-1-225x300.jpg 225w, https:\/\/www.jurajski-fotoklub.pl\/wp-content\/uploads\/2023\/03\/Ika1-z-balonikiem-w-blocie-1-768x1026.jpg 768w, https:\/\/www.jurajski-fotoklub.pl\/wp-content\/uploads\/2023\/03\/Ika1-z-balonikiem-w-blocie-1.jpg 1117w\" sizes=\"auto, (max-width: 767px) 100vw, 767px\" \/><\/figure><\/li><li class=\"blocks-gallery-item\"><figure><img loading=\"lazy\" decoding=\"async\" width=\"767\" height=\"1024\" src=\"https:\/\/www.jurajski-fotoklub.pl\/wp-content\/uploads\/2023\/03\/jablka-w-blocie-1-767x1024.jpg\" alt=\"\" data-id=\"4918\" data-full-url=\"https:\/\/www.jurajski-fotoklub.pl\/wp-content\/uploads\/2023\/03\/jablka-w-blocie-1.jpg\" data-link=\"https:\/\/www.jurajski-fotoklub.pl\/?attachment_id=4918\" class=\"wp-image-4918\" srcset=\"https:\/\/www.jurajski-fotoklub.pl\/wp-content\/uploads\/2023\/03\/jablka-w-blocie-1-767x1024.jpg 767w, https:\/\/www.jurajski-fotoklub.pl\/wp-content\/uploads\/2023\/03\/jablka-w-blocie-1-225x300.jpg 225w, https:\/\/www.jurajski-fotoklub.pl\/wp-content\/uploads\/2023\/03\/jablka-w-blocie-1-768x1025.jpg 768w, https:\/\/www.jurajski-fotoklub.pl\/wp-content\/uploads\/2023\/03\/jablka-w-blocie-1-1151x1536.jpg 1151w, https:\/\/www.jurajski-fotoklub.pl\/wp-content\/uploads\/2023\/03\/jablka-w-blocie-1.jpg 1199w\" sizes=\"auto, (max-width: 767px) 100vw, 767px\" \/><\/figure><\/li><\/ul><figcaption class=\"blocks-gallery-caption\">Krystyna Jachura<\/figcaption><\/figure>\n\n\n\n<figure class=\"wp-block-gallery columns-3 is-cropped wp-block-gallery-4 is-layout-flex wp-block-gallery-is-layout-flex\"><ul class=\"blocks-gallery-grid\"><li class=\"blocks-gallery-item\"><figure><img loading=\"lazy\" decoding=\"async\" width=\"1024\" height=\"771\" src=\"https:\/\/www.jurajski-fotoklub.pl\/wp-content\/uploads\/2023\/03\/Krysia-Jachura1-1-1024x771.jpg\" alt=\"\" data-id=\"4919\" data-full-url=\"https:\/\/www.jurajski-fotoklub.pl\/wp-content\/uploads\/2023\/03\/Krysia-Jachura1-1-scaled.jpg\" data-link=\"https:\/\/www.jurajski-fotoklub.pl\/?attachment_id=4919\" class=\"wp-image-4919\" srcset=\"https:\/\/www.jurajski-fotoklub.pl\/wp-content\/uploads\/2023\/03\/Krysia-Jachura1-1-1024x771.jpg 1024w, https:\/\/www.jurajski-fotoklub.pl\/wp-content\/uploads\/2023\/03\/Krysia-Jachura1-1-300x226.jpg 300w, https:\/\/www.jurajski-fotoklub.pl\/wp-content\/uploads\/2023\/03\/Krysia-Jachura1-1-200x150.jpg 200w, https:\/\/www.jurajski-fotoklub.pl\/wp-content\/uploads\/2023\/03\/Krysia-Jachura1-1-768x578.jpg 768w, https:\/\/www.jurajski-fotoklub.pl\/wp-content\/uploads\/2023\/03\/Krysia-Jachura1-1-1536x1156.jpg 1536w, https:\/\/www.jurajski-fotoklub.pl\/wp-content\/uploads\/2023\/03\/Krysia-Jachura1-1-2048x1542.jpg 2048w\" sizes=\"auto, (max-width: 1024px) 100vw, 1024px\" \/><\/figure><\/li><li class=\"blocks-gallery-item\"><figure><img loading=\"lazy\" decoding=\"async\" width=\"1024\" height=\"683\" src=\"https:\/\/www.jurajski-fotoklub.pl\/wp-content\/uploads\/2023\/03\/Krysia-Jachura2-1-1024x683.jpg\" alt=\"\" data-id=\"4920\" data-full-url=\"https:\/\/www.jurajski-fotoklub.pl\/wp-content\/uploads\/2023\/03\/Krysia-Jachura2-1-scaled.jpg\" data-link=\"https:\/\/www.jurajski-fotoklub.pl\/?attachment_id=4920\" class=\"wp-image-4920\" srcset=\"https:\/\/www.jurajski-fotoklub.pl\/wp-content\/uploads\/2023\/03\/Krysia-Jachura2-1-1024x683.jpg 1024w, https:\/\/www.jurajski-fotoklub.pl\/wp-content\/uploads\/2023\/03\/Krysia-Jachura2-1-300x200.jpg 300w, https:\/\/www.jurajski-fotoklub.pl\/wp-content\/uploads\/2023\/03\/Krysia-Jachura2-1-768x512.jpg 768w, https:\/\/www.jurajski-fotoklub.pl\/wp-content\/uploads\/2023\/03\/Krysia-Jachura2-1-1536x1024.jpg 1536w, https:\/\/www.jurajski-fotoklub.pl\/wp-content\/uploads\/2023\/03\/Krysia-Jachura2-1-2048x1365.jpg 2048w\" sizes=\"auto, (max-width: 1024px) 100vw, 1024px\" \/><\/figure><\/li><li class=\"blocks-gallery-item\"><figure><img loading=\"lazy\" decoding=\"async\" width=\"1024\" height=\"769\" src=\"https:\/\/www.jurajski-fotoklub.pl\/wp-content\/uploads\/2023\/03\/Krysia-Jachura3-1-1024x769.jpg\" alt=\"\" data-id=\"4921\" data-full-url=\"https:\/\/www.jurajski-fotoklub.pl\/wp-content\/uploads\/2023\/03\/Krysia-Jachura3-1-scaled.jpg\" data-link=\"https:\/\/www.jurajski-fotoklub.pl\/?attachment_id=4921\" class=\"wp-image-4921\" srcset=\"https:\/\/www.jurajski-fotoklub.pl\/wp-content\/uploads\/2023\/03\/Krysia-Jachura3-1-1024x769.jpg 1024w, https:\/\/www.jurajski-fotoklub.pl\/wp-content\/uploads\/2023\/03\/Krysia-Jachura3-1-300x225.jpg 300w, https:\/\/www.jurajski-fotoklub.pl\/wp-content\/uploads\/2023\/03\/Krysia-Jachura3-1-200x150.jpg 200w, https:\/\/www.jurajski-fotoklub.pl\/wp-content\/uploads\/2023\/03\/Krysia-Jachura3-1-768x577.jpg 768w, https:\/\/www.jurajski-fotoklub.pl\/wp-content\/uploads\/2023\/03\/Krysia-Jachura3-1-1536x1153.jpg 1536w, https:\/\/www.jurajski-fotoklub.pl\/wp-content\/uploads\/2023\/03\/Krysia-Jachura3-1-2048x1538.jpg 2048w\" sizes=\"auto, (max-width: 1024px) 100vw, 1024px\" \/><\/figure><\/li><\/ul><figcaption class=\"blocks-gallery-caption\">Pawe\u0142 Klekowski<\/figcaption><\/figure>\n\n\n\n<figure class=\"wp-block-gallery columns-3 is-cropped wp-block-gallery-5 is-layout-flex wp-block-gallery-is-layout-flex\"><ul class=\"blocks-gallery-grid\"><li class=\"blocks-gallery-item\"><figure><img loading=\"lazy\" decoding=\"async\" width=\"1024\" height=\"768\" src=\"https:\/\/www.jurajski-fotoklub.pl\/wp-content\/uploads\/2023\/03\/Pawel-Klekowski1-1-1024x768.jpg\" alt=\"\" data-id=\"4922\" data-full-url=\"https:\/\/www.jurajski-fotoklub.pl\/wp-content\/uploads\/2023\/03\/Pawel-Klekowski1-1.jpg\" data-link=\"https:\/\/www.jurajski-fotoklub.pl\/?attachment_id=4922\" class=\"wp-image-4922\" srcset=\"https:\/\/www.jurajski-fotoklub.pl\/wp-content\/uploads\/2023\/03\/Pawel-Klekowski1-1-1024x768.jpg 1024w, https:\/\/www.jurajski-fotoklub.pl\/wp-content\/uploads\/2023\/03\/Pawel-Klekowski1-1-300x225.jpg 300w, https:\/\/www.jurajski-fotoklub.pl\/wp-content\/uploads\/2023\/03\/Pawel-Klekowski1-1-200x150.jpg 200w, https:\/\/www.jurajski-fotoklub.pl\/wp-content\/uploads\/2023\/03\/Pawel-Klekowski1-1-768x576.jpg 768w, https:\/\/www.jurajski-fotoklub.pl\/wp-content\/uploads\/2023\/03\/Pawel-Klekowski1-1-1536x1152.jpg 1536w, https:\/\/www.jurajski-fotoklub.pl\/wp-content\/uploads\/2023\/03\/Pawel-Klekowski1-1.jpg 2048w\" sizes=\"auto, (max-width: 1024px) 100vw, 1024px\" \/><\/figure><\/li><li class=\"blocks-gallery-item\"><figure><img loading=\"lazy\" decoding=\"async\" width=\"1024\" height=\"768\" src=\"https:\/\/www.jurajski-fotoklub.pl\/wp-content\/uploads\/2023\/03\/Pawel-Klekowski2-1-1024x768.jpg\" alt=\"\" data-id=\"4923\" data-full-url=\"https:\/\/www.jurajski-fotoklub.pl\/wp-content\/uploads\/2023\/03\/Pawel-Klekowski2-1.jpg\" data-link=\"https:\/\/www.jurajski-fotoklub.pl\/?attachment_id=4923\" class=\"wp-image-4923\" srcset=\"https:\/\/www.jurajski-fotoklub.pl\/wp-content\/uploads\/2023\/03\/Pawel-Klekowski2-1-1024x768.jpg 1024w, https:\/\/www.jurajski-fotoklub.pl\/wp-content\/uploads\/2023\/03\/Pawel-Klekowski2-1-300x225.jpg 300w, https:\/\/www.jurajski-fotoklub.pl\/wp-content\/uploads\/2023\/03\/Pawel-Klekowski2-1-200x150.jpg 200w, https:\/\/www.jurajski-fotoklub.pl\/wp-content\/uploads\/2023\/03\/Pawel-Klekowski2-1-768x576.jpg 768w, https:\/\/www.jurajski-fotoklub.pl\/wp-content\/uploads\/2023\/03\/Pawel-Klekowski2-1-1536x1152.jpg 1536w, https:\/\/www.jurajski-fotoklub.pl\/wp-content\/uploads\/2023\/03\/Pawel-Klekowski2-1.jpg 2048w\" sizes=\"auto, (max-width: 1024px) 100vw, 1024px\" \/><\/figure><\/li><li class=\"blocks-gallery-item\"><figure><img loading=\"lazy\" decoding=\"async\" width=\"1024\" height=\"768\" src=\"https:\/\/www.jurajski-fotoklub.pl\/wp-content\/uploads\/2023\/03\/Pawel-Klekowski3-1-1024x768.jpg\" alt=\"\" data-id=\"4924\" data-full-url=\"https:\/\/www.jurajski-fotoklub.pl\/wp-content\/uploads\/2023\/03\/Pawel-Klekowski3-1.jpg\" data-link=\"https:\/\/www.jurajski-fotoklub.pl\/?attachment_id=4924\" class=\"wp-image-4924\" srcset=\"https:\/\/www.jurajski-fotoklub.pl\/wp-content\/uploads\/2023\/03\/Pawel-Klekowski3-1-1024x768.jpg 1024w, https:\/\/www.jurajski-fotoklub.pl\/wp-content\/uploads\/2023\/03\/Pawel-Klekowski3-1-300x225.jpg 300w, https:\/\/www.jurajski-fotoklub.pl\/wp-content\/uploads\/2023\/03\/Pawel-Klekowski3-1-200x150.jpg 200w, https:\/\/www.jurajski-fotoklub.pl\/wp-content\/uploads\/2023\/03\/Pawel-Klekowski3-1-768x576.jpg 768w, https:\/\/www.jurajski-fotoklub.pl\/wp-content\/uploads\/2023\/03\/Pawel-Klekowski3-1-1536x1152.jpg 1536w, https:\/\/www.jurajski-fotoklub.pl\/wp-content\/uploads\/2023\/03\/Pawel-Klekowski3-1.jpg 2048w\" sizes=\"auto, (max-width: 1024px) 100vw, 1024px\" \/><\/figure><\/li><\/ul><figcaption class=\"blocks-gallery-caption\">Dorota Pliszka<\/figcaption><\/figure>\n\n\n\n<figure class=\"wp-block-gallery columns-3 is-cropped wp-block-gallery-6 is-layout-flex wp-block-gallery-is-layout-flex\"><ul class=\"blocks-gallery-grid\"><li class=\"blocks-gallery-item\"><figure><img loading=\"lazy\" decoding=\"async\" width=\"1024\" height=\"683\" src=\"https:\/\/www.jurajski-fotoklub.pl\/wp-content\/uploads\/2023\/03\/DP2-1-1-1024x683.jpg\" alt=\"\" data-id=\"4933\" data-full-url=\"https:\/\/www.jurajski-fotoklub.pl\/wp-content\/uploads\/2023\/03\/DP2-1-1-scaled.jpg\" data-link=\"https:\/\/www.jurajski-fotoklub.pl\/index.php\/konkurs-fotograficzny-marzec-2023-bloto\/dp2-1-1\/\" class=\"wp-image-4933\" srcset=\"https:\/\/www.jurajski-fotoklub.pl\/wp-content\/uploads\/2023\/03\/DP2-1-1-1024x683.jpg 1024w, https:\/\/www.jurajski-fotoklub.pl\/wp-content\/uploads\/2023\/03\/DP2-1-1-300x200.jpg 300w, https:\/\/www.jurajski-fotoklub.pl\/wp-content\/uploads\/2023\/03\/DP2-1-1-768x512.jpg 768w, https:\/\/www.jurajski-fotoklub.pl\/wp-content\/uploads\/2023\/03\/DP2-1-1-1536x1024.jpg 1536w, https:\/\/www.jurajski-fotoklub.pl\/wp-content\/uploads\/2023\/03\/DP2-1-1-2048x1365.jpg 2048w\" sizes=\"auto, (max-width: 1024px) 100vw, 1024px\" \/><\/figure><\/li><li class=\"blocks-gallery-item\"><figure><img loading=\"lazy\" decoding=\"async\" width=\"768\" height=\"1024\" src=\"https:\/\/www.jurajski-fotoklub.pl\/wp-content\/uploads\/2023\/03\/DP2-2-1-768x1024.jpg\" alt=\"\" data-id=\"4934\" data-full-url=\"https:\/\/www.jurajski-fotoklub.pl\/wp-content\/uploads\/2023\/03\/DP2-2-1-scaled.jpg\" data-link=\"https:\/\/www.jurajski-fotoklub.pl\/index.php\/konkurs-fotograficzny-marzec-2023-bloto\/dp2-2-1\/\" class=\"wp-image-4934\" srcset=\"https:\/\/www.jurajski-fotoklub.pl\/wp-content\/uploads\/2023\/03\/DP2-2-1-768x1024.jpg 768w, https:\/\/www.jurajski-fotoklub.pl\/wp-content\/uploads\/2023\/03\/DP2-2-1-225x300.jpg 225w, https:\/\/www.jurajski-fotoklub.pl\/wp-content\/uploads\/2023\/03\/DP2-2-1-1152x1536.jpg 1152w, https:\/\/www.jurajski-fotoklub.pl\/wp-content\/uploads\/2023\/03\/DP2-2-1-1536x2048.jpg 1536w, https:\/\/www.jurajski-fotoklub.pl\/wp-content\/uploads\/2023\/03\/DP2-2-1-scaled.jpg 1920w\" sizes=\"auto, (max-width: 768px) 100vw, 768px\" \/><\/figure><\/li><li class=\"blocks-gallery-item\"><figure><img loading=\"lazy\" decoding=\"async\" width=\"1024\" height=\"682\" src=\"https:\/\/www.jurajski-fotoklub.pl\/wp-content\/uploads\/2023\/03\/DP3-1-1024x682.jpg\" alt=\"\" data-id=\"4935\" data-full-url=\"https:\/\/www.jurajski-fotoklub.pl\/wp-content\/uploads\/2023\/03\/DP3-1-scaled.jpg\" data-link=\"https:\/\/www.jurajski-fotoklub.pl\/index.php\/konkurs-fotograficzny-marzec-2023-bloto\/dp3-1\/\" class=\"wp-image-4935\" srcset=\"https:\/\/www.jurajski-fotoklub.pl\/wp-content\/uploads\/2023\/03\/DP3-1-1024x682.jpg 1024w, https:\/\/www.jurajski-fotoklub.pl\/wp-content\/uploads\/2023\/03\/DP3-1-300x200.jpg 300w, https:\/\/www.jurajski-fotoklub.pl\/wp-content\/uploads\/2023\/03\/DP3-1-768x512.jpg 768w, https:\/\/www.jurajski-fotoklub.pl\/wp-content\/uploads\/2023\/03\/DP3-1-1536x1023.jpg 1536w, https:\/\/www.jurajski-fotoklub.pl\/wp-content\/uploads\/2023\/03\/DP3-1-2048x1364.jpg 2048w\" sizes=\"auto, (max-width: 1024px) 100vw, 1024px\" \/><\/figure><\/li><\/ul><\/figure>\n\n\n\n<p>Tytu\u0142 konkursu czerwcowego: &#8222;DYM&#8221;<\/p>\n","protected":false},"excerpt":{"rendered":"<p>I miejsce otrzyma\u0142a Irena Skowro\u0144ska-Gondek otrzymuj\u0105c za nagrodzone zdj\u0119cia 11 pkt, II miejsce otrzyma\u0142a Ewa Sitkowska, otrzymuj\u0105c za nagrodzone zdj\u0119cia 7 pkt, III miejsce otrzyma\u0142a Dorota Pliszka otrzymuj\u0105c za nagrodzone zdj\u0119cia 6 pkt IV miejsce otrzyma\u0142y: Nina Mazu\u015b, Krystyna Jachura, Ewa \u015awitalska, otrzymuj\u0105c za nagrodzone zdj\u0119cia 4 pkt V miejsce otrzyma\u0142 Pawe\u0142 Klekowski otrzymuj\u0105c za [&hellip;]<\/p>\n","protected":false},"author":13,"featured_media":0,"comment_status":"open","ping_status":"open","sticky":false,"template":"","format":"standard","meta":{"footnotes":""},"categories":[25],"tags":[],"class_list":["post-4881","post","type-post","status-publish","format-standard","hentry","category-konkurs"],"_links":{"self":[{"href":"https:\/\/www.jurajski-fotoklub.pl\/index.php\/wp-json\/wp\/v2\/posts\/4881","targetHints":{"allow":["GET"]}}],"collection":[{"href":"https:\/\/www.jurajski-fotoklub.pl\/index.php\/wp-json\/wp\/v2\/posts"}],"about":[{"href":"https:\/\/www.jurajski-fotoklub.pl\/index.php\/wp-json\/wp\/v2\/types\/post"}],"author":[{"embeddable":true,"href":"https:\/\/www.jurajski-fotoklub.pl\/index.php\/wp-json\/wp\/v2\/users\/13"}],"replies":[{"embeddable":true,"href":"https:\/\/www.jurajski-fotoklub.pl\/index.php\/wp-json\/wp\/v2\/comments?post=4881"}],"version-history":[{"count":13,"href":"https:\/\/www.jurajski-fotoklub.pl\/index.php\/wp-json\/wp\/v2\/posts\/4881\/revisions"}],"predecessor-version":[{"id":4940,"href":"https:\/\/www.jurajski-fotoklub.pl\/index.php\/wp-json\/wp\/v2\/posts\/4881\/revisions\/4940"}],"wp:attachment":[{"href":"https:\/\/www.jurajski-fotoklub.pl\/index.php\/wp-json\/wp\/v2\/media?parent=4881"}],"wp:term":[{"taxonomy":"category","embeddable":true,"href":"https:\/\/www.jurajski-fotoklub.pl\/index.php\/wp-json\/wp\/v2\/categories?post=4881"},{"taxonomy":"post_tag","embeddable":true,"href":"https:\/\/www.jurajski-fotoklub.pl\/index.php\/wp-json\/wp\/v2\/tags?post=4881"}],"curies":[{"name":"wp","href":"https:\/\/api.w.org\/{rel}","templated":true}]}}