{"id":4962,"date":"2023-10-05T13:12:56","date_gmt":"2023-10-05T11:12:56","guid":{"rendered":"http:\/\/www.jurajski-fotoklub.pl\/?p=4962"},"modified":"2023-12-30T17:29:23","modified_gmt":"2023-12-30T16:29:23","slug":"konkurs-fotograficzny-wrzesien-pazdziernik-2023-r-zlam-zasady","status":"publish","type":"post","link":"https:\/\/www.jurajski-fotoklub.pl\/index.php\/konkurs-fotograficzny-wrzesien-pazdziernik-2023-r-zlam-zasady\/","title":{"rendered":"Konkurs fotograficzny wrzesie\u0144 (pa\u017adziernik) 2023 r. &#8211; &#8222;Z\u0142am Zasady&#8221;"},"content":{"rendered":"\n<p id=\"block-a98c77d6-ed43-4127-8885-798402595fdd\"><br>I miejsce otrzyma\u0142a Ewa Sitkowska otrzymuj\u0105c za nagrodzone zdj\u0119cia 15 pkt,<\/p>\n\n\n\n<p id=\"block-ed8e0b46-0648-4cc9-bc3a-007a5f24a8fa\">II miejsce otrzyma\u0142a Nina Mazu\u015b, otrzymuj\u0105c za nagrodzone zdj\u0119cia 12 pkt<\/p>\n\n\n\n<p id=\"block-9cea1ae2-bb09-4ec5-a0b2-788cb86169ee\">III miejsce otrzyma\u0142a: Irena Skowro\u0144ska-Gondek, otrzymuj\u0105c za nagrodzone zdj\u0119cia 8 pkt<\/p>\n\n\n\n<p>IV miejsce otrzyma\u0142a Krystyna Jachura otrzymuj\u0105c za nagrodzone zdj\u0119cia 7 pkt.<\/p>\n\n\n\n<p id=\"block-6c8ccc4c-86bd-40b1-9aad-243c31366068\">Punktacja do rankingu rocznego, zgodnie z tabel\u0105 w Regulaminie:<br>(punkty \u2013 suma g\u0142os\u00f3w za wszystkie zg\u0142oszone zdj\u0119cia)<\/p>\n\n\n\n<figure class=\"wp-block-table is-style-regular\"><table><tbody><tr><td>1. Irena Skowro\u0144ska-Gondek<\/td><td>33 pkt<\/td><\/tr><tr><td>2. Ewa Sitkowska<\/td><td>28 pkt<\/td><\/tr><tr><td>3. Nina Mazu\u015b<\/td><td>21 pkt<\/td><\/tr><tr><td>4. Krystyna Jachura<\/td><td>17 pkt<\/td><\/tr><tr><td>5. Dorota Pliszka<\/td><td>6 pkt<\/td><\/tr><tr><td>6. Ewa \u015awitalska<\/td><td>4 pkt<\/td><\/tr><tr><td>7. Pawe\u0142 Klekowski<\/td><td>3 pkt<\/td><\/tr><\/tbody><\/table><figcaption>Ewa Sitkowska<\/figcaption><\/figure>\n\n\n\n<figure class=\"wp-block-gallery columns-3 is-cropped wp-block-gallery-1 is-layout-flex wp-block-gallery-is-layout-flex\"><ul class=\"blocks-gallery-grid\"><li class=\"blocks-gallery-item\"><figure><img loading=\"lazy\" decoding=\"async\" width=\"1024\" height=\"683\" src=\"https:\/\/www.jurajski-fotoklub.pl\/wp-content\/uploads\/2023\/10\/386886547_622390586718426_7559549465799976899_n-1024x683.jpg\" alt=\"\" data-id=\"4964\" data-link=\"https:\/\/www.jurajski-fotoklub.pl\/?attachment_id=4964\" class=\"wp-image-4964\" srcset=\"https:\/\/www.jurajski-fotoklub.pl\/wp-content\/uploads\/2023\/10\/386886547_622390586718426_7559549465799976899_n-1024x683.jpg 1024w, https:\/\/www.jurajski-fotoklub.pl\/wp-content\/uploads\/2023\/10\/386886547_622390586718426_7559549465799976899_n-300x200.jpg 300w, https:\/\/www.jurajski-fotoklub.pl\/wp-content\/uploads\/2023\/10\/386886547_622390586718426_7559549465799976899_n-768x512.jpg 768w, https:\/\/www.jurajski-fotoklub.pl\/wp-content\/uploads\/2023\/10\/386886547_622390586718426_7559549465799976899_n-1536x1024.jpg 1536w, https:\/\/www.jurajski-fotoklub.pl\/wp-content\/uploads\/2023\/10\/386886547_622390586718426_7559549465799976899_n.jpg 1557w\" sizes=\"auto, (max-width: 1024px) 100vw, 1024px\" \/><\/figure><\/li><li class=\"blocks-gallery-item\"><figure><img loading=\"lazy\" decoding=\"async\" width=\"680\" height=\"1024\" src=\"https:\/\/www.jurajski-fotoklub.pl\/wp-content\/uploads\/2023\/10\/384541894_286320837540308_2933064524703393016_n-680x1024.jpg\" alt=\"\" data-id=\"4965\" data-link=\"https:\/\/www.jurajski-fotoklub.pl\/?attachment_id=4965\" class=\"wp-image-4965\" srcset=\"https:\/\/www.jurajski-fotoklub.pl\/wp-content\/uploads\/2023\/10\/384541894_286320837540308_2933064524703393016_n-680x1024.jpg 680w, https:\/\/www.jurajski-fotoklub.pl\/wp-content\/uploads\/2023\/10\/384541894_286320837540308_2933064524703393016_n-199x300.jpg 199w, https:\/\/www.jurajski-fotoklub.pl\/wp-content\/uploads\/2023\/10\/384541894_286320837540308_2933064524703393016_n-768x1157.jpg 768w, https:\/\/www.jurajski-fotoklub.pl\/wp-content\/uploads\/2023\/10\/384541894_286320837540308_2933064524703393016_n-1020x1536.jpg 1020w, https:\/\/www.jurajski-fotoklub.pl\/wp-content\/uploads\/2023\/10\/384541894_286320837540308_2933064524703393016_n.jpg 1360w\" sizes=\"auto, (max-width: 680px) 100vw, 680px\" \/><\/figure><\/li><li class=\"blocks-gallery-item\"><figure><img loading=\"lazy\" decoding=\"async\" width=\"698\" height=\"1024\" src=\"https:\/\/www.jurajski-fotoklub.pl\/wp-content\/uploads\/2023\/10\/384547041_852476913024565_6351283368548572876_n-698x1024.jpg\" alt=\"\" data-id=\"4966\" data-full-url=\"https:\/\/www.jurajski-fotoklub.pl\/wp-content\/uploads\/2023\/10\/384547041_852476913024565_6351283368548572876_n.jpg\" data-link=\"https:\/\/www.jurajski-fotoklub.pl\/?attachment_id=4966\" class=\"wp-image-4966\" srcset=\"https:\/\/www.jurajski-fotoklub.pl\/wp-content\/uploads\/2023\/10\/384547041_852476913024565_6351283368548572876_n-698x1024.jpg 698w, https:\/\/www.jurajski-fotoklub.pl\/wp-content\/uploads\/2023\/10\/384547041_852476913024565_6351283368548572876_n-204x300.jpg 204w, https:\/\/www.jurajski-fotoklub.pl\/wp-content\/uploads\/2023\/10\/384547041_852476913024565_6351283368548572876_n-768x1127.jpg 768w, https:\/\/www.jurajski-fotoklub.pl\/wp-content\/uploads\/2023\/10\/384547041_852476913024565_6351283368548572876_n-1047x1536.jpg 1047w, https:\/\/www.jurajski-fotoklub.pl\/wp-content\/uploads\/2023\/10\/384547041_852476913024565_6351283368548572876_n.jpg 1347w\" sizes=\"auto, (max-width: 698px) 100vw, 698px\" \/><\/figure><\/li><\/ul><figcaption class=\"blocks-gallery-caption\">Nina Mazu\u015b<\/figcaption><\/figure>\n\n\n\n<figure class=\"wp-block-gallery columns-3 is-cropped wp-block-gallery-2 is-layout-flex wp-block-gallery-is-layout-flex\"><ul class=\"blocks-gallery-grid\"><li class=\"blocks-gallery-item\"><figure><img loading=\"lazy\" decoding=\"async\" width=\"888\" height=\"666\" src=\"https:\/\/www.jurajski-fotoklub.pl\/wp-content\/uploads\/2023\/10\/ZZ2-1.jpg\" alt=\"\" data-id=\"4972\" data-link=\"https:\/\/www.jurajski-fotoklub.pl\/index.php\/konkurs-fotograficzny-wrzesien-pazdziernik-2023-r-zlam-zasady\/zz2-1\/\" class=\"wp-image-4972\" srcset=\"https:\/\/www.jurajski-fotoklub.pl\/wp-content\/uploads\/2023\/10\/ZZ2-1.jpg 888w, https:\/\/www.jurajski-fotoklub.pl\/wp-content\/uploads\/2023\/10\/ZZ2-1-300x225.jpg 300w, https:\/\/www.jurajski-fotoklub.pl\/wp-content\/uploads\/2023\/10\/ZZ2-1-200x150.jpg 200w, https:\/\/www.jurajski-fotoklub.pl\/wp-content\/uploads\/2023\/10\/ZZ2-1-768x576.jpg 768w\" sizes=\"auto, (max-width: 888px) 100vw, 888px\" \/><\/figure><\/li><li class=\"blocks-gallery-item\"><figure><img loading=\"lazy\" decoding=\"async\" width=\"1024\" height=\"771\" src=\"https:\/\/www.jurajski-fotoklub.pl\/wp-content\/uploads\/2023\/10\/ZZ3a-1024x771.jpg\" alt=\"\" data-id=\"4977\" data-link=\"https:\/\/www.jurajski-fotoklub.pl\/index.php\/konkurs-fotograficzny-wrzesien-pazdziernik-2023-r-zlam-zasady\/zz3a\/\" class=\"wp-image-4977\" srcset=\"https:\/\/www.jurajski-fotoklub.pl\/wp-content\/uploads\/2023\/10\/ZZ3a-1024x771.jpg 1024w, https:\/\/www.jurajski-fotoklub.pl\/wp-content\/uploads\/2023\/10\/ZZ3a-300x226.jpg 300w, https:\/\/www.jurajski-fotoklub.pl\/wp-content\/uploads\/2023\/10\/ZZ3a-200x150.jpg 200w, https:\/\/www.jurajski-fotoklub.pl\/wp-content\/uploads\/2023\/10\/ZZ3a-768x578.jpg 768w, https:\/\/www.jurajski-fotoklub.pl\/wp-content\/uploads\/2023\/10\/ZZ3a.jpg 1200w\" sizes=\"auto, (max-width: 1024px) 100vw, 1024px\" \/><\/figure><\/li><li class=\"blocks-gallery-item\"><figure><img loading=\"lazy\" decoding=\"async\" width=\"1024\" height=\"770\" src=\"https:\/\/www.jurajski-fotoklub.pl\/wp-content\/uploads\/2023\/10\/ZZ1a-1-1024x770.jpg\" alt=\"\" data-id=\"4978\" data-full-url=\"https:\/\/www.jurajski-fotoklub.pl\/wp-content\/uploads\/2023\/10\/ZZ1a-1.jpg\" data-link=\"https:\/\/www.jurajski-fotoklub.pl\/index.php\/konkurs-fotograficzny-wrzesien-pazdziernik-2023-r-zlam-zasady\/zz1a-1\/\" class=\"wp-image-4978\" srcset=\"https:\/\/www.jurajski-fotoklub.pl\/wp-content\/uploads\/2023\/10\/ZZ1a-1-1024x770.jpg 1024w, https:\/\/www.jurajski-fotoklub.pl\/wp-content\/uploads\/2023\/10\/ZZ1a-1-300x226.jpg 300w, https:\/\/www.jurajski-fotoklub.pl\/wp-content\/uploads\/2023\/10\/ZZ1a-1-200x150.jpg 200w, https:\/\/www.jurajski-fotoklub.pl\/wp-content\/uploads\/2023\/10\/ZZ1a-1-768x577.jpg 768w, https:\/\/www.jurajski-fotoklub.pl\/wp-content\/uploads\/2023\/10\/ZZ1a-1.jpg 1200w\" sizes=\"auto, (max-width: 1024px) 100vw, 1024px\" \/><\/figure><\/li><\/ul><\/figure>\n","protected":false},"excerpt":{"rendered":"<p>I miejsce otrzyma\u0142a Ewa Sitkowska otrzymuj\u0105c za nagrodzone zdj\u0119cia 15 pkt, II miejsce otrzyma\u0142a Nina Mazu\u015b, otrzymuj\u0105c za nagrodzone zdj\u0119cia 12 pkt III miejsce otrzyma\u0142a: Irena Skowro\u0144ska-Gondek, otrzymuj\u0105c za nagrodzone zdj\u0119cia 8 pkt IV miejsce otrzyma\u0142a Krystyna Jachura otrzymuj\u0105c za nagrodzone zdj\u0119cia 7 pkt. Punktacja do rankingu rocznego, zgodnie z tabel\u0105 w Regulaminie:(punkty \u2013 suma [&hellip;]<\/p>\n","protected":false},"author":13,"featured_media":0,"comment_status":"open","ping_status":"open","sticky":false,"template":"","format":"standard","meta":{"footnotes":""},"categories":[25],"tags":[],"class_list":["post-4962","post","type-post","status-publish","format-standard","hentry","category-konkurs"],"_links":{"self":[{"href":"https:\/\/www.jurajski-fotoklub.pl\/index.php\/wp-json\/wp\/v2\/posts\/4962","targetHints":{"allow":["GET"]}}],"collection":[{"href":"https:\/\/www.jurajski-fotoklub.pl\/index.php\/wp-json\/wp\/v2\/posts"}],"about":[{"href":"https:\/\/www.jurajski-fotoklub.pl\/index.php\/wp-json\/wp\/v2\/types\/post"}],"author":[{"embeddable":true,"href":"https:\/\/www.jurajski-fotoklub.pl\/index.php\/wp-json\/wp\/v2\/users\/13"}],"replies":[{"embeddable":true,"href":"https:\/\/www.jurajski-fotoklub.pl\/index.php\/wp-json\/wp\/v2\/comments?post=4962"}],"version-history":[{"count":3,"href":"https:\/\/www.jurajski-fotoklub.pl\/index.php\/wp-json\/wp\/v2\/posts\/4962\/revisions"}],"predecessor-version":[{"id":4979,"href":"https:\/\/www.jurajski-fotoklub.pl\/index.php\/wp-json\/wp\/v2\/posts\/4962\/revisions\/4979"}],"wp:attachment":[{"href":"https:\/\/www.jurajski-fotoklub.pl\/index.php\/wp-json\/wp\/v2\/media?parent=4962"}],"wp:term":[{"taxonomy":"category","embeddable":true,"href":"https:\/\/www.jurajski-fotoklub.pl\/index.php\/wp-json\/wp\/v2\/categories?post=4962"},{"taxonomy":"post_tag","embeddable":true,"href":"https:\/\/www.jurajski-fotoklub.pl\/index.php\/wp-json\/wp\/v2\/tags?post=4962"}],"curies":[{"name":"wp","href":"https:\/\/api.w.org\/{rel}","templated":true}]}}