{"id":4985,"date":"2023-12-30T18:41:56","date_gmt":"2023-12-30T17:41:56","guid":{"rendered":"https:\/\/www.jurajski-fotoklub.pl\/?p=4985"},"modified":"2023-12-30T18:41:58","modified_gmt":"2023-12-30T17:41:58","slug":"konkurs-fotograficzny-grudzien-2023-r-destabilizacja","status":"publish","type":"post","link":"https:\/\/www.jurajski-fotoklub.pl\/index.php\/konkurs-fotograficzny-grudzien-2023-r-destabilizacja\/","title":{"rendered":"Konkurs fotograficzny grudzie\u0144  2023 r. &#8211; &#8222;Destabilizacja&#8221;"},"content":{"rendered":"\n<p>I miejsce zaj\u0119\u0142a Krystyna Jachura, kt\u00f3ra otrzyma\u0142a 15 punkt\u00f3w za swoje zdj\u0119cia.<\/p>\n\n\n\n<p>II miejsce zaj\u0119\u0142a Nina Mazu\u015b, kt\u00f3ra otrzyma\u0142a 14 punkt\u00f3w za swoje zdj\u0119cia.<\/p>\n\n\n\n<p>III miejsce zaj\u0119\u0142a Ewa Sitkowska, kt\u00f3ra otrzyma\u0142a 10 punkt\u00f3w za swoje zdj\u0119cia.<\/p>\n\n\n\n<p>IV miejsce zaj\u0119\u0142a Irena Skowro\u0144ska-Gondek, kt\u00f3ra otrzyma\u0142a 7 punkt\u00f3w za swoje zdj\u0119cia.<\/p>\n\n\n\n<p> Punktacja do rankingu rocznego, zgodnie z tabel\u0105 w Regulaminie:<br>(punkty \u2013 suma g\u0142os\u00f3w za wszystkie zg\u0142oszone zdj\u0119cia) <\/p>\n\n\n\n<p><\/p>\n\n\n\n<figure class=\"wp-block-table\"><table><tbody><tr><td>1. Irena Skowro\u0144ska-Gondek<\/td><td>40 pkt<\/td><\/tr><tr><td>2. Ewa Sitkowska<\/td><td>38 pkt<\/td><\/tr><tr><td>3. Nina Mazu\u015b<\/td><td>35 pkt<\/td><\/tr><tr><td>4. Krystyna Jachura<\/td><td>32 pkt<\/td><\/tr><tr><td>5. Dorota Pliszka<\/td><td>6 pkt<\/td><\/tr><tr><td>6. Ewa \u015awitalska<\/td><td>4 pkt<\/td><\/tr><tr><td>7. Pawe\u0142 Klekowski<\/td><td>3 pkt<\/td><\/tr><\/tbody><\/table><\/figure>\n\n\n\n<figure class=\"wp-block-gallery columns-3 is-cropped wp-block-gallery-1 is-layout-flex wp-block-gallery-is-layout-flex\"><ul class=\"blocks-gallery-grid\"><li class=\"blocks-gallery-item\"><figure><img loading=\"lazy\" decoding=\"async\" width=\"1024\" height=\"683\" src=\"https:\/\/www.jurajski-fotoklub.pl\/wp-content\/uploads\/2023\/12\/IG1-1024x683.jpg\" alt=\"\" data-id=\"4991\" data-full-url=\"https:\/\/www.jurajski-fotoklub.pl\/wp-content\/uploads\/2023\/12\/IG1-scaled.jpg\" data-link=\"https:\/\/www.jurajski-fotoklub.pl\/?attachment_id=4991\" class=\"wp-image-4991\" srcset=\"https:\/\/www.jurajski-fotoklub.pl\/wp-content\/uploads\/2023\/12\/IG1-1024x683.jpg 1024w, https:\/\/www.jurajski-fotoklub.pl\/wp-content\/uploads\/2023\/12\/IG1-300x200.jpg 300w, https:\/\/www.jurajski-fotoklub.pl\/wp-content\/uploads\/2023\/12\/IG1-768x513.jpg 768w, https:\/\/www.jurajski-fotoklub.pl\/wp-content\/uploads\/2023\/12\/IG1-1536x1025.jpg 1536w, https:\/\/www.jurajski-fotoklub.pl\/wp-content\/uploads\/2023\/12\/IG1-2048x1367.jpg 2048w\" sizes=\"auto, (max-width: 1024px) 100vw, 1024px\" \/><\/figure><\/li><li class=\"blocks-gallery-item\"><figure><img loading=\"lazy\" decoding=\"async\" width=\"1024\" height=\"682\" src=\"https:\/\/www.jurajski-fotoklub.pl\/wp-content\/uploads\/2023\/12\/IG2-1024x682.jpg\" alt=\"\" data-id=\"4992\" data-full-url=\"https:\/\/www.jurajski-fotoklub.pl\/wp-content\/uploads\/2023\/12\/IG2-scaled.jpg\" data-link=\"https:\/\/www.jurajski-fotoklub.pl\/?attachment_id=4992\" class=\"wp-image-4992\" srcset=\"https:\/\/www.jurajski-fotoklub.pl\/wp-content\/uploads\/2023\/12\/IG2-1024x682.jpg 1024w, https:\/\/www.jurajski-fotoklub.pl\/wp-content\/uploads\/2023\/12\/IG2-300x200.jpg 300w, https:\/\/www.jurajski-fotoklub.pl\/wp-content\/uploads\/2023\/12\/IG2-768x512.jpg 768w, https:\/\/www.jurajski-fotoklub.pl\/wp-content\/uploads\/2023\/12\/IG2-1536x1023.jpg 1536w, https:\/\/www.jurajski-fotoklub.pl\/wp-content\/uploads\/2023\/12\/IG2-2048x1364.jpg 2048w\" sizes=\"auto, (max-width: 1024px) 100vw, 1024px\" \/><\/figure><\/li><li class=\"blocks-gallery-item\"><figure><img loading=\"lazy\" decoding=\"async\" width=\"1024\" height=\"682\" src=\"https:\/\/www.jurajski-fotoklub.pl\/wp-content\/uploads\/2023\/12\/IG3-1024x682.jpg\" alt=\"\" data-id=\"4993\" data-full-url=\"https:\/\/www.jurajski-fotoklub.pl\/wp-content\/uploads\/2023\/12\/IG3-scaled.jpg\" data-link=\"https:\/\/www.jurajski-fotoklub.pl\/?attachment_id=4993\" class=\"wp-image-4993\" srcset=\"https:\/\/www.jurajski-fotoklub.pl\/wp-content\/uploads\/2023\/12\/IG3-1024x682.jpg 1024w, https:\/\/www.jurajski-fotoklub.pl\/wp-content\/uploads\/2023\/12\/IG3-300x200.jpg 300w, https:\/\/www.jurajski-fotoklub.pl\/wp-content\/uploads\/2023\/12\/IG3-768x512.jpg 768w, https:\/\/www.jurajski-fotoklub.pl\/wp-content\/uploads\/2023\/12\/IG3-1536x1023.jpg 1536w, https:\/\/www.jurajski-fotoklub.pl\/wp-content\/uploads\/2023\/12\/IG3-2048x1364.jpg 2048w\" sizes=\"auto, (max-width: 1024px) 100vw, 1024px\" \/><\/figure><\/li><li class=\"blocks-gallery-item\"><figure><img loading=\"lazy\" decoding=\"async\" width=\"1024\" height=\"722\" src=\"https:\/\/www.jurajski-fotoklub.pl\/wp-content\/uploads\/2023\/12\/IG4-1024x722.jpg\" alt=\"\" data-id=\"4994\" data-full-url=\"https:\/\/www.jurajski-fotoklub.pl\/wp-content\/uploads\/2023\/12\/IG4-scaled.jpg\" data-link=\"https:\/\/www.jurajski-fotoklub.pl\/?attachment_id=4994\" class=\"wp-image-4994\" srcset=\"https:\/\/www.jurajski-fotoklub.pl\/wp-content\/uploads\/2023\/12\/IG4-1024x722.jpg 1024w, https:\/\/www.jurajski-fotoklub.pl\/wp-content\/uploads\/2023\/12\/IG4-300x212.jpg 300w, https:\/\/www.jurajski-fotoklub.pl\/wp-content\/uploads\/2023\/12\/IG4-768x542.jpg 768w, https:\/\/www.jurajski-fotoklub.pl\/wp-content\/uploads\/2023\/12\/IG4-1536x1083.jpg 1536w, https:\/\/www.jurajski-fotoklub.pl\/wp-content\/uploads\/2023\/12\/IG4-2048x1445.jpg 2048w\" sizes=\"auto, (max-width: 1024px) 100vw, 1024px\" \/><\/figure><\/li><\/ul><figcaption class=\"blocks-gallery-caption\">Irena Skowro\u0144ska-Gondek<\/figcaption><\/figure>\n\n\n\n<figure class=\"wp-block-gallery columns-3 is-cropped wp-block-gallery-2 is-layout-flex wp-block-gallery-is-layout-flex\"><ul class=\"blocks-gallery-grid\"><li class=\"blocks-gallery-item\"><figure><img loading=\"lazy\" decoding=\"async\" width=\"1024\" height=\"767\" src=\"https:\/\/www.jurajski-fotoklub.pl\/wp-content\/uploads\/2023\/12\/KJ1-1024x767.jpg\" alt=\"\" data-id=\"4996\" data-full-url=\"https:\/\/www.jurajski-fotoklub.pl\/wp-content\/uploads\/2023\/12\/KJ1-scaled.jpg\" data-link=\"https:\/\/www.jurajski-fotoklub.pl\/?attachment_id=4996\" class=\"wp-image-4996\" srcset=\"https:\/\/www.jurajski-fotoklub.pl\/wp-content\/uploads\/2023\/12\/KJ1-1024x767.jpg 1024w, https:\/\/www.jurajski-fotoklub.pl\/wp-content\/uploads\/2023\/12\/KJ1-300x225.jpg 300w, https:\/\/www.jurajski-fotoklub.pl\/wp-content\/uploads\/2023\/12\/KJ1-200x150.jpg 200w, https:\/\/www.jurajski-fotoklub.pl\/wp-content\/uploads\/2023\/12\/KJ1-768x575.jpg 768w, https:\/\/www.jurajski-fotoklub.pl\/wp-content\/uploads\/2023\/12\/KJ1-1536x1150.jpg 1536w, https:\/\/www.jurajski-fotoklub.pl\/wp-content\/uploads\/2023\/12\/KJ1-2048x1534.jpg 2048w\" sizes=\"auto, (max-width: 1024px) 100vw, 1024px\" \/><\/figure><\/li><li class=\"blocks-gallery-item\"><figure><img loading=\"lazy\" decoding=\"async\" width=\"1024\" height=\"769\" src=\"https:\/\/www.jurajski-fotoklub.pl\/wp-content\/uploads\/2023\/12\/KJ2-1024x769.jpg\" alt=\"\" data-id=\"4997\" data-full-url=\"https:\/\/www.jurajski-fotoklub.pl\/wp-content\/uploads\/2023\/12\/KJ2-scaled.jpg\" data-link=\"https:\/\/www.jurajski-fotoklub.pl\/?attachment_id=4997\" class=\"wp-image-4997\" srcset=\"https:\/\/www.jurajski-fotoklub.pl\/wp-content\/uploads\/2023\/12\/KJ2-1024x769.jpg 1024w, https:\/\/www.jurajski-fotoklub.pl\/wp-content\/uploads\/2023\/12\/KJ2-300x225.jpg 300w, https:\/\/www.jurajski-fotoklub.pl\/wp-content\/uploads\/2023\/12\/KJ2-200x150.jpg 200w, https:\/\/www.jurajski-fotoklub.pl\/wp-content\/uploads\/2023\/12\/KJ2-768x577.jpg 768w, https:\/\/www.jurajski-fotoklub.pl\/wp-content\/uploads\/2023\/12\/KJ2-1536x1154.jpg 1536w, https:\/\/www.jurajski-fotoklub.pl\/wp-content\/uploads\/2023\/12\/KJ2-2048x1539.jpg 2048w\" sizes=\"auto, (max-width: 1024px) 100vw, 1024px\" \/><\/figure><\/li><li class=\"blocks-gallery-item\"><figure><img loading=\"lazy\" decoding=\"async\" width=\"1024\" height=\"768\" src=\"https:\/\/www.jurajski-fotoklub.pl\/wp-content\/uploads\/2023\/12\/KJ3-1024x768.jpg\" alt=\"\" data-id=\"4998\" data-full-url=\"https:\/\/www.jurajski-fotoklub.pl\/wp-content\/uploads\/2023\/12\/KJ3-scaled.jpg\" data-link=\"https:\/\/www.jurajski-fotoklub.pl\/?attachment_id=4998\" class=\"wp-image-4998\" srcset=\"https:\/\/www.jurajski-fotoklub.pl\/wp-content\/uploads\/2023\/12\/KJ3-1024x768.jpg 1024w, https:\/\/www.jurajski-fotoklub.pl\/wp-content\/uploads\/2023\/12\/KJ3-300x225.jpg 300w, https:\/\/www.jurajski-fotoklub.pl\/wp-content\/uploads\/2023\/12\/KJ3-200x150.jpg 200w, https:\/\/www.jurajski-fotoklub.pl\/wp-content\/uploads\/2023\/12\/KJ3-768x576.jpg 768w, https:\/\/www.jurajski-fotoklub.pl\/wp-content\/uploads\/2023\/12\/KJ3-1536x1152.jpg 1536w, https:\/\/www.jurajski-fotoklub.pl\/wp-content\/uploads\/2023\/12\/KJ3-2048x1535.jpg 2048w\" sizes=\"auto, (max-width: 1024px) 100vw, 1024px\" \/><\/figure><\/li><\/ul><figcaption class=\"blocks-gallery-caption\">Krystyna Jachura<\/figcaption><\/figure>\n\n\n\n<p><\/p>\n\n\n\n<p>Podsumowuj\u0105c wyniki wszystkich czterech konkurs\u00f3w fotograficznych w bie\u017c\u0105cym roku, mamy przyjemno\u015b\u0107 og\u0142osi\u0107 i\u017c tytu\u0142 &#8222;Fotograf roku 2023&#8221; uzyskuje Irena Skowro\u0144ska-Gondek.<\/p>\n","protected":false},"excerpt":{"rendered":"<p>I miejsce zaj\u0119\u0142a Krystyna Jachura, kt\u00f3ra otrzyma\u0142a 15 punkt\u00f3w za swoje zdj\u0119cia. II miejsce zaj\u0119\u0142a Nina Mazu\u015b, kt\u00f3ra otrzyma\u0142a 14 punkt\u00f3w za swoje zdj\u0119cia. III miejsce zaj\u0119\u0142a Ewa Sitkowska, kt\u00f3ra otrzyma\u0142a 10 punkt\u00f3w za swoje zdj\u0119cia. IV miejsce zaj\u0119\u0142a Irena Skowro\u0144ska-Gondek, kt\u00f3ra otrzyma\u0142a 7 punkt\u00f3w za swoje zdj\u0119cia. Punktacja do rankingu rocznego, zgodnie z tabel\u0105 [&hellip;]<\/p>\n","protected":false},"author":13,"featured_media":0,"comment_status":"open","ping_status":"open","sticky":false,"template":"","format":"standard","meta":{"footnotes":""},"categories":[25],"tags":[],"class_list":["post-4985","post","type-post","status-publish","format-standard","hentry","category-konkurs"],"_links":{"self":[{"href":"https:\/\/www.jurajski-fotoklub.pl\/index.php\/wp-json\/wp\/v2\/posts\/4985","targetHints":{"allow":["GET"]}}],"collection":[{"href":"https:\/\/www.jurajski-fotoklub.pl\/index.php\/wp-json\/wp\/v2\/posts"}],"about":[{"href":"https:\/\/www.jurajski-fotoklub.pl\/index.php\/wp-json\/wp\/v2\/types\/post"}],"author":[{"embeddable":true,"href":"https:\/\/www.jurajski-fotoklub.pl\/index.php\/wp-json\/wp\/v2\/users\/13"}],"replies":[{"embeddable":true,"href":"https:\/\/www.jurajski-fotoklub.pl\/index.php\/wp-json\/wp\/v2\/comments?post=4985"}],"version-history":[{"count":9,"href":"https:\/\/www.jurajski-fotoklub.pl\/index.php\/wp-json\/wp\/v2\/posts\/4985\/revisions"}],"predecessor-version":[{"id":5001,"href":"https:\/\/www.jurajski-fotoklub.pl\/index.php\/wp-json\/wp\/v2\/posts\/4985\/revisions\/5001"}],"wp:attachment":[{"href":"https:\/\/www.jurajski-fotoklub.pl\/index.php\/wp-json\/wp\/v2\/media?parent=4985"}],"wp:term":[{"taxonomy":"category","embeddable":true,"href":"https:\/\/www.jurajski-fotoklub.pl\/index.php\/wp-json\/wp\/v2\/categories?post=4985"},{"taxonomy":"post_tag","embeddable":true,"href":"https:\/\/www.jurajski-fotoklub.pl\/index.php\/wp-json\/wp\/v2\/tags?post=4985"}],"curies":[{"name":"wp","href":"https:\/\/api.w.org\/{rel}","templated":true}]}}