{"id":5006,"date":"2024-01-06T21:38:10","date_gmt":"2024-01-06T20:38:10","guid":{"rendered":"https:\/\/www.jurajski-fotoklub.pl\/?p=5006"},"modified":"2025-01-10T18:37:00","modified_gmt":"2025-01-10T17:37:00","slug":"v-zbiorowa-wystawa-czlonkow-jurajskiego-fotoklubu-czestochowa","status":"publish","type":"post","link":"https:\/\/www.jurajski-fotoklub.pl\/index.php\/v-zbiorowa-wystawa-czlonkow-jurajskiego-fotoklubu-czestochowa\/","title":{"rendered":"V zbiorowa wystawa cz\u0142onk\u00f3w Jurajskiego Fotoklubu Cz\u0119stochowa 2024"},"content":{"rendered":"\n<p class=\"has-text-align-left\">Podobnie jak co roku, zapraszamy na pi\u0105t\u0105 ju\u017c wystaw\u0119 zbiorow\u0105 cz\u0142onk\u00f3w Jurajskiego Fotoklubu Cz\u0119stochowa, kt\u00f3rej wernisa\u017c odb\u0119dzie si\u0119 12 stycznia o godz.18.00 do Galerii ARTFOTO Regionalnego O\u015brodka Kultury w Cz\u0119stochowie. Prezentujemy trzy strony naszego katalogu wydrukowanego dzi\u0119ki wsparciu Regionalnego O\u015brodka Kultury, ca\u0142o\u015b\u0107 publikacji udost\u0119pniona zostanie po otwarciu wystawy.<\/p>\n\n\n\n<figure class=\"wp-block-gallery aligncenter columns-3 is-cropped wp-block-gallery-1 is-layout-flex wp-block-gallery-is-layout-flex\"><ul class=\"blocks-gallery-grid\"><li class=\"blocks-gallery-item\"><figure><img loading=\"lazy\" decoding=\"async\" width=\"640\" height=\"908\" src=\"https:\/\/www.jurajski-fotoklub.pl\/wp-content\/uploads\/2024\/01\/414720761_774565478038347_3396649463559595215_n.jpg\" alt=\"\" data-id=\"5009\" data-link=\"https:\/\/www.jurajski-fotoklub.pl\/?attachment_id=5009\" class=\"wp-image-5009\" srcset=\"https:\/\/www.jurajski-fotoklub.pl\/wp-content\/uploads\/2024\/01\/414720761_774565478038347_3396649463559595215_n.jpg 640w, https:\/\/www.jurajski-fotoklub.pl\/wp-content\/uploads\/2024\/01\/414720761_774565478038347_3396649463559595215_n-211x300.jpg 211w\" sizes=\"auto, (max-width: 640px) 100vw, 640px\" \/><\/figure><\/li><li class=\"blocks-gallery-item\"><figure><img loading=\"lazy\" decoding=\"async\" width=\"722\" height=\"1024\" src=\"https:\/\/www.jurajski-fotoklub.pl\/wp-content\/uploads\/2024\/01\/414714959_774565438038351_1626174348218338128_n-722x1024.jpg\" alt=\"\" data-id=\"5010\" data-link=\"https:\/\/www.jurajski-fotoklub.pl\/?attachment_id=5010\" class=\"wp-image-5010\" srcset=\"https:\/\/www.jurajski-fotoklub.pl\/wp-content\/uploads\/2024\/01\/414714959_774565438038351_1626174348218338128_n-722x1024.jpg 722w, https:\/\/www.jurajski-fotoklub.pl\/wp-content\/uploads\/2024\/01\/414714959_774565438038351_1626174348218338128_n-211x300.jpg 211w, https:\/\/www.jurajski-fotoklub.pl\/wp-content\/uploads\/2024\/01\/414714959_774565438038351_1626174348218338128_n-768x1089.jpg 768w, https:\/\/www.jurajski-fotoklub.pl\/wp-content\/uploads\/2024\/01\/414714959_774565438038351_1626174348218338128_n-1083x1536.jpg 1083w, https:\/\/www.jurajski-fotoklub.pl\/wp-content\/uploads\/2024\/01\/414714959_774565438038351_1626174348218338128_n.jpg 1166w\" sizes=\"auto, (max-width: 722px) 100vw, 722px\" \/><\/figure><\/li><li class=\"blocks-gallery-item\"><figure><img loading=\"lazy\" decoding=\"async\" width=\"717\" height=\"1024\" src=\"https:\/\/www.jurajski-fotoklub.pl\/wp-content\/uploads\/2024\/01\/prawidlowy-717x1024.jpg\" alt=\"\" data-id=\"5011\" data-full-url=\"https:\/\/www.jurajski-fotoklub.pl\/wp-content\/uploads\/2024\/01\/prawidlowy.jpg\" data-link=\"https:\/\/www.jurajski-fotoklub.pl\/?attachment_id=5011\" class=\"wp-image-5011\" srcset=\"https:\/\/www.jurajski-fotoklub.pl\/wp-content\/uploads\/2024\/01\/prawidlowy-717x1024.jpg 717w, https:\/\/www.jurajski-fotoklub.pl\/wp-content\/uploads\/2024\/01\/prawidlowy-210x300.jpg 210w, https:\/\/www.jurajski-fotoklub.pl\/wp-content\/uploads\/2024\/01\/prawidlowy-768x1097.jpg 768w, https:\/\/www.jurajski-fotoklub.pl\/wp-content\/uploads\/2024\/01\/prawidlowy-1076x1536.jpg 1076w, https:\/\/www.jurajski-fotoklub.pl\/wp-content\/uploads\/2024\/01\/prawidlowy.jpg 1434w\" sizes=\"auto, (max-width: 717px) 100vw, 717px\" \/><\/figure><\/li><\/ul><\/figure>\n\n\n\n<figure class=\"wp-block-gallery columns-1 is-cropped wp-block-gallery-2 is-layout-flex wp-block-gallery-is-layout-flex\"><ul class=\"blocks-gallery-grid\"><li class=\"blocks-gallery-item\"><figure><img loading=\"lazy\" decoding=\"async\" width=\"724\" height=\"1024\" src=\"https:\/\/www.jurajski-fotoklub.pl\/wp-content\/uploads\/2024\/01\/Plakat-o-wystawie-724x1024.jpg\" alt=\"\" data-id=\"5014\" data-full-url=\"https:\/\/www.jurajski-fotoklub.pl\/wp-content\/uploads\/2024\/01\/Plakat-o-wystawie.jpg\" data-link=\"https:\/\/www.jurajski-fotoklub.pl\/index.php\/v-zbiorowa-wystawa-czlonkow-jurajskiego-fotoklubu-czestochowa\/plakat-o-wystawie\/\" class=\"wp-image-5014\" srcset=\"https:\/\/www.jurajski-fotoklub.pl\/wp-content\/uploads\/2024\/01\/Plakat-o-wystawie-724x1024.jpg 724w, https:\/\/www.jurajski-fotoklub.pl\/wp-content\/uploads\/2024\/01\/Plakat-o-wystawie-212x300.jpg 212w, https:\/\/www.jurajski-fotoklub.pl\/wp-content\/uploads\/2024\/01\/Plakat-o-wystawie-768x1086.jpg 768w, https:\/\/www.jurajski-fotoklub.pl\/wp-content\/uploads\/2024\/01\/Plakat-o-wystawie-1086x1536.jpg 1086w, https:\/\/www.jurajski-fotoklub.pl\/wp-content\/uploads\/2024\/01\/Plakat-o-wystawie-1449x2048.jpg 1449w, https:\/\/www.jurajski-fotoklub.pl\/wp-content\/uploads\/2024\/01\/Plakat-o-wystawie.jpg 1653w\" sizes=\"auto, (max-width: 724px) 100vw, 724px\" \/><\/figure><\/li><\/ul><\/figure>\n\n\n\n<figure class=\"wp-block-gallery columns-3 is-cropped wp-block-gallery-3 is-layout-flex wp-block-gallery-is-layout-flex\"><ul class=\"blocks-gallery-grid\"><li class=\"blocks-gallery-item\"><figure><img loading=\"lazy\" decoding=\"async\" width=\"722\" height=\"1024\" src=\"https:\/\/www.jurajski-fotoklub.pl\/wp-content\/uploads\/2024\/01\/JF-V-katalog-2024_Strona_03-722x1024.jpg\" alt=\"\" data-id=\"5025\" data-full-url=\"https:\/\/www.jurajski-fotoklub.pl\/wp-content\/uploads\/2024\/01\/JF-V-katalog-2024_Strona_03.jpg\" data-link=\"https:\/\/www.jurajski-fotoklub.pl\/index.php\/v-zbiorowa-wystawa-czlonkow-jurajskiego-fotoklubu-czestochowa\/jf-v-katalog-2024_strona_03\/\" class=\"wp-image-5025\" srcset=\"https:\/\/www.jurajski-fotoklub.pl\/wp-content\/uploads\/2024\/01\/JF-V-katalog-2024_Strona_03-722x1024.jpg 722w, https:\/\/www.jurajski-fotoklub.pl\/wp-content\/uploads\/2024\/01\/JF-V-katalog-2024_Strona_03-211x300.jpg 211w, https:\/\/www.jurajski-fotoklub.pl\/wp-content\/uploads\/2024\/01\/JF-V-katalog-2024_Strona_03-768x1089.jpg 768w, https:\/\/www.jurajski-fotoklub.pl\/wp-content\/uploads\/2024\/01\/JF-V-katalog-2024_Strona_03-1083x1536.jpg 1083w, https:\/\/www.jurajski-fotoklub.pl\/wp-content\/uploads\/2024\/01\/JF-V-katalog-2024_Strona_03-1444x2048.jpg 1444w, https:\/\/www.jurajski-fotoklub.pl\/wp-content\/uploads\/2024\/01\/JF-V-katalog-2024_Strona_03.jpg 1749w\" sizes=\"auto, (max-width: 722px) 100vw, 722px\" \/><\/figure><\/li><li class=\"blocks-gallery-item\"><figure><img loading=\"lazy\" decoding=\"async\" width=\"722\" height=\"1024\" src=\"https:\/\/www.jurajski-fotoklub.pl\/wp-content\/uploads\/2024\/01\/JF-V-katalog-2024_Strona_04-722x1024.jpg\" alt=\"\" data-id=\"5026\" data-full-url=\"https:\/\/www.jurajski-fotoklub.pl\/wp-content\/uploads\/2024\/01\/JF-V-katalog-2024_Strona_04.jpg\" data-link=\"https:\/\/www.jurajski-fotoklub.pl\/index.php\/v-zbiorowa-wystawa-czlonkow-jurajskiego-fotoklubu-czestochowa\/jf-v-katalog-2024_strona_04\/\" class=\"wp-image-5026\" srcset=\"https:\/\/www.jurajski-fotoklub.pl\/wp-content\/uploads\/2024\/01\/JF-V-katalog-2024_Strona_04-722x1024.jpg 722w, https:\/\/www.jurajski-fotoklub.pl\/wp-content\/uploads\/2024\/01\/JF-V-katalog-2024_Strona_04-211x300.jpg 211w, https:\/\/www.jurajski-fotoklub.pl\/wp-content\/uploads\/2024\/01\/JF-V-katalog-2024_Strona_04-768x1089.jpg 768w, https:\/\/www.jurajski-fotoklub.pl\/wp-content\/uploads\/2024\/01\/JF-V-katalog-2024_Strona_04-1083x1536.jpg 1083w, https:\/\/www.jurajski-fotoklub.pl\/wp-content\/uploads\/2024\/01\/JF-V-katalog-2024_Strona_04-1444x2048.jpg 1444w, https:\/\/www.jurajski-fotoklub.pl\/wp-content\/uploads\/2024\/01\/JF-V-katalog-2024_Strona_04.jpg 1749w\" sizes=\"auto, (max-width: 722px) 100vw, 722px\" \/><\/figure><\/li><li class=\"blocks-gallery-item\"><figure><img loading=\"lazy\" decoding=\"async\" width=\"722\" height=\"1024\" src=\"https:\/\/www.jurajski-fotoklub.pl\/wp-content\/uploads\/2024\/01\/JF-V-katalog-2024_Strona_05-722x1024.jpg\" alt=\"\" data-id=\"5028\" data-full-url=\"https:\/\/www.jurajski-fotoklub.pl\/wp-content\/uploads\/2024\/01\/JF-V-katalog-2024_Strona_05.jpg\" data-link=\"https:\/\/www.jurajski-fotoklub.pl\/index.php\/v-zbiorowa-wystawa-czlonkow-jurajskiego-fotoklubu-czestochowa\/jf-v-katalog-2024_strona_05\/\" class=\"wp-image-5028\" srcset=\"https:\/\/www.jurajski-fotoklub.pl\/wp-content\/uploads\/2024\/01\/JF-V-katalog-2024_Strona_05-722x1024.jpg 722w, https:\/\/www.jurajski-fotoklub.pl\/wp-content\/uploads\/2024\/01\/JF-V-katalog-2024_Strona_05-211x300.jpg 211w, https:\/\/www.jurajski-fotoklub.pl\/wp-content\/uploads\/2024\/01\/JF-V-katalog-2024_Strona_05-768x1089.jpg 768w, https:\/\/www.jurajski-fotoklub.pl\/wp-content\/uploads\/2024\/01\/JF-V-katalog-2024_Strona_05-1083x1536.jpg 1083w, https:\/\/www.jurajski-fotoklub.pl\/wp-content\/uploads\/2024\/01\/JF-V-katalog-2024_Strona_05-1444x2048.jpg 1444w, https:\/\/www.jurajski-fotoklub.pl\/wp-content\/uploads\/2024\/01\/JF-V-katalog-2024_Strona_05.jpg 1749w\" sizes=\"auto, (max-width: 722px) 100vw, 722px\" \/><\/figure><\/li><li class=\"blocks-gallery-item\"><figure><img loading=\"lazy\" decoding=\"async\" width=\"722\" height=\"1024\" src=\"https:\/\/www.jurajski-fotoklub.pl\/wp-content\/uploads\/2024\/01\/JF-V-katalog-2024_Strona_06-722x1024.jpg\" alt=\"\" data-id=\"5029\" data-full-url=\"https:\/\/www.jurajski-fotoklub.pl\/wp-content\/uploads\/2024\/01\/JF-V-katalog-2024_Strona_06.jpg\" data-link=\"https:\/\/www.jurajski-fotoklub.pl\/index.php\/v-zbiorowa-wystawa-czlonkow-jurajskiego-fotoklubu-czestochowa\/jf-v-katalog-2024_strona_06\/\" class=\"wp-image-5029\" srcset=\"https:\/\/www.jurajski-fotoklub.pl\/wp-content\/uploads\/2024\/01\/JF-V-katalog-2024_Strona_06-722x1024.jpg 722w, https:\/\/www.jurajski-fotoklub.pl\/wp-content\/uploads\/2024\/01\/JF-V-katalog-2024_Strona_06-211x300.jpg 211w, https:\/\/www.jurajski-fotoklub.pl\/wp-content\/uploads\/2024\/01\/JF-V-katalog-2024_Strona_06-768x1089.jpg 768w, https:\/\/www.jurajski-fotoklub.pl\/wp-content\/uploads\/2024\/01\/JF-V-katalog-2024_Strona_06-1083x1536.jpg 1083w, https:\/\/www.jurajski-fotoklub.pl\/wp-content\/uploads\/2024\/01\/JF-V-katalog-2024_Strona_06-1444x2048.jpg 1444w, https:\/\/www.jurajski-fotoklub.pl\/wp-content\/uploads\/2024\/01\/JF-V-katalog-2024_Strona_06.jpg 1749w\" sizes=\"auto, (max-width: 722px) 100vw, 722px\" \/><\/figure><\/li><li class=\"blocks-gallery-item\"><figure><img loading=\"lazy\" decoding=\"async\" width=\"722\" height=\"1024\" src=\"https:\/\/www.jurajski-fotoklub.pl\/wp-content\/uploads\/2024\/01\/JF-V-katalog-2024_Strona_07-722x1024.jpg\" alt=\"\" data-id=\"5030\" data-full-url=\"https:\/\/www.jurajski-fotoklub.pl\/wp-content\/uploads\/2024\/01\/JF-V-katalog-2024_Strona_07.jpg\" data-link=\"https:\/\/www.jurajski-fotoklub.pl\/index.php\/v-zbiorowa-wystawa-czlonkow-jurajskiego-fotoklubu-czestochowa\/jf-v-katalog-2024_strona_07\/\" class=\"wp-image-5030\" srcset=\"https:\/\/www.jurajski-fotoklub.pl\/wp-content\/uploads\/2024\/01\/JF-V-katalog-2024_Strona_07-722x1024.jpg 722w, https:\/\/www.jurajski-fotoklub.pl\/wp-content\/uploads\/2024\/01\/JF-V-katalog-2024_Strona_07-211x300.jpg 211w, https:\/\/www.jurajski-fotoklub.pl\/wp-content\/uploads\/2024\/01\/JF-V-katalog-2024_Strona_07-768x1089.jpg 768w, https:\/\/www.jurajski-fotoklub.pl\/wp-content\/uploads\/2024\/01\/JF-V-katalog-2024_Strona_07-1083x1536.jpg 1083w, https:\/\/www.jurajski-fotoklub.pl\/wp-content\/uploads\/2024\/01\/JF-V-katalog-2024_Strona_07-1444x2048.jpg 1444w, https:\/\/www.jurajski-fotoklub.pl\/wp-content\/uploads\/2024\/01\/JF-V-katalog-2024_Strona_07.jpg 1749w\" sizes=\"auto, (max-width: 722px) 100vw, 722px\" \/><\/figure><\/li><li class=\"blocks-gallery-item\"><figure><img loading=\"lazy\" decoding=\"async\" width=\"722\" height=\"1024\" src=\"https:\/\/www.jurajski-fotoklub.pl\/wp-content\/uploads\/2024\/01\/JF-V-katalog-2024_Strona_08-722x1024.jpg\" alt=\"\" data-id=\"5031\" data-full-url=\"https:\/\/www.jurajski-fotoklub.pl\/wp-content\/uploads\/2024\/01\/JF-V-katalog-2024_Strona_08.jpg\" data-link=\"https:\/\/www.jurajski-fotoklub.pl\/index.php\/v-zbiorowa-wystawa-czlonkow-jurajskiego-fotoklubu-czestochowa\/jf-v-katalog-2024_strona_08\/\" class=\"wp-image-5031\" srcset=\"https:\/\/www.jurajski-fotoklub.pl\/wp-content\/uploads\/2024\/01\/JF-V-katalog-2024_Strona_08-722x1024.jpg 722w, https:\/\/www.jurajski-fotoklub.pl\/wp-content\/uploads\/2024\/01\/JF-V-katalog-2024_Strona_08-211x300.jpg 211w, https:\/\/www.jurajski-fotoklub.pl\/wp-content\/uploads\/2024\/01\/JF-V-katalog-2024_Strona_08-768x1089.jpg 768w, https:\/\/www.jurajski-fotoklub.pl\/wp-content\/uploads\/2024\/01\/JF-V-katalog-2024_Strona_08-1083x1536.jpg 1083w, https:\/\/www.jurajski-fotoklub.pl\/wp-content\/uploads\/2024\/01\/JF-V-katalog-2024_Strona_08-1444x2048.jpg 1444w, https:\/\/www.jurajski-fotoklub.pl\/wp-content\/uploads\/2024\/01\/JF-V-katalog-2024_Strona_08.jpg 1749w\" sizes=\"auto, (max-width: 722px) 100vw, 722px\" \/><\/figure><\/li><li class=\"blocks-gallery-item\"><figure><img loading=\"lazy\" decoding=\"async\" width=\"722\" height=\"1024\" src=\"https:\/\/www.jurajski-fotoklub.pl\/wp-content\/uploads\/2024\/01\/JF-V-katalog-2024_Strona_09-722x1024.jpg\" alt=\"\" data-id=\"5032\" data-full-url=\"https:\/\/www.jurajski-fotoklub.pl\/wp-content\/uploads\/2024\/01\/JF-V-katalog-2024_Strona_09.jpg\" data-link=\"https:\/\/www.jurajski-fotoklub.pl\/index.php\/v-zbiorowa-wystawa-czlonkow-jurajskiego-fotoklubu-czestochowa\/jf-v-katalog-2024_strona_09\/\" class=\"wp-image-5032\" srcset=\"https:\/\/www.jurajski-fotoklub.pl\/wp-content\/uploads\/2024\/01\/JF-V-katalog-2024_Strona_09-722x1024.jpg 722w, https:\/\/www.jurajski-fotoklub.pl\/wp-content\/uploads\/2024\/01\/JF-V-katalog-2024_Strona_09-211x300.jpg 211w, https:\/\/www.jurajski-fotoklub.pl\/wp-content\/uploads\/2024\/01\/JF-V-katalog-2024_Strona_09-768x1089.jpg 768w, https:\/\/www.jurajski-fotoklub.pl\/wp-content\/uploads\/2024\/01\/JF-V-katalog-2024_Strona_09-1083x1536.jpg 1083w, https:\/\/www.jurajski-fotoklub.pl\/wp-content\/uploads\/2024\/01\/JF-V-katalog-2024_Strona_09-1444x2048.jpg 1444w, https:\/\/www.jurajski-fotoklub.pl\/wp-content\/uploads\/2024\/01\/JF-V-katalog-2024_Strona_09.jpg 1749w\" sizes=\"auto, (max-width: 722px) 100vw, 722px\" \/><\/figure><\/li><li class=\"blocks-gallery-item\"><figure><img loading=\"lazy\" decoding=\"async\" width=\"722\" height=\"1024\" src=\"https:\/\/www.jurajski-fotoklub.pl\/wp-content\/uploads\/2024\/01\/JF-V-katalog-2024_Strona_10-722x1024.jpg\" alt=\"\" data-id=\"5033\" data-full-url=\"https:\/\/www.jurajski-fotoklub.pl\/wp-content\/uploads\/2024\/01\/JF-V-katalog-2024_Strona_10.jpg\" data-link=\"https:\/\/www.jurajski-fotoklub.pl\/index.php\/v-zbiorowa-wystawa-czlonkow-jurajskiego-fotoklubu-czestochowa\/jf-v-katalog-2024_strona_10\/\" class=\"wp-image-5033\" srcset=\"https:\/\/www.jurajski-fotoklub.pl\/wp-content\/uploads\/2024\/01\/JF-V-katalog-2024_Strona_10-722x1024.jpg 722w, https:\/\/www.jurajski-fotoklub.pl\/wp-content\/uploads\/2024\/01\/JF-V-katalog-2024_Strona_10-211x300.jpg 211w, https:\/\/www.jurajski-fotoklub.pl\/wp-content\/uploads\/2024\/01\/JF-V-katalog-2024_Strona_10-768x1089.jpg 768w, https:\/\/www.jurajski-fotoklub.pl\/wp-content\/uploads\/2024\/01\/JF-V-katalog-2024_Strona_10-1083x1536.jpg 1083w, https:\/\/www.jurajski-fotoklub.pl\/wp-content\/uploads\/2024\/01\/JF-V-katalog-2024_Strona_10-1444x2048.jpg 1444w, https:\/\/www.jurajski-fotoklub.pl\/wp-content\/uploads\/2024\/01\/JF-V-katalog-2024_Strona_10.jpg 1749w\" sizes=\"auto, (max-width: 722px) 100vw, 722px\" \/><\/figure><\/li><li class=\"blocks-gallery-item\"><figure><img loading=\"lazy\" decoding=\"async\" width=\"722\" height=\"1024\" src=\"https:\/\/www.jurajski-fotoklub.pl\/wp-content\/uploads\/2024\/01\/JF-V-katalog-2024_Strona_11-722x1024.jpg\" alt=\"\" data-id=\"5034\" data-full-url=\"https:\/\/www.jurajski-fotoklub.pl\/wp-content\/uploads\/2024\/01\/JF-V-katalog-2024_Strona_11.jpg\" data-link=\"https:\/\/www.jurajski-fotoklub.pl\/index.php\/v-zbiorowa-wystawa-czlonkow-jurajskiego-fotoklubu-czestochowa\/jf-v-katalog-2024_strona_11\/\" class=\"wp-image-5034\" srcset=\"https:\/\/www.jurajski-fotoklub.pl\/wp-content\/uploads\/2024\/01\/JF-V-katalog-2024_Strona_11-722x1024.jpg 722w, https:\/\/www.jurajski-fotoklub.pl\/wp-content\/uploads\/2024\/01\/JF-V-katalog-2024_Strona_11-211x300.jpg 211w, https:\/\/www.jurajski-fotoklub.pl\/wp-content\/uploads\/2024\/01\/JF-V-katalog-2024_Strona_11-768x1089.jpg 768w, https:\/\/www.jurajski-fotoklub.pl\/wp-content\/uploads\/2024\/01\/JF-V-katalog-2024_Strona_11-1083x1536.jpg 1083w, https:\/\/www.jurajski-fotoklub.pl\/wp-content\/uploads\/2024\/01\/JF-V-katalog-2024_Strona_11-1444x2048.jpg 1444w, https:\/\/www.jurajski-fotoklub.pl\/wp-content\/uploads\/2024\/01\/JF-V-katalog-2024_Strona_11.jpg 1749w\" sizes=\"auto, (max-width: 722px) 100vw, 722px\" \/><\/figure><\/li><li class=\"blocks-gallery-item\"><figure><img loading=\"lazy\" decoding=\"async\" width=\"722\" height=\"1024\" src=\"https:\/\/www.jurajski-fotoklub.pl\/wp-content\/uploads\/2024\/01\/JF-V-katalog-2024_Strona_12-722x1024.jpg\" alt=\"\" data-id=\"5035\" data-full-url=\"https:\/\/www.jurajski-fotoklub.pl\/wp-content\/uploads\/2024\/01\/JF-V-katalog-2024_Strona_12.jpg\" data-link=\"https:\/\/www.jurajski-fotoklub.pl\/index.php\/v-zbiorowa-wystawa-czlonkow-jurajskiego-fotoklubu-czestochowa\/jf-v-katalog-2024_strona_12\/\" class=\"wp-image-5035\" srcset=\"https:\/\/www.jurajski-fotoklub.pl\/wp-content\/uploads\/2024\/01\/JF-V-katalog-2024_Strona_12-722x1024.jpg 722w, https:\/\/www.jurajski-fotoklub.pl\/wp-content\/uploads\/2024\/01\/JF-V-katalog-2024_Strona_12-211x300.jpg 211w, https:\/\/www.jurajski-fotoklub.pl\/wp-content\/uploads\/2024\/01\/JF-V-katalog-2024_Strona_12-768x1089.jpg 768w, https:\/\/www.jurajski-fotoklub.pl\/wp-content\/uploads\/2024\/01\/JF-V-katalog-2024_Strona_12-1083x1536.jpg 1083w, https:\/\/www.jurajski-fotoklub.pl\/wp-content\/uploads\/2024\/01\/JF-V-katalog-2024_Strona_12-1444x2048.jpg 1444w, https:\/\/www.jurajski-fotoklub.pl\/wp-content\/uploads\/2024\/01\/JF-V-katalog-2024_Strona_12.jpg 1749w\" sizes=\"auto, (max-width: 722px) 100vw, 722px\" \/><\/figure><\/li><li class=\"blocks-gallery-item\"><figure><img loading=\"lazy\" decoding=\"async\" width=\"722\" height=\"1024\" src=\"https:\/\/www.jurajski-fotoklub.pl\/wp-content\/uploads\/2024\/01\/JF-V-katalog-2024_Strona_13-722x1024.jpg\" alt=\"\" data-id=\"5036\" data-full-url=\"https:\/\/www.jurajski-fotoklub.pl\/wp-content\/uploads\/2024\/01\/JF-V-katalog-2024_Strona_13.jpg\" data-link=\"https:\/\/www.jurajski-fotoklub.pl\/index.php\/v-zbiorowa-wystawa-czlonkow-jurajskiego-fotoklubu-czestochowa\/jf-v-katalog-2024_strona_13\/\" class=\"wp-image-5036\" srcset=\"https:\/\/www.jurajski-fotoklub.pl\/wp-content\/uploads\/2024\/01\/JF-V-katalog-2024_Strona_13-722x1024.jpg 722w, https:\/\/www.jurajski-fotoklub.pl\/wp-content\/uploads\/2024\/01\/JF-V-katalog-2024_Strona_13-211x300.jpg 211w, https:\/\/www.jurajski-fotoklub.pl\/wp-content\/uploads\/2024\/01\/JF-V-katalog-2024_Strona_13-768x1089.jpg 768w, https:\/\/www.jurajski-fotoklub.pl\/wp-content\/uploads\/2024\/01\/JF-V-katalog-2024_Strona_13-1083x1536.jpg 1083w, https:\/\/www.jurajski-fotoklub.pl\/wp-content\/uploads\/2024\/01\/JF-V-katalog-2024_Strona_13-1444x2048.jpg 1444w, https:\/\/www.jurajski-fotoklub.pl\/wp-content\/uploads\/2024\/01\/JF-V-katalog-2024_Strona_13.jpg 1749w\" sizes=\"auto, (max-width: 722px) 100vw, 722px\" \/><\/figure><\/li><li class=\"blocks-gallery-item\"><figure><img loading=\"lazy\" decoding=\"async\" width=\"722\" height=\"1024\" src=\"https:\/\/www.jurajski-fotoklub.pl\/wp-content\/uploads\/2024\/01\/JF-V-katalog-2024_Strona_14-722x1024.jpg\" alt=\"\" data-id=\"5037\" data-full-url=\"https:\/\/www.jurajski-fotoklub.pl\/wp-content\/uploads\/2024\/01\/JF-V-katalog-2024_Strona_14.jpg\" data-link=\"https:\/\/www.jurajski-fotoklub.pl\/index.php\/v-zbiorowa-wystawa-czlonkow-jurajskiego-fotoklubu-czestochowa\/jf-v-katalog-2024_strona_14\/\" class=\"wp-image-5037\" srcset=\"https:\/\/www.jurajski-fotoklub.pl\/wp-content\/uploads\/2024\/01\/JF-V-katalog-2024_Strona_14-722x1024.jpg 722w, https:\/\/www.jurajski-fotoklub.pl\/wp-content\/uploads\/2024\/01\/JF-V-katalog-2024_Strona_14-211x300.jpg 211w, https:\/\/www.jurajski-fotoklub.pl\/wp-content\/uploads\/2024\/01\/JF-V-katalog-2024_Strona_14-768x1089.jpg 768w, https:\/\/www.jurajski-fotoklub.pl\/wp-content\/uploads\/2024\/01\/JF-V-katalog-2024_Strona_14-1083x1536.jpg 1083w, https:\/\/www.jurajski-fotoklub.pl\/wp-content\/uploads\/2024\/01\/JF-V-katalog-2024_Strona_14-1444x2048.jpg 1444w, https:\/\/www.jurajski-fotoklub.pl\/wp-content\/uploads\/2024\/01\/JF-V-katalog-2024_Strona_14.jpg 1749w\" sizes=\"auto, (max-width: 722px) 100vw, 722px\" \/><\/figure><\/li><li class=\"blocks-gallery-item\"><figure><img loading=\"lazy\" decoding=\"async\" width=\"722\" height=\"1024\" src=\"https:\/\/www.jurajski-fotoklub.pl\/wp-content\/uploads\/2024\/01\/JF-V-katalog-2024_Strona_15-722x1024.jpg\" alt=\"\" data-id=\"5038\" data-full-url=\"https:\/\/www.jurajski-fotoklub.pl\/wp-content\/uploads\/2024\/01\/JF-V-katalog-2024_Strona_15.jpg\" data-link=\"https:\/\/www.jurajski-fotoklub.pl\/index.php\/v-zbiorowa-wystawa-czlonkow-jurajskiego-fotoklubu-czestochowa\/jf-v-katalog-2024_strona_15\/\" class=\"wp-image-5038\" srcset=\"https:\/\/www.jurajski-fotoklub.pl\/wp-content\/uploads\/2024\/01\/JF-V-katalog-2024_Strona_15-722x1024.jpg 722w, https:\/\/www.jurajski-fotoklub.pl\/wp-content\/uploads\/2024\/01\/JF-V-katalog-2024_Strona_15-211x300.jpg 211w, https:\/\/www.jurajski-fotoklub.pl\/wp-content\/uploads\/2024\/01\/JF-V-katalog-2024_Strona_15-768x1089.jpg 768w, https:\/\/www.jurajski-fotoklub.pl\/wp-content\/uploads\/2024\/01\/JF-V-katalog-2024_Strona_15-1083x1536.jpg 1083w, https:\/\/www.jurajski-fotoklub.pl\/wp-content\/uploads\/2024\/01\/JF-V-katalog-2024_Strona_15-1444x2048.jpg 1444w, https:\/\/www.jurajski-fotoklub.pl\/wp-content\/uploads\/2024\/01\/JF-V-katalog-2024_Strona_15.jpg 1749w\" sizes=\"auto, (max-width: 722px) 100vw, 722px\" \/><\/figure><\/li><\/ul><\/figure>\n","protected":false},"excerpt":{"rendered":"<p>Podobnie jak co roku, zapraszamy na pi\u0105t\u0105 ju\u017c wystaw\u0119 zbiorow\u0105 cz\u0142onk\u00f3w Jurajskiego Fotoklubu Cz\u0119stochowa, kt\u00f3rej wernisa\u017c odb\u0119dzie si\u0119 12 stycznia o godz.18.00 do Galerii ARTFOTO Regionalnego O\u015brodka Kultury w Cz\u0119stochowie. Prezentujemy trzy strony naszego katalogu wydrukowanego dzi\u0119ki wsparciu Regionalnego O\u015brodka Kultury, ca\u0142o\u015b\u0107 publikacji udost\u0119pniona zostanie po otwarciu wystawy.<\/p>\n","protected":false},"author":13,"featured_media":0,"comment_status":"open","ping_status":"open","sticky":false,"template":"","format":"standard","meta":{"footnotes":""},"categories":[1],"tags":[],"class_list":["post-5006","post","type-post","status-publish","format-standard","hentry","category-uncategorized"],"_links":{"self":[{"href":"https:\/\/www.jurajski-fotoklub.pl\/index.php\/wp-json\/wp\/v2\/posts\/5006","targetHints":{"allow":["GET"]}}],"collection":[{"href":"https:\/\/www.jurajski-fotoklub.pl\/index.php\/wp-json\/wp\/v2\/posts"}],"about":[{"href":"https:\/\/www.jurajski-fotoklub.pl\/index.php\/wp-json\/wp\/v2\/types\/post"}],"author":[{"embeddable":true,"href":"https:\/\/www.jurajski-fotoklub.pl\/index.php\/wp-json\/wp\/v2\/users\/13"}],"replies":[{"embeddable":true,"href":"https:\/\/www.jurajski-fotoklub.pl\/index.php\/wp-json\/wp\/v2\/comments?post=5006"}],"version-history":[{"count":7,"href":"https:\/\/www.jurajski-fotoklub.pl\/index.php\/wp-json\/wp\/v2\/posts\/5006\/revisions"}],"predecessor-version":[{"id":5260,"href":"https:\/\/www.jurajski-fotoklub.pl\/index.php\/wp-json\/wp\/v2\/posts\/5006\/revisions\/5260"}],"wp:attachment":[{"href":"https:\/\/www.jurajski-fotoklub.pl\/index.php\/wp-json\/wp\/v2\/media?parent=5006"}],"wp:term":[{"taxonomy":"category","embeddable":true,"href":"https:\/\/www.jurajski-fotoklub.pl\/index.php\/wp-json\/wp\/v2\/categories?post=5006"},{"taxonomy":"post_tag","embeddable":true,"href":"https:\/\/www.jurajski-fotoklub.pl\/index.php\/wp-json\/wp\/v2\/tags?post=5006"}],"curies":[{"name":"wp","href":"https:\/\/api.w.org\/{rel}","templated":true}]}}