{"id":5101,"date":"2024-08-09T19:53:05","date_gmt":"2024-08-09T17:53:05","guid":{"rendered":"https:\/\/www.jurajski-fotoklub.pl\/?p=5101"},"modified":"2024-08-19T23:11:49","modified_gmt":"2024-08-19T21:11:49","slug":"konkurs-fotograficzny-czerwiec-2024r-zlota-godzina","status":"publish","type":"post","link":"https:\/\/www.jurajski-fotoklub.pl\/index.php\/konkurs-fotograficzny-czerwiec-2024r-zlota-godzina\/","title":{"rendered":"Konkurs fotograficzny \/czerwiec 2024r.\/  &#8222;Z\u0142ota Godzina&#8221;"},"content":{"rendered":"\n<p>I miejsce otrzyma\u0142a Olga Cegielska otrzymuj\u0105c za nagrodzone zdj\u0119cia 15 pkt,<\/p>\n\n\n\n<p>II miejsce otrzyma\u0142 Andrzej Szl\u0119zak, otrzymuj\u0105c za nagrodzone zdj\u0119cia 11 pkt,<\/p>\n\n\n\n<p>III miejsce otrzyma\u0142a Ewa Sitkowska, otrzymuj\u0105c za nagrodzone zdj\u0119cia 7 pkt<\/p>\n\n\n\n<p>IV miejsce otrzyma\u0142y: Nina Mazu\u015b i Krystyna Jachura, otrzymuj\u0105c za nagrodzone zdj\u0119cia 4 pkt<\/p>\n\n\n\n<p>V miejsce otrzyma\u0142 Marek Chudzik, otrzymuj\u0105c za nagrodzone zdj\u0119cia 2 pkt<\/p>\n\n\n\n<p>Punktacja do rankingu rocznego, zgodnie z tabel\u0105 w Regulaminie:<br>(punkty \u2013 suma g\u0142os\u00f3w za wszystkie zg\u0142oszone zdj\u0119cia)<\/p>\n\n\n\n<figure class=\"wp-block-table\"><table><tbody><tr><td>1. Ewa Sitkowska<\/td><td>33 pkt<\/td><\/tr><tr><td>2. Krystyna Jachura<\/td><td>16 pkt<\/td><\/tr><tr><td>3. Olga Cegielska<\/td><td>15 pkt<\/td><\/tr><tr><td>3. Ewa Sitkowska<\/td><td>15 pkt<\/td><\/tr><tr><td>4. Andrzej Szl\u0119zak<\/td><td>11 pkt<\/td><\/tr><tr><td>5. Nina Mazu\u015b<\/td><td>10 pkt<\/td><\/tr><tr><td>6. Kamil Skrzypko<\/td><td>3 pkt<\/td><\/tr><tr><td>5. Marek Chudzik<\/td><td>2 pkt<\/td><\/tr><\/tbody><\/table><figcaption>Irena Skowro\u0144ska-Gondek<\/figcaption><\/figure>\n\n\n\n<figure class=\"wp-block-gallery columns-3 is-cropped wp-block-gallery-1 is-layout-flex wp-block-gallery-is-layout-flex\"><ul class=\"blocks-gallery-grid\"><li class=\"blocks-gallery-item\"><figure><img loading=\"lazy\" decoding=\"async\" width=\"1024\" height=\"732\" src=\"https:\/\/www.jurajski-fotoklub.pl\/wp-content\/uploads\/2024\/08\/O1-1024x732.jpg\" alt=\"\" data-id=\"5104\" data-full-url=\"https:\/\/www.jurajski-fotoklub.pl\/wp-content\/uploads\/2024\/08\/O1.jpg\" data-link=\"https:\/\/www.jurajski-fotoklub.pl\/?attachment_id=5104\" class=\"wp-image-5104\" srcset=\"https:\/\/www.jurajski-fotoklub.pl\/wp-content\/uploads\/2024\/08\/O1-1024x732.jpg 1024w, https:\/\/www.jurajski-fotoklub.pl\/wp-content\/uploads\/2024\/08\/O1-300x214.jpg 300w, https:\/\/www.jurajski-fotoklub.pl\/wp-content\/uploads\/2024\/08\/O1-768x549.jpg 768w, https:\/\/www.jurajski-fotoklub.pl\/wp-content\/uploads\/2024\/08\/O1-1536x1097.jpg 1536w, https:\/\/www.jurajski-fotoklub.pl\/wp-content\/uploads\/2024\/08\/O1.jpg 1600w\" sizes=\"auto, (max-width: 1024px) 100vw, 1024px\" \/><figcaption class=\"blocks-gallery-item__caption\">Olga Cegielska<\/figcaption><\/figure><\/li><li class=\"blocks-gallery-item\"><figure><img loading=\"lazy\" decoding=\"async\" width=\"1024\" height=\"732\" src=\"https:\/\/www.jurajski-fotoklub.pl\/wp-content\/uploads\/2024\/08\/O2-1024x732.jpg\" alt=\"\" data-id=\"5106\" data-full-url=\"https:\/\/www.jurajski-fotoklub.pl\/wp-content\/uploads\/2024\/08\/O2.jpg\" data-link=\"https:\/\/www.jurajski-fotoklub.pl\/?attachment_id=5106\" class=\"wp-image-5106\" srcset=\"https:\/\/www.jurajski-fotoklub.pl\/wp-content\/uploads\/2024\/08\/O2-1024x732.jpg 1024w, https:\/\/www.jurajski-fotoklub.pl\/wp-content\/uploads\/2024\/08\/O2-300x215.jpg 300w, https:\/\/www.jurajski-fotoklub.pl\/wp-content\/uploads\/2024\/08\/O2-768x549.jpg 768w, https:\/\/www.jurajski-fotoklub.pl\/wp-content\/uploads\/2024\/08\/O2-1536x1098.jpg 1536w, https:\/\/www.jurajski-fotoklub.pl\/wp-content\/uploads\/2024\/08\/O2.jpg 1600w\" sizes=\"auto, (max-width: 1024px) 100vw, 1024px\" \/><figcaption class=\"blocks-gallery-item__caption\">Olga Cegielska<\/figcaption><\/figure><\/li><li class=\"blocks-gallery-item\"><figure><img loading=\"lazy\" decoding=\"async\" width=\"768\" height=\"1024\" src=\"https:\/\/www.jurajski-fotoklub.pl\/wp-content\/uploads\/2024\/08\/O3-768x1024.jpg\" alt=\"\" data-id=\"5107\" data-full-url=\"https:\/\/www.jurajski-fotoklub.pl\/wp-content\/uploads\/2024\/08\/O3.jpg\" data-link=\"https:\/\/www.jurajski-fotoklub.pl\/?attachment_id=5107\" class=\"wp-image-5107\" srcset=\"https:\/\/www.jurajski-fotoklub.pl\/wp-content\/uploads\/2024\/08\/O3-768x1024.jpg 768w, https:\/\/www.jurajski-fotoklub.pl\/wp-content\/uploads\/2024\/08\/O3-225x300.jpg 225w, https:\/\/www.jurajski-fotoklub.pl\/wp-content\/uploads\/2024\/08\/O3-1152x1536.jpg 1152w, https:\/\/www.jurajski-fotoklub.pl\/wp-content\/uploads\/2024\/08\/O3.jpg 1200w\" sizes=\"auto, (max-width: 768px) 100vw, 768px\" \/><figcaption class=\"blocks-gallery-item__caption\">Olga Cegielska<\/figcaption><\/figure><\/li><li class=\"blocks-gallery-item\"><figure><img loading=\"lazy\" decoding=\"async\" width=\"768\" height=\"1024\" src=\"https:\/\/www.jurajski-fotoklub.pl\/wp-content\/uploads\/2024\/08\/O4-768x1024.jpg\" alt=\"\" data-id=\"5108\" data-full-url=\"https:\/\/www.jurajski-fotoklub.pl\/wp-content\/uploads\/2024\/08\/O4.jpg\" data-link=\"https:\/\/www.jurajski-fotoklub.pl\/?attachment_id=5108\" class=\"wp-image-5108\" srcset=\"https:\/\/www.jurajski-fotoklub.pl\/wp-content\/uploads\/2024\/08\/O4-768x1024.jpg 768w, https:\/\/www.jurajski-fotoklub.pl\/wp-content\/uploads\/2024\/08\/O4-225x300.jpg 225w, https:\/\/www.jurajski-fotoklub.pl\/wp-content\/uploads\/2024\/08\/O4-1152x1536.jpg 1152w, https:\/\/www.jurajski-fotoklub.pl\/wp-content\/uploads\/2024\/08\/O4.jpg 1200w\" sizes=\"auto, (max-width: 768px) 100vw, 768px\" \/><figcaption class=\"blocks-gallery-item__caption\">Olga Cegielska<\/figcaption><\/figure><\/li><li class=\"blocks-gallery-item\"><figure><img loading=\"lazy\" decoding=\"async\" width=\"1024\" height=\"683\" src=\"https:\/\/www.jurajski-fotoklub.pl\/wp-content\/uploads\/2024\/08\/441877869_2108611046185172_2355519497293146926_n-1024x683.jpg\" alt=\"\" data-id=\"5114\" data-full-url=\"https:\/\/www.jurajski-fotoklub.pl\/wp-content\/uploads\/2024\/08\/441877869_2108611046185172_2355519497293146926_n.jpg\" data-link=\"https:\/\/www.jurajski-fotoklub.pl\/?attachment_id=5114\" class=\"wp-image-5114\" srcset=\"https:\/\/www.jurajski-fotoklub.pl\/wp-content\/uploads\/2024\/08\/441877869_2108611046185172_2355519497293146926_n-1024x683.jpg 1024w, https:\/\/www.jurajski-fotoklub.pl\/wp-content\/uploads\/2024\/08\/441877869_2108611046185172_2355519497293146926_n-300x200.jpg 300w, https:\/\/www.jurajski-fotoklub.pl\/wp-content\/uploads\/2024\/08\/441877869_2108611046185172_2355519497293146926_n-768x512.jpg 768w, https:\/\/www.jurajski-fotoklub.pl\/wp-content\/uploads\/2024\/08\/441877869_2108611046185172_2355519497293146926_n-1536x1025.jpg 1536w, https:\/\/www.jurajski-fotoklub.pl\/wp-content\/uploads\/2024\/08\/441877869_2108611046185172_2355519497293146926_n.jpg 2048w\" sizes=\"auto, (max-width: 1024px) 100vw, 1024px\" \/><figcaption class=\"blocks-gallery-item__caption\">Ewa Sitkowska<\/figcaption><\/figure><\/li><li class=\"blocks-gallery-item\"><figure><img loading=\"lazy\" decoding=\"async\" width=\"1024\" height=\"724\" src=\"https:\/\/www.jurajski-fotoklub.pl\/wp-content\/uploads\/2024\/08\/O5-1024x724.jpg\" alt=\"\" data-id=\"5105\" data-full-url=\"https:\/\/www.jurajski-fotoklub.pl\/wp-content\/uploads\/2024\/08\/O5.jpg\" data-link=\"https:\/\/www.jurajski-fotoklub.pl\/?attachment_id=5105\" class=\"wp-image-5105\" srcset=\"https:\/\/www.jurajski-fotoklub.pl\/wp-content\/uploads\/2024\/08\/O5-1024x724.jpg 1024w, https:\/\/www.jurajski-fotoklub.pl\/wp-content\/uploads\/2024\/08\/O5-300x212.jpg 300w, https:\/\/www.jurajski-fotoklub.pl\/wp-content\/uploads\/2024\/08\/O5-768x543.jpg 768w, https:\/\/www.jurajski-fotoklub.pl\/wp-content\/uploads\/2024\/08\/O5-1536x1086.jpg 1536w, https:\/\/www.jurajski-fotoklub.pl\/wp-content\/uploads\/2024\/08\/O5.jpg 1600w\" sizes=\"auto, (max-width: 1024px) 100vw, 1024px\" \/><figcaption class=\"blocks-gallery-item__caption\">Olga Cegielska<\/figcaption><\/figure><\/li><li class=\"blocks-gallery-item\"><figure><img loading=\"lazy\" decoding=\"async\" width=\"683\" height=\"1024\" src=\"https:\/\/www.jurajski-fotoklub.pl\/wp-content\/uploads\/2024\/08\/436766681_438804808780196_6072397135757719001_n-683x1024.jpg\" alt=\"\" data-id=\"5115\" data-full-url=\"https:\/\/www.jurajski-fotoklub.pl\/wp-content\/uploads\/2024\/08\/436766681_438804808780196_6072397135757719001_n.jpg\" data-link=\"https:\/\/www.jurajski-fotoklub.pl\/?attachment_id=5115\" class=\"wp-image-5115\" srcset=\"https:\/\/www.jurajski-fotoklub.pl\/wp-content\/uploads\/2024\/08\/436766681_438804808780196_6072397135757719001_n-683x1024.jpg 683w, https:\/\/www.jurajski-fotoklub.pl\/wp-content\/uploads\/2024\/08\/436766681_438804808780196_6072397135757719001_n-200x300.jpg 200w, https:\/\/www.jurajski-fotoklub.pl\/wp-content\/uploads\/2024\/08\/436766681_438804808780196_6072397135757719001_n-768x1151.jpg 768w, https:\/\/www.jurajski-fotoklub.pl\/wp-content\/uploads\/2024\/08\/436766681_438804808780196_6072397135757719001_n-1025x1536.jpg 1025w, https:\/\/www.jurajski-fotoklub.pl\/wp-content\/uploads\/2024\/08\/436766681_438804808780196_6072397135757719001_n.jpg 1366w\" sizes=\"auto, (max-width: 683px) 100vw, 683px\" \/><figcaption class=\"blocks-gallery-item__caption\">Ewa Sitkowska<\/figcaption><\/figure><\/li><li class=\"blocks-gallery-item\"><figure><img loading=\"lazy\" decoding=\"async\" width=\"767\" height=\"1024\" src=\"https:\/\/www.jurajski-fotoklub.pl\/wp-content\/uploads\/2024\/08\/EZg1-767x1024.jpg\" alt=\"\" data-id=\"5103\" data-full-url=\"https:\/\/www.jurajski-fotoklub.pl\/wp-content\/uploads\/2024\/08\/EZg1.jpg\" data-link=\"https:\/\/www.jurajski-fotoklub.pl\/?attachment_id=5103\" class=\"wp-image-5103\" srcset=\"https:\/\/www.jurajski-fotoklub.pl\/wp-content\/uploads\/2024\/08\/EZg1-767x1024.jpg 767w, https:\/\/www.jurajski-fotoklub.pl\/wp-content\/uploads\/2024\/08\/EZg1-225x300.jpg 225w, https:\/\/www.jurajski-fotoklub.pl\/wp-content\/uploads\/2024\/08\/EZg1-768x1025.jpg 768w, https:\/\/www.jurajski-fotoklub.pl\/wp-content\/uploads\/2024\/08\/EZg1-1151x1536.jpg 1151w, https:\/\/www.jurajski-fotoklub.pl\/wp-content\/uploads\/2024\/08\/EZg1.jpg 1178w\" sizes=\"auto, (max-width: 767px) 100vw, 767px\" \/><figcaption class=\"blocks-gallery-item__caption\">Ewa Sitkowska<\/figcaption><\/figure><\/li><li class=\"blocks-gallery-item\"><figure><img loading=\"lazy\" decoding=\"async\" width=\"703\" height=\"1024\" src=\"https:\/\/www.jurajski-fotoklub.pl\/wp-content\/uploads\/2024\/08\/Marek-Chudzik-703x1024.jpg\" alt=\"\" data-id=\"5113\" data-full-url=\"https:\/\/www.jurajski-fotoklub.pl\/wp-content\/uploads\/2024\/08\/Marek-Chudzik-scaled.jpg\" data-link=\"https:\/\/www.jurajski-fotoklub.pl\/?attachment_id=5113\" class=\"wp-image-5113\" srcset=\"https:\/\/www.jurajski-fotoklub.pl\/wp-content\/uploads\/2024\/08\/Marek-Chudzik-703x1024.jpg 703w, https:\/\/www.jurajski-fotoklub.pl\/wp-content\/uploads\/2024\/08\/Marek-Chudzik-206x300.jpg 206w, https:\/\/www.jurajski-fotoklub.pl\/wp-content\/uploads\/2024\/08\/Marek-Chudzik-768x1118.jpg 768w, https:\/\/www.jurajski-fotoklub.pl\/wp-content\/uploads\/2024\/08\/Marek-Chudzik-1055x1536.jpg 1055w, https:\/\/www.jurajski-fotoklub.pl\/wp-content\/uploads\/2024\/08\/Marek-Chudzik-1406x2048.jpg 1406w, https:\/\/www.jurajski-fotoklub.pl\/wp-content\/uploads\/2024\/08\/Marek-Chudzik-scaled.jpg 1758w\" sizes=\"auto, (max-width: 703px) 100vw, 703px\" \/><figcaption class=\"blocks-gallery-item__caption\">Marek Chudzik<\/figcaption><\/figure><\/li><li class=\"blocks-gallery-item\"><figure><img loading=\"lazy\" decoding=\"async\" width=\"1024\" height=\"682\" src=\"https:\/\/www.jurajski-fotoklub.pl\/wp-content\/uploads\/2024\/08\/PA022374a-1024x682.jpg\" alt=\"\" data-id=\"5110\" data-full-url=\"https:\/\/www.jurajski-fotoklub.pl\/wp-content\/uploads\/2024\/08\/PA022374a.jpg\" data-link=\"https:\/\/www.jurajski-fotoklub.pl\/?attachment_id=5110\" class=\"wp-image-5110\" srcset=\"https:\/\/www.jurajski-fotoklub.pl\/wp-content\/uploads\/2024\/08\/PA022374a-1024x682.jpg 1024w, https:\/\/www.jurajski-fotoklub.pl\/wp-content\/uploads\/2024\/08\/PA022374a-300x200.jpg 300w, https:\/\/www.jurajski-fotoklub.pl\/wp-content\/uploads\/2024\/08\/PA022374a-768x512.jpg 768w, https:\/\/www.jurajski-fotoklub.pl\/wp-content\/uploads\/2024\/08\/PA022374a-1536x1023.jpg 1536w, https:\/\/www.jurajski-fotoklub.pl\/wp-content\/uploads\/2024\/08\/PA022374a.jpg 1600w\" sizes=\"auto, (max-width: 1024px) 100vw, 1024px\" \/><figcaption class=\"blocks-gallery-item__caption\">Nina Mazu\u015b<\/figcaption><\/figure><\/li><li class=\"blocks-gallery-item\"><figure><img loading=\"lazy\" decoding=\"async\" width=\"1024\" height=\"684\" src=\"https:\/\/www.jurajski-fotoklub.pl\/wp-content\/uploads\/2024\/08\/P6074500xab-1024x684.jpg\" alt=\"\" data-id=\"5109\" data-full-url=\"https:\/\/www.jurajski-fotoklub.pl\/wp-content\/uploads\/2024\/08\/P6074500xab.jpg\" data-link=\"https:\/\/www.jurajski-fotoklub.pl\/?attachment_id=5109\" class=\"wp-image-5109\" srcset=\"https:\/\/www.jurajski-fotoklub.pl\/wp-content\/uploads\/2024\/08\/P6074500xab-1024x684.jpg 1024w, https:\/\/www.jurajski-fotoklub.pl\/wp-content\/uploads\/2024\/08\/P6074500xab-300x200.jpg 300w, https:\/\/www.jurajski-fotoklub.pl\/wp-content\/uploads\/2024\/08\/P6074500xab-768x513.jpg 768w, https:\/\/www.jurajski-fotoklub.pl\/wp-content\/uploads\/2024\/08\/P6074500xab-1536x1025.jpg 1536w, https:\/\/www.jurajski-fotoklub.pl\/wp-content\/uploads\/2024\/08\/P6074500xab.jpg 1600w\" sizes=\"auto, (max-width: 1024px) 100vw, 1024px\" \/><figcaption class=\"blocks-gallery-item__caption\">Nina Mazu\u015b<\/figcaption><\/figure><\/li><li class=\"blocks-gallery-item\"><figure><img loading=\"lazy\" decoding=\"async\" width=\"1024\" height=\"683\" src=\"https:\/\/www.jurajski-fotoklub.pl\/wp-content\/uploads\/2024\/08\/P6064309a-1024x683.jpg\" alt=\"\" data-id=\"5112\" data-full-url=\"https:\/\/www.jurajski-fotoklub.pl\/wp-content\/uploads\/2024\/08\/P6064309a.jpg\" data-link=\"https:\/\/www.jurajski-fotoklub.pl\/?attachment_id=5112\" class=\"wp-image-5112\" srcset=\"https:\/\/www.jurajski-fotoklub.pl\/wp-content\/uploads\/2024\/08\/P6064309a-1024x683.jpg 1024w, https:\/\/www.jurajski-fotoklub.pl\/wp-content\/uploads\/2024\/08\/P6064309a-300x200.jpg 300w, https:\/\/www.jurajski-fotoklub.pl\/wp-content\/uploads\/2024\/08\/P6064309a-768x512.jpg 768w, https:\/\/www.jurajski-fotoklub.pl\/wp-content\/uploads\/2024\/08\/P6064309a-1536x1024.jpg 1536w, https:\/\/www.jurajski-fotoklub.pl\/wp-content\/uploads\/2024\/08\/P6064309a.jpg 1600w\" sizes=\"auto, (max-width: 1024px) 100vw, 1024px\" \/><figcaption class=\"blocks-gallery-item__caption\">Nina Mazu\u015b<\/figcaption><\/figure><\/li><li class=\"blocks-gallery-item\"><figure><img loading=\"lazy\" decoding=\"async\" width=\"1024\" height=\"685\" src=\"https:\/\/www.jurajski-fotoklub.pl\/wp-content\/uploads\/2024\/08\/IMG_20211002_073843ax-1024x685.jpg\" alt=\"\" data-id=\"5111\" data-full-url=\"https:\/\/www.jurajski-fotoklub.pl\/wp-content\/uploads\/2024\/08\/IMG_20211002_073843ax.jpg\" data-link=\"https:\/\/www.jurajski-fotoklub.pl\/?attachment_id=5111\" class=\"wp-image-5111\" srcset=\"https:\/\/www.jurajski-fotoklub.pl\/wp-content\/uploads\/2024\/08\/IMG_20211002_073843ax-1024x685.jpg 1024w, https:\/\/www.jurajski-fotoklub.pl\/wp-content\/uploads\/2024\/08\/IMG_20211002_073843ax-300x201.jpg 300w, https:\/\/www.jurajski-fotoklub.pl\/wp-content\/uploads\/2024\/08\/IMG_20211002_073843ax-768x514.jpg 768w, https:\/\/www.jurajski-fotoklub.pl\/wp-content\/uploads\/2024\/08\/IMG_20211002_073843ax-1536x1027.jpg 1536w, https:\/\/www.jurajski-fotoklub.pl\/wp-content\/uploads\/2024\/08\/IMG_20211002_073843ax.jpg 1600w\" sizes=\"auto, (max-width: 1024px) 100vw, 1024px\" \/><figcaption class=\"blocks-gallery-item__caption\">Nina Mazu\u015b<\/figcaption><\/figure><\/li><\/ul><\/figure>\n\n\n\n<p>Przypominamy, \u017ce nast\u0119pnym tematem naszego konkursu fotograficznego (wrze\u015bniowego) jest &#8222;ABSTRAKCJA&#8221;<\/p>\n","protected":false},"excerpt":{"rendered":"<p>I miejsce otrzyma\u0142a Olga Cegielska otrzymuj\u0105c za nagrodzone zdj\u0119cia 15 pkt, II miejsce otrzyma\u0142 Andrzej Szl\u0119zak, otrzymuj\u0105c za nagrodzone zdj\u0119cia 11 pkt, III miejsce otrzyma\u0142a Ewa Sitkowska, otrzymuj\u0105c za nagrodzone zdj\u0119cia 7 pkt IV miejsce otrzyma\u0142y: Nina Mazu\u015b i Krystyna Jachura, otrzymuj\u0105c za nagrodzone zdj\u0119cia 4 pkt V miejsce otrzyma\u0142 Marek Chudzik, otrzymuj\u0105c za nagrodzone [&hellip;]<\/p>\n","protected":false},"author":13,"featured_media":0,"comment_status":"open","ping_status":"open","sticky":false,"template":"","format":"standard","meta":{"footnotes":""},"categories":[25],"tags":[],"class_list":["post-5101","post","type-post","status-publish","format-standard","hentry","category-konkurs"],"_links":{"self":[{"href":"https:\/\/www.jurajski-fotoklub.pl\/index.php\/wp-json\/wp\/v2\/posts\/5101","targetHints":{"allow":["GET"]}}],"collection":[{"href":"https:\/\/www.jurajski-fotoklub.pl\/index.php\/wp-json\/wp\/v2\/posts"}],"about":[{"href":"https:\/\/www.jurajski-fotoklub.pl\/index.php\/wp-json\/wp\/v2\/types\/post"}],"author":[{"embeddable":true,"href":"https:\/\/www.jurajski-fotoklub.pl\/index.php\/wp-json\/wp\/v2\/users\/13"}],"replies":[{"embeddable":true,"href":"https:\/\/www.jurajski-fotoklub.pl\/index.php\/wp-json\/wp\/v2\/comments?post=5101"}],"version-history":[{"count":4,"href":"https:\/\/www.jurajski-fotoklub.pl\/index.php\/wp-json\/wp\/v2\/posts\/5101\/revisions"}],"predecessor-version":[{"id":5131,"href":"https:\/\/www.jurajski-fotoklub.pl\/index.php\/wp-json\/wp\/v2\/posts\/5101\/revisions\/5131"}],"wp:attachment":[{"href":"https:\/\/www.jurajski-fotoklub.pl\/index.php\/wp-json\/wp\/v2\/media?parent=5101"}],"wp:term":[{"taxonomy":"category","embeddable":true,"href":"https:\/\/www.jurajski-fotoklub.pl\/index.php\/wp-json\/wp\/v2\/categories?post=5101"},{"taxonomy":"post_tag","embeddable":true,"href":"https:\/\/www.jurajski-fotoklub.pl\/index.php\/wp-json\/wp\/v2\/tags?post=5101"}],"curies":[{"name":"wp","href":"https:\/\/api.w.org\/{rel}","templated":true}]}}