{"id":5133,"date":"2024-12-18T01:40:10","date_gmt":"2024-12-18T00:40:10","guid":{"rendered":"https:\/\/www.jurajski-fotoklub.pl\/?p=5133"},"modified":"2025-01-10T18:37:38","modified_gmt":"2025-01-10T17:37:38","slug":"wesolych-swiat-2","status":"publish","type":"post","link":"https:\/\/www.jurajski-fotoklub.pl\/index.php\/wesolych-swiat-2\/","title":{"rendered":"Weso\u0142ych \u015awi\u0105t 2024"},"content":{"rendered":"\n<figure class=\"wp-block-gallery columns-1 is-cropped wp-block-gallery-1 is-layout-flex wp-block-gallery-is-layout-flex\"><ul class=\"blocks-gallery-grid\"><li class=\"blocks-gallery-item\"><figure><img loading=\"lazy\" decoding=\"async\" width=\"1024\" height=\"717\" src=\"https:\/\/www.jurajski-fotoklub.pl\/wp-content\/uploads\/2024\/12\/Kartka-dla-JFK-2024na25-1024x717.jpg\" alt=\"\" data-id=\"5134\" data-full-url=\"https:\/\/www.jurajski-fotoklub.pl\/wp-content\/uploads\/2024\/12\/Kartka-dla-JFK-2024na25-scaled.jpg\" data-link=\"https:\/\/www.jurajski-fotoklub.pl\/?attachment_id=5134\" class=\"wp-image-5134\" srcset=\"https:\/\/www.jurajski-fotoklub.pl\/wp-content\/uploads\/2024\/12\/Kartka-dla-JFK-2024na25-1024x717.jpg 1024w, https:\/\/www.jurajski-fotoklub.pl\/wp-content\/uploads\/2024\/12\/Kartka-dla-JFK-2024na25-300x210.jpg 300w, https:\/\/www.jurajski-fotoklub.pl\/wp-content\/uploads\/2024\/12\/Kartka-dla-JFK-2024na25-768x538.jpg 768w, https:\/\/www.jurajski-fotoklub.pl\/wp-content\/uploads\/2024\/12\/Kartka-dla-JFK-2024na25-1536x1075.jpg 1536w, https:\/\/www.jurajski-fotoklub.pl\/wp-content\/uploads\/2024\/12\/Kartka-dla-JFK-2024na25-2048x1434.jpg 2048w\" sizes=\"auto, (max-width: 1024px) 100vw, 1024px\" \/><\/figure><\/li><\/ul><\/figure>\n","protected":false},"excerpt":{"rendered":"","protected":false},"author":13,"featured_media":0,"comment_status":"open","ping_status":"open","sticky":false,"template":"","format":"standard","meta":{"footnotes":""},"categories":[1],"tags":[],"class_list":["post-5133","post","type-post","status-publish","format-standard","hentry","category-uncategorized"],"_links":{"self":[{"href":"https:\/\/www.jurajski-fotoklub.pl\/index.php\/wp-json\/wp\/v2\/posts\/5133","targetHints":{"allow":["GET"]}}],"collection":[{"href":"https:\/\/www.jurajski-fotoklub.pl\/index.php\/wp-json\/wp\/v2\/posts"}],"about":[{"href":"https:\/\/www.jurajski-fotoklub.pl\/index.php\/wp-json\/wp\/v2\/types\/post"}],"author":[{"embeddable":true,"href":"https:\/\/www.jurajski-fotoklub.pl\/index.php\/wp-json\/wp\/v2\/users\/13"}],"replies":[{"embeddable":true,"href":"https:\/\/www.jurajski-fotoklub.pl\/index.php\/wp-json\/wp\/v2\/comments?post=5133"}],"version-history":[{"count":2,"href":"https:\/\/www.jurajski-fotoklub.pl\/index.php\/wp-json\/wp\/v2\/posts\/5133\/revisions"}],"predecessor-version":[{"id":5261,"href":"https:\/\/www.jurajski-fotoklub.pl\/index.php\/wp-json\/wp\/v2\/posts\/5133\/revisions\/5261"}],"wp:attachment":[{"href":"https:\/\/www.jurajski-fotoklub.pl\/index.php\/wp-json\/wp\/v2\/media?parent=5133"}],"wp:term":[{"taxonomy":"category","embeddable":true,"href":"https:\/\/www.jurajski-fotoklub.pl\/index.php\/wp-json\/wp\/v2\/categories?post=5133"},{"taxonomy":"post_tag","embeddable":true,"href":"https:\/\/www.jurajski-fotoklub.pl\/index.php\/wp-json\/wp\/v2\/tags?post=5133"}],"curies":[{"name":"wp","href":"https:\/\/api.w.org\/{rel}","templated":true}]}}