{"id":5141,"date":"2025-01-07T17:40:07","date_gmt":"2025-01-07T16:40:07","guid":{"rendered":"https:\/\/www.jurajski-fotoklub.pl\/?p=5141"},"modified":"2025-01-10T18:37:55","modified_gmt":"2025-01-10T17:37:55","slug":"spotkanie-z-astrofotografia","status":"publish","type":"post","link":"https:\/\/www.jurajski-fotoklub.pl\/index.php\/spotkanie-z-astrofotografia\/","title":{"rendered":"Spotkanie z Astrofotografi\u0105 2025"},"content":{"rendered":"\n<p>Jednym z najciekawszych punkt\u00f3w spotkania na zebraniu cz\u0142onk\u00f3w Jurajskiego Fotoklubu Cz\u0119stochowa, w dniu 13 stycznia br, o godz. 18;00 b\u0119dzie wyk\u0142ad-warsztaty prowadzone przez jednego z cz\u0142onk\u00f3w naszego Fotoklubu &#8211; Marka Chudzika, kt\u00f3rego pasj\u0105 jest astrofotografia.<\/p>\n\n\n\n<p>&#8222;Do zrobienia zdj\u0119cia nocnego nieba wcale nie potrzeba teleskop\u00f3w za dziesi\u0105tki tysi\u0119cy z\u0142otych. Wystarczy posiada\u0107 prosty aparat (nawet telefon) i p\u00f3j\u015b\u0107 na moje warsztaty z astrofotografii, \u017ceby wykona\u0107 swoje pierwsze zdj\u0119cie kosmosu&#8221;- pisze Marek. Czy rzeczywi\u015bcie? Przekonajmy si\u0119 bior\u0105c udzia\u0142 w spotkaniu, a nast\u0119pnie spr\u00f3bujmy zrobi\u0107 swoje najbardziej kosmiczne zdj\u0119cie. Zapraszamy.<\/p>\n\n\n\n<figure class=\"wp-block-gallery columns-1 is-cropped wp-block-gallery-1 is-layout-flex wp-block-gallery-is-layout-flex\"><ul class=\"blocks-gallery-grid\"><li class=\"blocks-gallery-item\"><figure><img loading=\"lazy\" decoding=\"async\" width=\"725\" height=\"1024\" src=\"https:\/\/www.jurajski-fotoklub.pl\/wp-content\/uploads\/2025\/01\/472279785_1020625436769111_192836064880485183_n-725x1024.jpg\" alt=\"\" data-id=\"5142\" data-full-url=\"https:\/\/www.jurajski-fotoklub.pl\/wp-content\/uploads\/2025\/01\/472279785_1020625436769111_192836064880485183_n.jpg\" data-link=\"https:\/\/www.jurajski-fotoklub.pl\/?attachment_id=5142\" class=\"wp-image-5142\" srcset=\"https:\/\/www.jurajski-fotoklub.pl\/wp-content\/uploads\/2025\/01\/472279785_1020625436769111_192836064880485183_n-725x1024.jpg 725w, https:\/\/www.jurajski-fotoklub.pl\/wp-content\/uploads\/2025\/01\/472279785_1020625436769111_192836064880485183_n-212x300.jpg 212w, https:\/\/www.jurajski-fotoklub.pl\/wp-content\/uploads\/2025\/01\/472279785_1020625436769111_192836064880485183_n-768x1085.jpg 768w, https:\/\/www.jurajski-fotoklub.pl\/wp-content\/uploads\/2025\/01\/472279785_1020625436769111_192836064880485183_n-1087x1536.jpg 1087w, https:\/\/www.jurajski-fotoklub.pl\/wp-content\/uploads\/2025\/01\/472279785_1020625436769111_192836064880485183_n.jpg 1449w\" sizes=\"auto, (max-width: 725px) 100vw, 725px\" \/><\/figure><\/li><\/ul><\/figure>\n","protected":false},"excerpt":{"rendered":"<p>Jednym z najciekawszych punkt\u00f3w spotkania na zebraniu cz\u0142onk\u00f3w Jurajskiego Fotoklubu Cz\u0119stochowa, w dniu 13 stycznia br, o godz. 18;00 b\u0119dzie wyk\u0142ad-warsztaty prowadzone przez jednego z cz\u0142onk\u00f3w naszego Fotoklubu &#8211; Marka Chudzika, kt\u00f3rego pasj\u0105 jest astrofotografia. &#8222;Do zrobienia zdj\u0119cia nocnego nieba wcale nie potrzeba teleskop\u00f3w za dziesi\u0105tki tysi\u0119cy z\u0142otych. Wystarczy posiada\u0107 prosty aparat (nawet telefon) i [&hellip;]<\/p>\n","protected":false},"author":13,"featured_media":0,"comment_status":"open","ping_status":"open","sticky":false,"template":"","format":"standard","meta":{"footnotes":""},"categories":[60],"tags":[],"class_list":["post-5141","post","type-post","status-publish","format-standard","hentry","category-spotkania-cykliczne"],"_links":{"self":[{"href":"https:\/\/www.jurajski-fotoklub.pl\/index.php\/wp-json\/wp\/v2\/posts\/5141","targetHints":{"allow":["GET"]}}],"collection":[{"href":"https:\/\/www.jurajski-fotoklub.pl\/index.php\/wp-json\/wp\/v2\/posts"}],"about":[{"href":"https:\/\/www.jurajski-fotoklub.pl\/index.php\/wp-json\/wp\/v2\/types\/post"}],"author":[{"embeddable":true,"href":"https:\/\/www.jurajski-fotoklub.pl\/index.php\/wp-json\/wp\/v2\/users\/13"}],"replies":[{"embeddable":true,"href":"https:\/\/www.jurajski-fotoklub.pl\/index.php\/wp-json\/wp\/v2\/comments?post=5141"}],"version-history":[{"count":2,"href":"https:\/\/www.jurajski-fotoklub.pl\/index.php\/wp-json\/wp\/v2\/posts\/5141\/revisions"}],"predecessor-version":[{"id":5262,"href":"https:\/\/www.jurajski-fotoklub.pl\/index.php\/wp-json\/wp\/v2\/posts\/5141\/revisions\/5262"}],"wp:attachment":[{"href":"https:\/\/www.jurajski-fotoklub.pl\/index.php\/wp-json\/wp\/v2\/media?parent=5141"}],"wp:term":[{"taxonomy":"category","embeddable":true,"href":"https:\/\/www.jurajski-fotoklub.pl\/index.php\/wp-json\/wp\/v2\/categories?post=5141"},{"taxonomy":"post_tag","embeddable":true,"href":"https:\/\/www.jurajski-fotoklub.pl\/index.php\/wp-json\/wp\/v2\/tags?post=5141"}],"curies":[{"name":"wp","href":"https:\/\/api.w.org\/{rel}","templated":true}]}}