{"id":5360,"date":"2025-04-13T10:27:22","date_gmt":"2025-04-13T08:27:22","guid":{"rendered":"https:\/\/www.jurajski-fotoklub.pl\/?p=5360"},"modified":"2025-04-13T10:27:22","modified_gmt":"2025-04-13T08:27:22","slug":"wielkanoc-2025-zyczenia-swiateczne","status":"publish","type":"post","link":"https:\/\/www.jurajski-fotoklub.pl\/index.php\/wielkanoc-2025-zyczenia-swiateczne\/","title":{"rendered":"Wielkanoc 2025, \u017cyczenia \u015bwi\u0105teczne"},"content":{"rendered":"\n<figure class=\"wp-block-image size-full\"><img loading=\"lazy\" decoding=\"async\" width=\"880\" height=\"597\" src=\"https:\/\/www.jurajski-fotoklub.pl\/wp-content\/uploads\/2025\/04\/Kartka-Wielkanocna-2025.jpg\" alt=\"\" class=\"wp-image-5362\" srcset=\"https:\/\/www.jurajski-fotoklub.pl\/wp-content\/uploads\/2025\/04\/Kartka-Wielkanocna-2025.jpg 880w, https:\/\/www.jurajski-fotoklub.pl\/wp-content\/uploads\/2025\/04\/Kartka-Wielkanocna-2025-300x204.jpg 300w, https:\/\/www.jurajski-fotoklub.pl\/wp-content\/uploads\/2025\/04\/Kartka-Wielkanocna-2025-768x521.jpg 768w\" sizes=\"auto, (max-width: 880px) 100vw, 880px\" \/><\/figure>\n","protected":false},"excerpt":{"rendered":"","protected":false},"author":13,"featured_media":0,"comment_status":"open","ping_status":"open","sticky":false,"template":"","format":"standard","meta":{"footnotes":""},"categories":[1],"tags":[],"class_list":["post-5360","post","type-post","status-publish","format-standard","hentry","category-uncategorized"],"_links":{"self":[{"href":"https:\/\/www.jurajski-fotoklub.pl\/index.php\/wp-json\/wp\/v2\/posts\/5360","targetHints":{"allow":["GET"]}}],"collection":[{"href":"https:\/\/www.jurajski-fotoklub.pl\/index.php\/wp-json\/wp\/v2\/posts"}],"about":[{"href":"https:\/\/www.jurajski-fotoklub.pl\/index.php\/wp-json\/wp\/v2\/types\/post"}],"author":[{"embeddable":true,"href":"https:\/\/www.jurajski-fotoklub.pl\/index.php\/wp-json\/wp\/v2\/users\/13"}],"replies":[{"embeddable":true,"href":"https:\/\/www.jurajski-fotoklub.pl\/index.php\/wp-json\/wp\/v2\/comments?post=5360"}],"version-history":[{"count":2,"href":"https:\/\/www.jurajski-fotoklub.pl\/index.php\/wp-json\/wp\/v2\/posts\/5360\/revisions"}],"predecessor-version":[{"id":5363,"href":"https:\/\/www.jurajski-fotoklub.pl\/index.php\/wp-json\/wp\/v2\/posts\/5360\/revisions\/5363"}],"wp:attachment":[{"href":"https:\/\/www.jurajski-fotoklub.pl\/index.php\/wp-json\/wp\/v2\/media?parent=5360"}],"wp:term":[{"taxonomy":"category","embeddable":true,"href":"https:\/\/www.jurajski-fotoklub.pl\/index.php\/wp-json\/wp\/v2\/categories?post=5360"},{"taxonomy":"post_tag","embeddable":true,"href":"https:\/\/www.jurajski-fotoklub.pl\/index.php\/wp-json\/wp\/v2\/tags?post=5360"}],"curies":[{"name":"wp","href":"https:\/\/api.w.org\/{rel}","templated":true}]}}