{"id":5369,"date":"2025-06-05T17:01:02","date_gmt":"2025-06-05T15:01:02","guid":{"rendered":"https:\/\/www.jurajski-fotoklub.pl\/?p=5369"},"modified":"2025-06-05T17:03:51","modified_gmt":"2025-06-05T15:03:51","slug":"wernisaz-wystawy-neapol-amalfi-2024","status":"publish","type":"post","link":"https:\/\/www.jurajski-fotoklub.pl\/index.php\/wernisaz-wystawy-neapol-amalfi-2024\/","title":{"rendered":"Wernisa\u017c Wystawy NEAPOL-AMALFI 2024"},"content":{"rendered":"\n<p>Wernisa\u017c wystawy Neapol &#8211; Amalfi 2024 r. odby\u0142 si\u0119 w galerii Fotopobudka, w pierwszy poniedzia\u0142ek czerwca br.  Wystawa przedstawia prace wykonane w ramach pleneru organizowanego przez Jurajski Fotoklub Cz\u0119stochowa w czerwcu 2024 roku. Bra\u0142o w nim udzia\u0142 o\u015bmioro uczestnik\u00f3w, w tym sze\u015bcioro cz\u0142onk\u00f3w Jurajskiego Fotoklubu Cz-wa: S\u0142awomir Jod\u0142owski, El\u017cbieta Wojtczak-Sikora, Nina Mazu\u015b, Andrzej Szl\u0119zak, Olga i Krzysztof Cegielscy oraz Kole\u017canki z Warszawy: Ma\u0142gorzata Do\u0142owska i El\u017cbieta Rogaczewska <\/p>\n\n\n\n<p>Uczestnicy pleneru mieli okazj\u0119 fotografowa\u0107 w wielu atrakcyjnych miejscach Wybrze\u017ca Amalfita\u0144skiego i samego Neapolu. Mi\u0119dzy innymi w miejscowo\u015bciach Ravello, Positano, Sorento i Amalfi, a tak\u017ce na wyspie Capri i Proscida oraz z g\u00f3ry Castellmare Stabia, sk\u0105d roztacza si\u0119 pi\u0119kna panorama na okolice Neapolu. Cz\u0119\u015b\u0107 grupy zwiedzi\u0142a Pompeje.   Plener dostarczy\u0142 uczestnikom niezapomnianych widok\u00f3w, urokliwych wra\u017ce\u0144 i pozwoli\u0142 zasmakowa\u0107 prawdziwych w\u0142oskich klimat\u00f3w duchowych jak i kulinarnych. <\/p>\n\n\n\n<p>Wystaw\u0119 odwiedzi\u0107 mo\u017cna w Galerii FOTOPOBUDKA Regionalnego O\u015brodka Kultury w Cz\u0119stochowie w dniach 02.06. -30.06.2025 r.<\/p>\n\n\n\n<figure class=\"wp-block-gallery has-nested-images columns-default is-cropped wp-block-gallery-1 is-layout-flex wp-block-gallery-is-layout-flex\">\n<figure class=\"wp-block-image size-large\"><img loading=\"lazy\" decoding=\"async\" width=\"724\" height=\"1024\" data-id=\"5375\" src=\"https:\/\/www.jurajski-fotoklub.pl\/wp-content\/uploads\/2025\/06\/1-724x1024.jpg\" alt=\"\" class=\"wp-image-5375\" srcset=\"https:\/\/www.jurajski-fotoklub.pl\/wp-content\/uploads\/2025\/06\/1-724x1024.jpg 724w, https:\/\/www.jurajski-fotoklub.pl\/wp-content\/uploads\/2025\/06\/1-212x300.jpg 212w, https:\/\/www.jurajski-fotoklub.pl\/wp-content\/uploads\/2025\/06\/1-768x1086.jpg 768w, https:\/\/www.jurajski-fotoklub.pl\/wp-content\/uploads\/2025\/06\/1-1086x1536.jpg 1086w, https:\/\/www.jurajski-fotoklub.pl\/wp-content\/uploads\/2025\/06\/1.jpg 1448w\" sizes=\"auto, (max-width: 724px) 100vw, 724px\" \/><\/figure>\n\n\n\n<figure class=\"wp-block-image size-large\"><img loading=\"lazy\" decoding=\"async\" width=\"1024\" height=\"576\" data-id=\"5376\" src=\"https:\/\/www.jurajski-fotoklub.pl\/wp-content\/uploads\/2025\/06\/2-1024x576.jpg\" alt=\"\" class=\"wp-image-5376\" srcset=\"https:\/\/www.jurajski-fotoklub.pl\/wp-content\/uploads\/2025\/06\/2-1024x576.jpg 1024w, https:\/\/www.jurajski-fotoklub.pl\/wp-content\/uploads\/2025\/06\/2-300x169.jpg 300w, https:\/\/www.jurajski-fotoklub.pl\/wp-content\/uploads\/2025\/06\/2-768x432.jpg 768w, https:\/\/www.jurajski-fotoklub.pl\/wp-content\/uploads\/2025\/06\/2-1536x864.jpg 1536w, https:\/\/www.jurajski-fotoklub.pl\/wp-content\/uploads\/2025\/06\/2.jpg 2048w\" sizes=\"auto, (max-width: 1024px) 100vw, 1024px\" \/><\/figure>\n\n\n\n<figure class=\"wp-block-image size-large\"><img loading=\"lazy\" decoding=\"async\" width=\"2048\" height=\"1536\" data-id=\"5372\" src=\"https:\/\/www.jurajski-fotoklub.pl\/wp-content\/uploads\/2025\/06\/8-1024x768.jpg\" alt=\"\" class=\"wp-image-5372\" srcset=\"https:\/\/www.jurajski-fotoklub.pl\/wp-content\/uploads\/2025\/06\/8-1024x768.jpg 1024w, https:\/\/www.jurajski-fotoklub.pl\/wp-content\/uploads\/2025\/06\/8-300x225.jpg 300w, https:\/\/www.jurajski-fotoklub.pl\/wp-content\/uploads\/2025\/06\/8-200x150.jpg 200w, https:\/\/www.jurajski-fotoklub.pl\/wp-content\/uploads\/2025\/06\/8-768x576.jpg 768w, https:\/\/www.jurajski-fotoklub.pl\/wp-content\/uploads\/2025\/06\/8-1536x1152.jpg 1536w, https:\/\/www.jurajski-fotoklub.pl\/wp-content\/uploads\/2025\/06\/8.jpg 2048w\" sizes=\"auto, (max-width: 2048px) 100vw, 2048px\" \/><\/figure>\n\n\n\n<figure class=\"wp-block-image size-large\"><img loading=\"lazy\" decoding=\"async\" width=\"1024\" height=\"768\" data-id=\"5379\" src=\"https:\/\/www.jurajski-fotoklub.pl\/wp-content\/uploads\/2025\/06\/5-1024x768.jpg\" alt=\"\" class=\"wp-image-5379\" srcset=\"https:\/\/www.jurajski-fotoklub.pl\/wp-content\/uploads\/2025\/06\/5-1024x768.jpg 1024w, https:\/\/www.jurajski-fotoklub.pl\/wp-content\/uploads\/2025\/06\/5-300x225.jpg 300w, https:\/\/www.jurajski-fotoklub.pl\/wp-content\/uploads\/2025\/06\/5-200x150.jpg 200w, https:\/\/www.jurajski-fotoklub.pl\/wp-content\/uploads\/2025\/06\/5-768x576.jpg 768w, https:\/\/www.jurajski-fotoklub.pl\/wp-content\/uploads\/2025\/06\/5-1536x1152.jpg 1536w, https:\/\/www.jurajski-fotoklub.pl\/wp-content\/uploads\/2025\/06\/5.jpg 2048w\" sizes=\"auto, (max-width: 1024px) 100vw, 1024px\" \/><\/figure>\n\n\n\n<figure class=\"wp-block-image size-large\"><img loading=\"lazy\" decoding=\"async\" width=\"1024\" height=\"768\" data-id=\"5377\" src=\"https:\/\/www.jurajski-fotoklub.pl\/wp-content\/uploads\/2025\/06\/3-1024x768.jpg\" alt=\"\" class=\"wp-image-5377\" srcset=\"https:\/\/www.jurajski-fotoklub.pl\/wp-content\/uploads\/2025\/06\/3-1024x768.jpg 1024w, https:\/\/www.jurajski-fotoklub.pl\/wp-content\/uploads\/2025\/06\/3-300x225.jpg 300w, https:\/\/www.jurajski-fotoklub.pl\/wp-content\/uploads\/2025\/06\/3-200x150.jpg 200w, https:\/\/www.jurajski-fotoklub.pl\/wp-content\/uploads\/2025\/06\/3-768x576.jpg 768w, https:\/\/www.jurajski-fotoklub.pl\/wp-content\/uploads\/2025\/06\/3-1536x1152.jpg 1536w, https:\/\/www.jurajski-fotoklub.pl\/wp-content\/uploads\/2025\/06\/3.jpg 2048w\" sizes=\"auto, (max-width: 1024px) 100vw, 1024px\" \/><\/figure>\n\n\n\n<figure class=\"wp-block-image size-large\"><img loading=\"lazy\" decoding=\"async\" width=\"1024\" height=\"576\" data-id=\"5378\" src=\"https:\/\/www.jurajski-fotoklub.pl\/wp-content\/uploads\/2025\/06\/4-1024x576.jpg\" alt=\"\" class=\"wp-image-5378\" srcset=\"https:\/\/www.jurajski-fotoklub.pl\/wp-content\/uploads\/2025\/06\/4-1024x576.jpg 1024w, https:\/\/www.jurajski-fotoklub.pl\/wp-content\/uploads\/2025\/06\/4-300x169.jpg 300w, https:\/\/www.jurajski-fotoklub.pl\/wp-content\/uploads\/2025\/06\/4-768x432.jpg 768w, https:\/\/www.jurajski-fotoklub.pl\/wp-content\/uploads\/2025\/06\/4-1536x864.jpg 1536w, https:\/\/www.jurajski-fotoklub.pl\/wp-content\/uploads\/2025\/06\/4.jpg 2048w\" sizes=\"auto, (max-width: 1024px) 100vw, 1024px\" \/><\/figure>\n\n\n\n<figure class=\"wp-block-image size-large\"><img loading=\"lazy\" decoding=\"async\" width=\"768\" height=\"1024\" data-id=\"5370\" src=\"https:\/\/www.jurajski-fotoklub.pl\/wp-content\/uploads\/2025\/06\/6-768x1024.jpg\" alt=\"\" class=\"wp-image-5370\" srcset=\"https:\/\/www.jurajski-fotoklub.pl\/wp-content\/uploads\/2025\/06\/6-768x1024.jpg 768w, https:\/\/www.jurajski-fotoklub.pl\/wp-content\/uploads\/2025\/06\/6-225x300.jpg 225w, https:\/\/www.jurajski-fotoklub.pl\/wp-content\/uploads\/2025\/06\/6-1152x1536.jpg 1152w, https:\/\/www.jurajski-fotoklub.pl\/wp-content\/uploads\/2025\/06\/6.jpg 1536w\" sizes=\"auto, (max-width: 768px) 100vw, 768px\" \/><\/figure>\n\n\n\n<figure class=\"wp-block-image size-large\"><img loading=\"lazy\" decoding=\"async\" width=\"768\" height=\"1024\" data-id=\"5371\" src=\"https:\/\/www.jurajski-fotoklub.pl\/wp-content\/uploads\/2025\/06\/7-768x1024.jpg\" alt=\"\" class=\"wp-image-5371\" srcset=\"https:\/\/www.jurajski-fotoklub.pl\/wp-content\/uploads\/2025\/06\/7-768x1024.jpg 768w, https:\/\/www.jurajski-fotoklub.pl\/wp-content\/uploads\/2025\/06\/7-225x300.jpg 225w, https:\/\/www.jurajski-fotoklub.pl\/wp-content\/uploads\/2025\/06\/7-1152x1536.jpg 1152w, https:\/\/www.jurajski-fotoklub.pl\/wp-content\/uploads\/2025\/06\/7.jpg 1536w\" sizes=\"auto, (max-width: 768px) 100vw, 768px\" \/><\/figure>\n\n\n\n<figure class=\"wp-block-image size-large\"><img loading=\"lazy\" decoding=\"async\" width=\"1024\" height=\"576\" data-id=\"5373\" src=\"https:\/\/www.jurajski-fotoklub.pl\/wp-content\/uploads\/2025\/06\/9-1024x576.jpg\" alt=\"\" class=\"wp-image-5373\" srcset=\"https:\/\/www.jurajski-fotoklub.pl\/wp-content\/uploads\/2025\/06\/9-1024x576.jpg 1024w, https:\/\/www.jurajski-fotoklub.pl\/wp-content\/uploads\/2025\/06\/9-300x169.jpg 300w, https:\/\/www.jurajski-fotoklub.pl\/wp-content\/uploads\/2025\/06\/9-768x432.jpg 768w, https:\/\/www.jurajski-fotoklub.pl\/wp-content\/uploads\/2025\/06\/9-1536x864.jpg 1536w, https:\/\/www.jurajski-fotoklub.pl\/wp-content\/uploads\/2025\/06\/9.jpg 2048w\" sizes=\"auto, (max-width: 1024px) 100vw, 1024px\" \/><\/figure>\n\n\n\n<figure class=\"wp-block-image size-large\"><img loading=\"lazy\" decoding=\"async\" width=\"1024\" height=\"768\" data-id=\"5374\" src=\"https:\/\/www.jurajski-fotoklub.pl\/wp-content\/uploads\/2025\/06\/10-1024x768.jpg\" alt=\"\" class=\"wp-image-5374\" srcset=\"https:\/\/www.jurajski-fotoklub.pl\/wp-content\/uploads\/2025\/06\/10-1024x768.jpg 1024w, https:\/\/www.jurajski-fotoklub.pl\/wp-content\/uploads\/2025\/06\/10-300x225.jpg 300w, https:\/\/www.jurajski-fotoklub.pl\/wp-content\/uploads\/2025\/06\/10-200x150.jpg 200w, https:\/\/www.jurajski-fotoklub.pl\/wp-content\/uploads\/2025\/06\/10-768x576.jpg 768w, https:\/\/www.jurajski-fotoklub.pl\/wp-content\/uploads\/2025\/06\/10-1536x1152.jpg 1536w, https:\/\/www.jurajski-fotoklub.pl\/wp-content\/uploads\/2025\/06\/10.jpg 2048w\" sizes=\"auto, (max-width: 1024px) 100vw, 1024px\" \/><\/figure>\n<\/figure>\n\n\n\n<p>Zapraszamy<\/p>\n","protected":false},"excerpt":{"rendered":"<p>Wernisa\u017c wystawy Neapol &#8211; Amalfi 2024 r. odby\u0142 si\u0119 w galerii Fotopobudka, w pierwszy poniedzia\u0142ek czerwca br. Wystawa przedstawia prace wykonane w ramach pleneru organizowanego przez Jurajski Fotoklub Cz\u0119stochowa w czerwcu 2024 roku. Bra\u0142o w nim udzia\u0142 o\u015bmioro uczestnik\u00f3w, w tym sze\u015bcioro cz\u0142onk\u00f3w Jurajskiego Fotoklubu Cz-wa: S\u0142awomir Jod\u0142owski, El\u017cbieta Wojtczak-Sikora, Nina Mazu\u015b, Andrzej Szl\u0119zak, Olga [&hellip;]<\/p>\n","protected":false},"author":13,"featured_media":0,"comment_status":"open","ping_status":"open","sticky":false,"template":"","format":"standard","meta":{"footnotes":""},"categories":[31,24],"tags":[],"class_list":["post-5369","post","type-post","status-publish","format-standard","hentry","category-plener-3","category-wystawa"],"_links":{"self":[{"href":"https:\/\/www.jurajski-fotoklub.pl\/index.php\/wp-json\/wp\/v2\/posts\/5369","targetHints":{"allow":["GET"]}}],"collection":[{"href":"https:\/\/www.jurajski-fotoklub.pl\/index.php\/wp-json\/wp\/v2\/posts"}],"about":[{"href":"https:\/\/www.jurajski-fotoklub.pl\/index.php\/wp-json\/wp\/v2\/types\/post"}],"author":[{"embeddable":true,"href":"https:\/\/www.jurajski-fotoklub.pl\/index.php\/wp-json\/wp\/v2\/users\/13"}],"replies":[{"embeddable":true,"href":"https:\/\/www.jurajski-fotoklub.pl\/index.php\/wp-json\/wp\/v2\/comments?post=5369"}],"version-history":[{"count":1,"href":"https:\/\/www.jurajski-fotoklub.pl\/index.php\/wp-json\/wp\/v2\/posts\/5369\/revisions"}],"predecessor-version":[{"id":5380,"href":"https:\/\/www.jurajski-fotoklub.pl\/index.php\/wp-json\/wp\/v2\/posts\/5369\/revisions\/5380"}],"wp:attachment":[{"href":"https:\/\/www.jurajski-fotoklub.pl\/index.php\/wp-json\/wp\/v2\/media?parent=5369"}],"wp:term":[{"taxonomy":"category","embeddable":true,"href":"https:\/\/www.jurajski-fotoklub.pl\/index.php\/wp-json\/wp\/v2\/categories?post=5369"},{"taxonomy":"post_tag","embeddable":true,"href":"https:\/\/www.jurajski-fotoklub.pl\/index.php\/wp-json\/wp\/v2\/tags?post=5369"}],"curies":[{"name":"wp","href":"https:\/\/api.w.org\/{rel}","templated":true}]}}