{"id":5386,"date":"2025-07-07T17:48:52","date_gmt":"2025-07-07T15:48:52","guid":{"rendered":"https:\/\/www.jurajski-fotoklub.pl\/?p=5386"},"modified":"2025-07-07T17:49:49","modified_gmt":"2025-07-07T15:49:49","slug":"konkurs-fotograficzny-czerwiec-2025-r-spojrz-w-niebo","status":"publish","type":"post","link":"https:\/\/www.jurajski-fotoklub.pl\/index.php\/konkurs-fotograficzny-czerwiec-2025-r-spojrz-w-niebo\/","title":{"rendered":"Konkurs fotograficzny czerwiec 2025 r. &#8222;Sp\u00f3jrz w niebo&#8221;"},"content":{"rendered":"\n<p>Podajemy do wiadomo\u015bci wyniki kwartalnego konkursu fotograficznego \u2013 edycji czerwcowej. Konkurs odby\u0142 si\u0119 2 czerwca w siedzibie JFCz-wa (tradycyjnie w poniedzia\u0142ek), a nosi\u0142 tytu\u0142: \u201eSP\u00d3JRZ W NIEBO\u201d.<\/p>\n\n\n\n<p>Swoje prace pokazali cz\u0142onkowie naszego foto-klubu, zajmuj\u0105c w tego miesi\u0119cznej konkurencji kolejne miejsca:<\/p>\n\n\n\n<p>1. Pierwsze miejsce zaj\u0119\u0142y ex aequo: Olga Cegielska i Krystyna Jachura, zdobywaj\u0105c po14 pkt.<\/p>\n\n\n\n<p>2. Drugie miejsce zaj\u0105\u0142 Kamil Skrzypczyk, zdobywaj\u0105c 9 pkt.<\/p>\n\n\n\n<p>3. Trzecie miejsce przypad\u0142o Ewie Sitkowskiej, kt\u00f3ra zdoby\u0142a 8 pkt.<\/p>\n\n\n\n<p>4. Czwarte miejsce zaj\u0119\u0142a Marta Parkitna za zdobycie 5 pkt.<\/p>\n\n\n\n<div class=\"wp-block-group\"><div class=\"wp-block-group__inner-container is-layout-constrained wp-block-group-is-layout-constrained\">\n<p>Serdecznie gratulujemy uczestnikom i zwyci\u0119zcom. Przypominamy, \u017ce nast\u0119pny konkurs odb\u0119dzie si\u0119 ju\u017c po wakacjach, w pierwszy poniedzia\u0142ek wrze\u015bnia. Tytu\u0142em wrze\u015bniowego konkursu b\u0119d\u0105: \u201e\u017bywio\u0142y\u201d. Zapraszamy wszystkich ch\u0119tnych do udzia\u0142u.<\/p>\n<\/div><\/div>\n","protected":false},"excerpt":{"rendered":"<p>Podajemy do wiadomo\u015bci wyniki kwartalnego konkursu fotograficznego \u2013 edycji czerwcowej. Konkurs odby\u0142 si\u0119 2 czerwca w siedzibie JFCz-wa (tradycyjnie w poniedzia\u0142ek), a nosi\u0142 tytu\u0142: \u201eSP\u00d3JRZ W NIEBO\u201d. Swoje prace pokazali cz\u0142onkowie naszego foto-klubu, zajmuj\u0105c w tego miesi\u0119cznej konkurencji kolejne miejsca: 1. Pierwsze miejsce zaj\u0119\u0142y ex aequo: Olga Cegielska i Krystyna Jachura, zdobywaj\u0105c po14 pkt. 2. [&hellip;]<\/p>\n","protected":false},"author":13,"featured_media":0,"comment_status":"open","ping_status":"open","sticky":false,"template":"","format":"standard","meta":{"footnotes":""},"categories":[25],"tags":[],"class_list":["post-5386","post","type-post","status-publish","format-standard","hentry","category-konkurs"],"_links":{"self":[{"href":"https:\/\/www.jurajski-fotoklub.pl\/index.php\/wp-json\/wp\/v2\/posts\/5386","targetHints":{"allow":["GET"]}}],"collection":[{"href":"https:\/\/www.jurajski-fotoklub.pl\/index.php\/wp-json\/wp\/v2\/posts"}],"about":[{"href":"https:\/\/www.jurajski-fotoklub.pl\/index.php\/wp-json\/wp\/v2\/types\/post"}],"author":[{"embeddable":true,"href":"https:\/\/www.jurajski-fotoklub.pl\/index.php\/wp-json\/wp\/v2\/users\/13"}],"replies":[{"embeddable":true,"href":"https:\/\/www.jurajski-fotoklub.pl\/index.php\/wp-json\/wp\/v2\/comments?post=5386"}],"version-history":[{"count":2,"href":"https:\/\/www.jurajski-fotoklub.pl\/index.php\/wp-json\/wp\/v2\/posts\/5386\/revisions"}],"predecessor-version":[{"id":5388,"href":"https:\/\/www.jurajski-fotoklub.pl\/index.php\/wp-json\/wp\/v2\/posts\/5386\/revisions\/5388"}],"wp:attachment":[{"href":"https:\/\/www.jurajski-fotoklub.pl\/index.php\/wp-json\/wp\/v2\/media?parent=5386"}],"wp:term":[{"taxonomy":"category","embeddable":true,"href":"https:\/\/www.jurajski-fotoklub.pl\/index.php\/wp-json\/wp\/v2\/categories?post=5386"},{"taxonomy":"post_tag","embeddable":true,"href":"https:\/\/www.jurajski-fotoklub.pl\/index.php\/wp-json\/wp\/v2\/tags?post=5386"}],"curies":[{"name":"wp","href":"https:\/\/api.w.org\/{rel}","templated":true}]}}