{"id":5528,"date":"2026-03-11T15:54:35","date_gmt":"2026-03-11T14:54:35","guid":{"rendered":"https:\/\/www.jurajski-fotoklub.pl\/?p=5528"},"modified":"2026-03-11T15:54:35","modified_gmt":"2026-03-11T14:54:35","slug":"wazna-informacja","status":"publish","type":"post","link":"https:\/\/www.jurajski-fotoklub.pl\/index.php\/wazna-informacja\/","title":{"rendered":"Wa\u017cna Informacja"},"content":{"rendered":"\n<p>Zarz\u0105d Jurajskiego Fotoklubu Cz\u0119stochowa informuje, \u017ce w dn.13.04.2026 o godz. 18.00, odb\u0119dzie si\u0119 Walne Zebranie cz\u0142onk\u00f3w JF-Czwa.<\/p>\n\n\n\n<p>Odczytane zostan\u0105 sprawozdania merytoryczne i finansowe z dzia\u0142alno\u015bci naszego Fotoklubu w ubieg\u0142ym roku.<\/p>\n\n\n\n<p>Obecno\u015b\u0107 wszystkich cz\u0142onk\u00f3w JF-Czwa obowi\u0105zkowa. Prosimy o liczne przybycie.<\/p>\n","protected":false},"excerpt":{"rendered":"<p>Zarz\u0105d Jurajskiego Fotoklubu Cz\u0119stochowa informuje, \u017ce w dn.13.04.2026 o godz. 18.00, odb\u0119dzie si\u0119 Walne Zebranie cz\u0142onk\u00f3w JF-Czwa. Odczytane zostan\u0105 sprawozdania merytoryczne i finansowe z dzia\u0142alno\u015bci naszego Fotoklubu w ubieg\u0142ym roku. Obecno\u015b\u0107 wszystkich cz\u0142onk\u00f3w JF-Czwa obowi\u0105zkowa. Prosimy o liczne przybycie.<\/p>\n","protected":false},"author":13,"featured_media":0,"comment_status":"open","ping_status":"open","sticky":false,"template":"","format":"standard","meta":{"footnotes":""},"categories":[1],"tags":[],"class_list":["post-5528","post","type-post","status-publish","format-standard","hentry","category-uncategorized"],"_links":{"self":[{"href":"https:\/\/www.jurajski-fotoklub.pl\/index.php\/wp-json\/wp\/v2\/posts\/5528","targetHints":{"allow":["GET"]}}],"collection":[{"href":"https:\/\/www.jurajski-fotoklub.pl\/index.php\/wp-json\/wp\/v2\/posts"}],"about":[{"href":"https:\/\/www.jurajski-fotoklub.pl\/index.php\/wp-json\/wp\/v2\/types\/post"}],"author":[{"embeddable":true,"href":"https:\/\/www.jurajski-fotoklub.pl\/index.php\/wp-json\/wp\/v2\/users\/13"}],"replies":[{"embeddable":true,"href":"https:\/\/www.jurajski-fotoklub.pl\/index.php\/wp-json\/wp\/v2\/comments?post=5528"}],"version-history":[{"count":1,"href":"https:\/\/www.jurajski-fotoklub.pl\/index.php\/wp-json\/wp\/v2\/posts\/5528\/revisions"}],"predecessor-version":[{"id":5529,"href":"https:\/\/www.jurajski-fotoklub.pl\/index.php\/wp-json\/wp\/v2\/posts\/5528\/revisions\/5529"}],"wp:attachment":[{"href":"https:\/\/www.jurajski-fotoklub.pl\/index.php\/wp-json\/wp\/v2\/media?parent=5528"}],"wp:term":[{"taxonomy":"category","embeddable":true,"href":"https:\/\/www.jurajski-fotoklub.pl\/index.php\/wp-json\/wp\/v2\/categories?post=5528"},{"taxonomy":"post_tag","embeddable":true,"href":"https:\/\/www.jurajski-fotoklub.pl\/index.php\/wp-json\/wp\/v2\/tags?post=5528"}],"curies":[{"name":"wp","href":"https:\/\/api.w.org\/{rel}","templated":true}]}}